{"id":1208,"date":"2024-04-14T20:58:49","date_gmt":"2024-04-14T20:58:49","guid":{"rendered":"https:\/\/meditantes.com.br\/news\/?p=1208"},"modified":"2024-04-16T09:40:45","modified_gmt":"2024-04-16T09:40:45","slug":"meditacao-e-os-chakras-meditantes-podcast-55","status":"publish","type":"post","link":"https:\/\/meditantes.com.br\/news\/?p=1208","title":{"rendered":"Medita\u00e7\u00e3o e os Chakras &#8211; Meditantes PodCast #55"},"content":{"rendered":"\n<p><em>A Medita\u00e7\u00e3o e os Chakras est\u00e3o frequentemente interligados em pr\u00e1ticas espirituais e de desenvolvimento pessoal. Prema e Abhishek, contam tudo sobre essa rela\u00e7\u00e3o no episodio #55 do Meditantes PodCast. Apresenta\u00e7\u00e3o de Dom\u00edcio Shanti-Rham.<\/em><a href=\"https:\/\/www.youtube.com\/@meditantespodcast\"><\/a><\/p>\n\n\n\n<figure class=\"wp-block-embed is-type-video is-provider-youtube wp-block-embed-youtube wp-embed-aspect-16-9 wp-has-aspect-ratio\"><div class=\"wp-block-embed__wrapper\">\n<iframe loading=\"lazy\" title=\"Medita\u00e7\u00e3o e os Chakras - Meditantes PodCast #55\" width=\"500\" height=\"281\" src=\"https:\/\/www.youtube.com\/embed\/2pwPvjIS0-U?list=PLjXLCSmO7rtoEDLZAKDg02GQeRrBfwRA2\" frameborder=\"0\" allow=\"accelerometer; autoplay; clipboard-write; encrypted-media; gyroscope; picture-in-picture; web-share\" referrerpolicy=\"strict-origin-when-cross-origin\" allowfullscreen><\/iframe>\n<\/div><figcaption class=\"wp-element-caption\"><em><strong>Acesse, assista, ou\u00e7a, aproveite, curte, comenta, compartilha\u2026<\/strong><\/em><\/figcaption><\/figure>\n\n\n\n<p><mark style=\"background-color:rgba(0, 0, 0, 0);color:#ffffff\" class=\"has-inline-color\">.<\/mark><\/p>\n\n\n\n<p>Os chakras s\u00e3o centros de energia dentro do corpo humano, de acordo com a tradi\u00e7\u00e3o hindu e algumas escolas de pensamento budista. Cada chakra est\u00e1 associado a diferentes aspectos da consci\u00eancia e do corpo f\u00edsico, e \u00e9 dito que eles influenciam nossa sa\u00fade f\u00edsica, emocional e espiritual.<\/p>\n\n\n\n<figure class=\"wp-block-image alignleft size-large is-resized\"><img loading=\"lazy\" decoding=\"async\" width=\"768\" height=\"1024\" src=\"https:\/\/meditantes.com.br\/news\/wp-content\/uploads\/2024\/04\/1-4-768x1024.png\" alt=\"\" class=\"wp-image-1210\" style=\"width:339px;height:auto\" srcset=\"https:\/\/meditantes.com.br\/news\/wp-content\/uploads\/2024\/04\/1-4-768x1024.png 768w, https:\/\/meditantes.com.br\/news\/wp-content\/uploads\/2024\/04\/1-4-225x300.png 225w, https:\/\/meditantes.com.br\/news\/wp-content\/uploads\/2024\/04\/1-4.png 960w\" sizes=\"auto, (max-width: 768px) 100vw, 768px\" \/><\/figure>\n\n\n\n<p>Na medita\u00e7\u00e3o, os praticantes muitas vezes direcionam sua aten\u00e7\u00e3o para os chakras, buscando equilibrar e harmonizar esses centros de energia. Isso pode ser feito atrav\u00e9s de v\u00e1rias t\u00e9cnicas, como visualiza\u00e7\u00f5es, respira\u00e7\u00e3o consciente, mantras, mudras (gestos simb\u00f3licos) e foco da aten\u00e7\u00e3o em \u00e1reas espec\u00edficas do corpo.<\/p>\n\n\n\n<p><\/p>\n\n\n\n<p>Por exemplo, uma medita\u00e7\u00e3o focada nos chakras pode envolver a visualiza\u00e7\u00e3o de luz ou cores correspondentes a cada chakra, come\u00e7ando pelo chakra raiz na base da coluna e subindo at\u00e9 o chakra coron\u00e1rio no topo da cabe\u00e7a. Ao fazer isso, os praticantes buscam desbloquear qualquer energia estagnada ou negativa nos chakras, promovendo um fluxo livre de energia vital (prana ou chi) por todo o corpo.<\/p>\n\n\n\n<p><\/p>\n\n\n\n<p>Alguns praticantes acreditam que ao equilibrar os chakras, \u00e9 poss\u00edvel alcan\u00e7ar um estado de bem-estar f\u00edsico, mental e espiritual mais elevado. No entanto, \u00e9 importante notar que os chakras e sua rela\u00e7\u00e3o com a medita\u00e7\u00e3o s\u00e3o conceitos espirituais e metaf\u00edsicos, e sua efic\u00e1cia pode variar de acordo com as cren\u00e7as e pr\u00e1ticas individuais de cada pessoa.<\/p>\n\n\n\n<p><mark style=\"background-color:rgba(0, 0, 0, 0);color:#ffffff\" class=\"has-inline-color\">.<\/mark><\/p>\n\n\n\n<p>A medita\u00e7\u00e3o nos chakras \u00e9 uma pr\u00e1tica que visa equilibrar e harmonizar os centros de energia do corpo, de acordo com a tradi\u00e7\u00e3o hindu e algumas escolas de pensamento budista. Aqui est\u00e1 uma explica\u00e7\u00e3o b\u00e1sica de como voc\u00ea pode praticar a medita\u00e7\u00e3o nos chakras:<\/p>\n\n\n\n<ol class=\"wp-block-list\">\n<li><strong>Prepara\u00e7\u00e3o<\/strong>: Encontre um local tranquilo e confort\u00e1vel onde voc\u00ea possa meditar sem interrup\u00e7\u00f5es. Sente-se em uma posi\u00e7\u00e3o confort\u00e1vel, com a coluna ereta e relaxada.<\/li>\n\n\n\n<li><strong>Consci\u00eancia da respira\u00e7\u00e3o<\/strong>: Comece a sua pr\u00e1tica respirando profundamente, permitindo que sua respira\u00e7\u00e3o se torne calma e regular. Conscientize-se do movimento natural da sua respira\u00e7\u00e3o, sem tentar control\u00e1-la.<\/li>\n\n\n\n<li><strong>Visualiza\u00e7\u00e3o<\/strong>: Visualize cada um dos sete chakras principais ao longo da coluna vertebral. Eles s\u00e3o: o chakra raiz (localizado na base da coluna), o chakra sacral (logo abaixo do umbigo), o chakra do plexo solar (na regi\u00e3o do est\u00f4mago), o chakra card\u00edaco (no centro do peito), o chakra lar\u00edngeo (na garganta), o chakra frontal ou terceiro olho (no centro da testa) e o chakra coron\u00e1rio (no topo da cabe\u00e7a).<\/li>\n\n\n\n<li><strong>Concentra\u00e7\u00e3o<\/strong>: \u00c0 medida que voc\u00ea visualiza cada chakra, concentre sua aten\u00e7\u00e3o nele. Sinta a energia fluindo para dentro e para fora do chakra conforme voc\u00ea respira. Observe qualquer sensa\u00e7\u00e3o f\u00edsica, emo\u00e7\u00e3o ou pensamento que surja enquanto voc\u00ea se concentra em cada chakra.<\/li>\n\n\n\n<li><strong>Equil\u00edbrio e harmoniza\u00e7\u00e3o<\/strong>: Enquanto voc\u00ea continua sua medita\u00e7\u00e3o nos chakras, visualize cada um deles se tornando brilhante e vibrante, sem bloqueios ou obstru\u00e7\u00f5es. Imagine uma luz ou cor associada a cada chakra (vermelho para o chakra raiz, laranja para o sacral, amarelo para o plexo solar, verde para o card\u00edaco, azul para o lar\u00edngeo, \u00edndigo para o frontal e violeta para o coron\u00e1rio), e sinta essa energia fluindo livremente atrav\u00e9s de voc\u00ea.<\/li>\n\n\n\n<li><strong>Inten\u00e7\u00e3o e afirma\u00e7\u00f5es<\/strong>: Enquanto voc\u00ea medita nos chakras, voc\u00ea pode incorporar inten\u00e7\u00f5es ou afirma\u00e7\u00f5es positivas associadas a cada um deles. Por exemplo, para o chakra card\u00edaco, voc\u00ea pode afirmar &#8220;Eu sou amoroso(a) e compassivo(a) comigo mesmo(a) e com os outros&#8221;.<\/li>\n\n\n\n<li><strong>Finaliza\u00e7\u00e3o<\/strong>: Ap\u00f3s meditar em todos os chakras, permita-se permanecer em sil\u00eancio por alguns momentos, apenas observando qualquer sensa\u00e7\u00e3o ou insight que surja. Quando estiver pronto(a), gradualmente traga sua consci\u00eancia de volta ao seu entorno e abra os olhos suavemente.<\/li>\n<\/ol>\n\n\n\n<p> Seja gentil consigo mesmo(a) e permita-se explorar e experimentar com mente aberta.<\/p>\n\n\n\n<p><\/p>\n\n\n\n<p><mark style=\"background-color:rgba(0, 0, 0, 0);color:#ffffff\" class=\"has-inline-color\">.<\/mark><\/p>\n\n\n\n<p>\ud83c\udfa7 <strong>Playlist completa desse epis\u00f3dio no Youtube!<\/strong><\/p>\n\n\n\n<figure class=\"wp-block-embed is-type-video is-provider-youtube wp-block-embed-youtube wp-embed-aspect-16-9 wp-has-aspect-ratio\"><div class=\"wp-block-embed__wrapper\">\n<iframe loading=\"lazy\" title=\"Meditantes PodCast #55\" width=\"500\" height=\"281\" src=\"https:\/\/www.youtube.com\/embed\/videoseries?list=PLjXLCSmO7rtoEDLZAKDg02GQeRrBfwRA2\" frameborder=\"0\" allow=\"accelerometer; autoplay; clipboard-write; encrypted-media; gyroscope; picture-in-picture; web-share\" referrerpolicy=\"strict-origin-when-cross-origin\" allowfullscreen><\/iframe>\n<\/div><\/figure>\n\n\n\n<p><mark style=\"background-color:rgba(0, 0, 0, 0);color:#ffffff\" class=\"has-inline-color\">.<\/mark><\/p>\n\n\n\n<p>\ud83c\udfa7 <strong>Playlist completa desse epis\u00f3dio no Spotify<\/strong><\/p>\n\n\n\n<figure class=\"wp-block-embed is-type-rich is-provider-spotify wp-block-embed-spotify wp-embed-aspect-21-9 wp-has-aspect-ratio\"><div class=\"wp-block-embed__wrapper\">\n<iframe title=\"Spotify Embed: Meditantes PodCast #55\" style=\"border-radius: 12px\" width=\"100%\" height=\"352\" frameborder=\"0\" allowfullscreen allow=\"autoplay; clipboard-write; encrypted-media; fullscreen; picture-in-picture\" loading=\"lazy\" src=\"https:\/\/open.spotify.com\/embed\/playlist\/2ByZ4y6I1WZtwmDZAZm88S?utm_source=oembed\"><\/iframe>\n<\/div><\/figure>\n\n\n\n<p><\/p>\n\n\n\n<p><strong>Gostou?&nbsp;Comenta, compartilha\u2026<\/strong><\/p>\n\n\n\n<p><\/p>\n","protected":false},"excerpt":{"rendered":"<p>A Medita\u00e7\u00e3o e os Chakras est\u00e3o frequentemente interligados em pr\u00e1ticas espirituais e de desenvolvimento pessoal. Prema e Abhishek, contam tudo&hellip;<\/p>\n","protected":false},"author":1,"featured_media":0,"comment_status":"open","ping_status":"open","sticky":false,"template":"","format":"standard","meta":{"footnotes":""},"categories":[28,4,61],"tags":[],"class_list":["post-1208","post","type-post","status-publish","format-standard","hentry","category-meditantes-podcast-2a-temporada","category-meditantes-podcast","category-meditantes-podcast-55"],"_links":{"self":[{"href":"https:\/\/meditantes.com.br\/news\/index.php?rest_route=\/wp\/v2\/posts\/1208","targetHints":{"allow":["GET"]}}],"collection":[{"href":"https:\/\/meditantes.com.br\/news\/index.php?rest_route=\/wp\/v2\/posts"}],"about":[{"href":"https:\/\/meditantes.com.br\/news\/index.php?rest_route=\/wp\/v2\/types\/post"}],"author":[{"embeddable":true,"href":"https:\/\/meditantes.com.br\/news\/index.php?rest_route=\/wp\/v2\/users\/1"}],"replies":[{"embeddable":true,"href":"https:\/\/meditantes.com.br\/news\/index.php?rest_route=%2Fwp%2Fv2%2Fcomments&post=1208"}],"version-history":[{"count":5,"href":"https:\/\/meditantes.com.br\/news\/index.php?rest_route=\/wp\/v2\/posts\/1208\/revisions"}],"predecessor-version":[{"id":1231,"href":"https:\/\/meditantes.com.br\/news\/index.php?rest_route=\/wp\/v2\/posts\/1208\/revisions\/1231"}],"wp:attachment":[{"href":"https:\/\/meditantes.com.br\/news\/index.php?rest_route=%2Fwp%2Fv2%2Fmedia&parent=1208"}],"wp:term":[{"taxonomy":"category","embeddable":true,"href":"https:\/\/meditantes.com.br\/news\/index.php?rest_route=%2Fwp%2Fv2%2Fcategories&post=1208"},{"taxonomy":"post_tag","embeddable":true,"href":"https:\/\/meditantes.com.br\/news\/index.php?rest_route=%2Fwp%2Fv2%2Ftags&post=1208"}],"curies":[{"name":"wp","href":"https:\/\/api.w.org\/{rel}","templated":true}]}}