{"id":1213,"date":"2024-04-16T06:00:00","date_gmt":"2024-04-16T06:00:00","guid":{"rendered":"https:\/\/meditantes.com.br\/news\/?p=1213"},"modified":"2024-04-16T09:44:08","modified_gmt":"2024-04-16T09:44:08","slug":"eles-dedicam-suas-vidas-ao-caminho-espiritual","status":"publish","type":"post","link":"https:\/\/meditantes.com.br\/news\/?p=1213","title":{"rendered":"Eles dedicam suas vidas ao Caminho Espiritual"},"content":{"rendered":"\n<p><em>Dedicar a vida ao Caminho Espiritual \u00e9 uma jornada significativa em busca de entendimento, sentido, conex\u00e3o, transcend\u00eancia e muito mais. Confira a hist\u00f3ria de Prema e Abhishek no Meditantes PodCast.<\/em><\/p>\n\n\n\n<figure class=\"wp-block-embed is-type-video is-provider-youtube wp-block-embed-youtube wp-embed-aspect-16-9 wp-has-aspect-ratio\"><div class=\"wp-block-embed__wrapper\">\n<iframe loading=\"lazy\" title=\"Eles est\u00e3o dedicando suas vidas ao Caminho Espiritual\" width=\"500\" height=\"281\" src=\"https:\/\/www.youtube.com\/embed\/CfWykS4bgdI?list=PLjXLCSmO7rtoEDLZAKDg02GQeRrBfwRA2\" frameborder=\"0\" allow=\"accelerometer; autoplay; clipboard-write; encrypted-media; gyroscope; picture-in-picture; web-share\" referrerpolicy=\"strict-origin-when-cross-origin\" allowfullscreen><\/iframe>\n<\/div><figcaption class=\"wp-element-caption\"><em><strong>Acesse, assista, ou\u00e7a, aproveite, curte, comenta, compartilha\u2026<\/strong><\/em><\/figcaption><\/figure>\n\n\n\n<p><\/p>\n\n\n\n<figure class=\"wp-block-image alignleft size-large is-resized\"><img loading=\"lazy\" decoding=\"async\" width=\"768\" height=\"1024\" src=\"https:\/\/meditantes.com.br\/news\/wp-content\/uploads\/2024\/04\/1-3-768x1024.png\" alt=\"\" class=\"wp-image-1206\" style=\"width:341px;height:auto\" srcset=\"https:\/\/meditantes.com.br\/news\/wp-content\/uploads\/2024\/04\/1-3-768x1024.png 768w, https:\/\/meditantes.com.br\/news\/wp-content\/uploads\/2024\/04\/1-3-225x300.png 225w, https:\/\/meditantes.com.br\/news\/wp-content\/uploads\/2024\/04\/1-3.png 960w\" sizes=\"auto, (max-width: 768px) 100vw, 768px\" \/><\/figure>\n\n\n\n<p>Essa dedica\u00e7\u00e3o pode se manifestar de v\u00e1rias formas, dependendo das tradi\u00e7\u00f5es espirituais, cren\u00e7as e pr\u00e1ticas individuais de cada pessoa. Para alguns, isso pode significar seguir uma tradi\u00e7\u00e3o religiosa espec\u00edfica, como o Cristianismo, Islamismo, Hindu\u00edsmo, Budismo ou outras. Para outros, pode envolver pr\u00e1ticas de medita\u00e7\u00e3o, yoga, estudo de textos sagrados, servi\u00e7o aos outros ou uma busca interior profunda.<\/p>\n\n\n\n<p>Independentemente do caminho escolhido, a dedica\u00e7\u00e3o ao Caminho Espiritual geralmente implica em uma busca pela verdade, compaix\u00e3o, amor e uma conex\u00e3o mais profunda com algo maior do que o eu individual. Pode exigir disciplina, auto-reflex\u00e3o e uma disposi\u00e7\u00e3o para enfrentar desafios internos e externos. No entanto, muitos encontram nessa jornada um senso de prop\u00f3sito, paz interior e realiza\u00e7\u00e3o espiritual.<\/p>\n\n\n\n<p><mark style=\"background-color:rgba(0, 0, 0, 0);color:#ffffff\" class=\"has-inline-color\">.<\/mark><\/p>\n\n\n\n<p>\ud83c\udfa7 <strong>Playlist completa desse epis\u00f3dio no Youtube!<\/strong><\/p>\n\n\n\n<figure class=\"wp-block-embed is-type-video is-provider-youtube wp-block-embed-youtube wp-embed-aspect-16-9 wp-has-aspect-ratio\"><div class=\"wp-block-embed__wrapper\">\n<iframe loading=\"lazy\" title=\"Meditantes PodCast #55\" width=\"500\" height=\"281\" src=\"https:\/\/www.youtube.com\/embed\/videoseries?list=PLjXLCSmO7rtoEDLZAKDg02GQeRrBfwRA2\" frameborder=\"0\" allow=\"accelerometer; autoplay; clipboard-write; encrypted-media; gyroscope; picture-in-picture; web-share\" referrerpolicy=\"strict-origin-when-cross-origin\" allowfullscreen><\/iframe>\n<\/div><\/figure>\n\n\n\n<p><mark style=\"background-color:rgba(0, 0, 0, 0);color:#ffffff\" class=\"has-inline-color\">.<\/mark><\/p>\n\n\n\n<p>\ud83c\udfa7 <strong>Playlist completa desse epis\u00f3dio no Spotify<\/strong><\/p>\n\n\n\n<figure class=\"wp-block-embed is-type-rich is-provider-spotify wp-block-embed-spotify wp-embed-aspect-21-9 wp-has-aspect-ratio\"><div class=\"wp-block-embed__wrapper\">\n<iframe title=\"Spotify Embed: Meditantes PodCast #55\" style=\"border-radius: 12px\" width=\"100%\" height=\"352\" frameborder=\"0\" allowfullscreen allow=\"autoplay; clipboard-write; encrypted-media; fullscreen; picture-in-picture\" loading=\"lazy\" src=\"https:\/\/open.spotify.com\/embed\/playlist\/2ByZ4y6I1WZtwmDZAZm88S?utm_source=oembed\"><\/iframe>\n<\/div><\/figure>\n\n\n\n<p><\/p>\n\n\n\n<p><strong>Gostou?&nbsp;Comenta, compartilha\u2026<\/strong><\/p>\n\n\n\n<p><\/p>\n","protected":false},"excerpt":{"rendered":"<p>Dedicar a vida ao Caminho Espiritual \u00e9 uma jornada significativa em busca de entendimento, sentido, conex\u00e3o, transcend\u00eancia e muito mais.&hellip;<\/p>\n","protected":false},"author":1,"featured_media":0,"comment_status":"open","ping_status":"open","sticky":false,"template":"","format":"standard","meta":{"footnotes":""},"categories":[28,4,61],"tags":[],"class_list":["post-1213","post","type-post","status-publish","format-standard","hentry","category-meditantes-podcast-2a-temporada","category-meditantes-podcast","category-meditantes-podcast-55"],"_links":{"self":[{"href":"https:\/\/meditantes.com.br\/news\/index.php?rest_route=\/wp\/v2\/posts\/1213","targetHints":{"allow":["GET"]}}],"collection":[{"href":"https:\/\/meditantes.com.br\/news\/index.php?rest_route=\/wp\/v2\/posts"}],"about":[{"href":"https:\/\/meditantes.com.br\/news\/index.php?rest_route=\/wp\/v2\/types\/post"}],"author":[{"embeddable":true,"href":"https:\/\/meditantes.com.br\/news\/index.php?rest_route=\/wp\/v2\/users\/1"}],"replies":[{"embeddable":true,"href":"https:\/\/meditantes.com.br\/news\/index.php?rest_route=%2Fwp%2Fv2%2Fcomments&post=1213"}],"version-history":[{"count":3,"href":"https:\/\/meditantes.com.br\/news\/index.php?rest_route=\/wp\/v2\/posts\/1213\/revisions"}],"predecessor-version":[{"id":1233,"href":"https:\/\/meditantes.com.br\/news\/index.php?rest_route=\/wp\/v2\/posts\/1213\/revisions\/1233"}],"wp:attachment":[{"href":"https:\/\/meditantes.com.br\/news\/index.php?rest_route=%2Fwp%2Fv2%2Fmedia&parent=1213"}],"wp:term":[{"taxonomy":"category","embeddable":true,"href":"https:\/\/meditantes.com.br\/news\/index.php?rest_route=%2Fwp%2Fv2%2Fcategories&post=1213"},{"taxonomy":"post_tag","embeddable":true,"href":"https:\/\/meditantes.com.br\/news\/index.php?rest_route=%2Fwp%2Fv2%2Ftags&post=1213"}],"curies":[{"name":"wp","href":"https:\/\/api.w.org\/{rel}","templated":true}]}}