{"id":1216,"date":"2024-04-17T06:00:00","date_gmt":"2024-04-17T06:00:00","guid":{"rendered":"https:\/\/meditantes.com.br\/news\/?p=1216"},"modified":"2024-04-17T12:34:05","modified_gmt":"2024-04-17T12:34:05","slug":"os-desafios-e-os-beneficios-de-quem-pratica-meditacao","status":"publish","type":"post","link":"https:\/\/meditantes.com.br\/news\/?p=1216","title":{"rendered":"Os Desafios e os Benef\u00edcios de quem pratica Medita\u00e7\u00e3o"},"content":{"rendered":"\n<p><em>Todos que praticam Medita\u00e7\u00e3o passam por Desafios e ao longo das pr\u00e1ticas v\u00e3o experimentando e integrando os Benef\u00edcios. Prema e Abhishek contam suas experi\u00eancias no Meditantes PodCast. Confira:<\/em><\/p>\n\n\n\n<figure class=\"wp-block-embed is-type-video is-provider-youtube wp-block-embed-youtube wp-embed-aspect-16-9 wp-has-aspect-ratio\"><div class=\"wp-block-embed__wrapper\">\n<iframe loading=\"lazy\" title=\"Desafios e Benef\u00edcios nas Pr\u00e1ticas Meditativas\" width=\"500\" height=\"281\" src=\"https:\/\/www.youtube.com\/embed\/iA_Z6NaKoWc?list=PLjXLCSmO7rtoEDLZAKDg02GQeRrBfwRA2\" frameborder=\"0\" allow=\"accelerometer; autoplay; clipboard-write; encrypted-media; gyroscope; picture-in-picture; web-share\" referrerpolicy=\"strict-origin-when-cross-origin\" allowfullscreen><\/iframe>\n<\/div><\/figure>\n\n\n\n<p><\/p>\n\n\n\n<p><mark style=\"background-color:rgba(0, 0, 0, 0);color:#ffffff\" class=\"has-inline-color\">.<\/mark><\/p>\n\n\n\n<p>A pr\u00e1tica da medita\u00e7\u00e3o pode trazer uma s\u00e9rie de desafios e benef\u00edcios para quem a pratica. Aqui est\u00e3o alguns deles:<\/p>\n\n\n\n<figure class=\"wp-block-image alignleft size-large is-resized\"><img loading=\"lazy\" decoding=\"async\" width=\"960\" height=\"1280\" src=\"https:\/\/meditantes.com.br\/news\/wp-content\/uploads\/2024\/04\/4-768x1024.png\" alt=\"\" class=\"wp-image-1217\" style=\"width:344px;height:auto\" srcset=\"https:\/\/meditantes.com.br\/news\/wp-content\/uploads\/2024\/04\/4-768x1024.png 768w, https:\/\/meditantes.com.br\/news\/wp-content\/uploads\/2024\/04\/4-225x300.png 225w, https:\/\/meditantes.com.br\/news\/wp-content\/uploads\/2024\/04\/4.png 960w\" sizes=\"auto, (max-width: 960px) 100vw, 960px\" \/><\/figure>\n\n\n\n<h3 class=\"wp-block-heading\">Desafios:<\/h3>\n\n\n\n<ol class=\"wp-block-list\">\n<li><strong>Dificuldade de concentra\u00e7\u00e3o<\/strong>: Para muitas pessoas, \u00e9 dif\u00edcil acalmar a mente e manter o foco durante a medita\u00e7\u00e3o, especialmente no in\u00edcio da pr\u00e1tica.<\/li>\n\n\n\n<li><strong>Inquieta\u00e7\u00e3o f\u00edsica<\/strong>: Sentir desconforto f\u00edsico ou ter dificuldade em permanecer im\u00f3vel durante per\u00edodos prolongados pode ser um desafio.<\/li>\n\n\n\n<li><strong>Resist\u00eancia emocional<\/strong>: Emo\u00e7\u00f5es desconfort\u00e1veis ou perturbadoras podem surgir durante a medita\u00e7\u00e3o, o que pode ser desafiador de lidar.<\/li>\n\n\n\n<li><strong>Frustra\u00e7\u00e3o<\/strong>: \u00c0s vezes, os praticantes podem se sentir frustrados com seu progresso na medita\u00e7\u00e3o, especialmente se esperarem resultados imediatos.<\/li>\n\n\n\n<li><strong>Falta de tempo<\/strong>: Encontrar tempo regular para praticar medita\u00e7\u00e3o pode ser um desafio em um mundo ocupado e agitado.<\/li>\n<\/ol>\n\n\n\n<h3 class=\"wp-block-heading\">Benef\u00edcios:<\/h3>\n\n\n\n<ol class=\"wp-block-list\">\n<li><strong>Redu\u00e7\u00e3o do estresse<\/strong>: A medita\u00e7\u00e3o \u00e9 conhecida por reduzir os n\u00edveis de estresse e ansiedade, ajudando as pessoas a lidar melhor com os desafios da vida cotidiana.<\/li>\n\n\n\n<li><strong>Aumento do foco e da concentra\u00e7\u00e3o<\/strong>: Com a pr\u00e1tica regular, a medita\u00e7\u00e3o pode melhorar a capacidade de concentra\u00e7\u00e3o e foco, tanto durante a medita\u00e7\u00e3o quanto em outras atividades.<\/li>\n\n\n\n<li><strong>Melhoria da sa\u00fade mental<\/strong>: A medita\u00e7\u00e3o pode ajudar a promover uma mente mais calma, clara e equilibrada, reduzindo sintomas de depress\u00e3o e melhorando o bem-estar emocional geral.<\/li>\n\n\n\n<li><strong>Aumento da consci\u00eancia e autoconhecimento<\/strong>: Ao observar os padr\u00f5es de pensamento e emo\u00e7\u00e3o durante a medita\u00e7\u00e3o, as pessoas podem desenvolver uma maior consci\u00eancia de si mesmas e de seus h\u00e1bitos mentais.<\/li>\n\n\n\n<li><strong>Promo\u00e7\u00e3o da sa\u00fade f\u00edsica<\/strong>: Al\u00e9m dos benef\u00edcios mentais, a medita\u00e7\u00e3o tamb\u00e9m pode ter efeitos positivos na sa\u00fade f\u00edsica, incluindo redu\u00e7\u00e3o da press\u00e3o arterial, melhoria da qualidade do sono e fortalecimento do sistema imunol\u00f3gico.<\/li>\n\n\n\n<li><strong>Cultivo de compaix\u00e3o e empatia<\/strong>: Algumas formas de medita\u00e7\u00e3o, como a medita\u00e7\u00e3o da bondade amorosa (metta), podem ajudar a cultivar sentimentos de compaix\u00e3o, empatia e conex\u00e3o com os outros.<\/li>\n<\/ol>\n\n\n\n<p>Embora a medita\u00e7\u00e3o possa apresentar desafios, os benef\u00edcios a longo prazo geralmente superam esses obst\u00e1culos, tornando-a uma pr\u00e1tica valiosa para muitas pessoas.<\/p>\n\n\n\n<p><\/p>\n\n\n\n<p><mark style=\"background-color:rgba(0, 0, 0, 0);color:#ffffff\" class=\"has-inline-color\">.<\/mark><\/p>\n\n\n\n<p>\ud83c\udfa7 <strong>Playlist completa desse epis\u00f3dio no Youtube!<\/strong><\/p>\n\n\n\n<figure class=\"wp-block-embed is-type-video is-provider-youtube wp-block-embed-youtube wp-embed-aspect-16-9 wp-has-aspect-ratio\"><div class=\"wp-block-embed__wrapper\">\n<iframe loading=\"lazy\" title=\"Meditantes PodCast #55\" width=\"500\" height=\"281\" src=\"https:\/\/www.youtube.com\/embed\/videoseries?list=PLjXLCSmO7rtoEDLZAKDg02GQeRrBfwRA2\" frameborder=\"0\" allow=\"accelerometer; autoplay; clipboard-write; encrypted-media; gyroscope; picture-in-picture; web-share\" referrerpolicy=\"strict-origin-when-cross-origin\" allowfullscreen><\/iframe>\n<\/div><\/figure>\n\n\n\n<p><mark style=\"background-color:rgba(0, 0, 0, 0);color:#ffffff\" class=\"has-inline-color\">.<\/mark><\/p>\n\n\n\n<p>\ud83c\udfa7 <strong>Playlist completa desse epis\u00f3dio no Spotify<\/strong><\/p>\n\n\n\n<figure class=\"wp-block-embed is-type-rich is-provider-spotify wp-block-embed-spotify wp-embed-aspect-21-9 wp-has-aspect-ratio\"><div class=\"wp-block-embed__wrapper\">\n<iframe title=\"Spotify Embed: Meditantes PodCast #55\" style=\"border-radius: 12px\" width=\"100%\" height=\"352\" frameborder=\"0\" allowfullscreen allow=\"autoplay; clipboard-write; encrypted-media; fullscreen; picture-in-picture\" loading=\"lazy\" src=\"https:\/\/open.spotify.com\/embed\/playlist\/2ByZ4y6I1WZtwmDZAZm88S?utm_source=oembed\"><\/iframe>\n<\/div><\/figure>\n\n\n\n<p><\/p>\n\n\n\n<p><strong>Gostou?&nbsp;Comenta, compartilha\u2026<\/strong><\/p>\n\n\n\n<p><\/p>\n","protected":false},"excerpt":{"rendered":"<p>Todos que praticam Medita\u00e7\u00e3o passam por Desafios e ao longo das pr\u00e1ticas v\u00e3o experimentando e integrando os Benef\u00edcios. Prema e&hellip;<\/p>\n","protected":false},"author":1,"featured_media":0,"comment_status":"open","ping_status":"open","sticky":false,"template":"","format":"standard","meta":{"footnotes":""},"categories":[28,4,61],"tags":[],"class_list":["post-1216","post","type-post","status-publish","format-standard","hentry","category-meditantes-podcast-2a-temporada","category-meditantes-podcast","category-meditantes-podcast-55"],"_links":{"self":[{"href":"https:\/\/meditantes.com.br\/news\/index.php?rest_route=\/wp\/v2\/posts\/1216","targetHints":{"allow":["GET"]}}],"collection":[{"href":"https:\/\/meditantes.com.br\/news\/index.php?rest_route=\/wp\/v2\/posts"}],"about":[{"href":"https:\/\/meditantes.com.br\/news\/index.php?rest_route=\/wp\/v2\/types\/post"}],"author":[{"embeddable":true,"href":"https:\/\/meditantes.com.br\/news\/index.php?rest_route=\/wp\/v2\/users\/1"}],"replies":[{"embeddable":true,"href":"https:\/\/meditantes.com.br\/news\/index.php?rest_route=%2Fwp%2Fv2%2Fcomments&post=1216"}],"version-history":[{"count":5,"href":"https:\/\/meditantes.com.br\/news\/index.php?rest_route=\/wp\/v2\/posts\/1216\/revisions"}],"predecessor-version":[{"id":1269,"href":"https:\/\/meditantes.com.br\/news\/index.php?rest_route=\/wp\/v2\/posts\/1216\/revisions\/1269"}],"wp:attachment":[{"href":"https:\/\/meditantes.com.br\/news\/index.php?rest_route=%2Fwp%2Fv2%2Fmedia&parent=1216"}],"wp:term":[{"taxonomy":"category","embeddable":true,"href":"https:\/\/meditantes.com.br\/news\/index.php?rest_route=%2Fwp%2Fv2%2Fcategories&post=1216"},{"taxonomy":"post_tag","embeddable":true,"href":"https:\/\/meditantes.com.br\/news\/index.php?rest_route=%2Fwp%2Fv2%2Ftags&post=1216"}],"curies":[{"name":"wp","href":"https:\/\/api.w.org\/{rel}","templated":true}]}}