{"id":1368,"date":"2024-04-30T09:36:13","date_gmt":"2024-04-30T09:36:13","guid":{"rendered":"https:\/\/meditantes.com.br\/news\/?p=1368"},"modified":"2024-12-12T23:26:53","modified_gmt":"2024-12-12T23:26:53","slug":"10-desafios-que-os-meditantes-enfrentam-durante-a-meditacao","status":"publish","type":"post","link":"https:\/\/meditantes.com.br\/news\/?p=1368","title":{"rendered":"10 Desafios que os Meditantes enfrentam DURANTE a Medita\u00e7\u00e3o"},"content":{"rendered":"\n<p><em>por: Reda\u00e7\u00e3o Meditantes<\/em><\/p>\n\n\n\n<p><\/p>\n\n\n\n<figure class=\"wp-block-image alignleft size-large is-resized\"><img loading=\"lazy\" decoding=\"async\" width=\"576\" height=\"1024\" src=\"https:\/\/meditantes.com.br\/news\/wp-content\/uploads\/2024\/04\/ARTIGOS-2-1-4-576x1024.png\" alt=\"\" class=\"wp-image-5327\" style=\"width:336px;height:auto\" srcset=\"https:\/\/meditantes.com.br\/news\/wp-content\/uploads\/2024\/04\/ARTIGOS-2-1-4-576x1024.png 576w, https:\/\/meditantes.com.br\/news\/wp-content\/uploads\/2024\/04\/ARTIGOS-2-1-4-169x300.png 169w, https:\/\/meditantes.com.br\/news\/wp-content\/uploads\/2024\/04\/ARTIGOS-2-1-4-768x1365.png 768w, https:\/\/meditantes.com.br\/news\/wp-content\/uploads\/2024\/04\/ARTIGOS-2-1-4-864x1536.png 864w, https:\/\/meditantes.com.br\/news\/wp-content\/uploads\/2024\/04\/ARTIGOS-2-1-4.png 1080w\" sizes=\"auto, (max-width: 576px) 100vw, 576px\" \/><\/figure>\n\n\n\n<p>Para quem est\u00e1 iniciando ou retomando as Pr\u00e1ticas Meditativas \u00e9 poss\u00edvel que se depare com alguns desafios durante a Medita\u00e7\u00e3o. <em>Meditar \u00e9 incrivelmente ben\u00e9fico, mas muitas vezes h\u00e1 desafios que as pessoas enfrentam durantes as Pr\u00e1ticas. Aqui est\u00e3o 10 desafios mais comuns que os Meditantes enfrentam <strong>DURANTE <\/strong>a Medita\u00e7\u00e3o:<\/em><\/p>\n\n\n\n<ol class=\"wp-block-list\">\n<li><strong>Mente Inquieta<\/strong>:\n<ul class=\"wp-block-list\">\n<li>Durante a medita\u00e7\u00e3o, \u00e9 comum que a mente se torne agitada e propensa a divagar. Os pensamentos podem flutuar de um assunto para outro, dificultando manter o foco no objeto de medita\u00e7\u00e3o. Essa agita\u00e7\u00e3o mental pode ser frustrante para os meditantes, especialmente os iniciantes.<\/li>\n<\/ul>\n<\/li>\n\n\n\n<li><strong>Persist\u00eancia de Pensamentos<\/strong>:\n<ul class=\"wp-block-list\">\n<li>Al\u00e9m da inquieta\u00e7\u00e3o mental, os meditantes podem se deparar com pensamentos persistentes que continuam a surgir durante a pr\u00e1tica. Mesmo ao tentar direcionar a aten\u00e7\u00e3o para a respira\u00e7\u00e3o ou outro objeto de medita\u00e7\u00e3o, esses pensamentos podem persistir, interrompendo a tranquilidade da mente.<\/li>\n<\/ul>\n<\/li>\n\n\n\n<li><strong>Julgamento e Cr\u00edtica<\/strong>:\n<ul class=\"wp-block-list\">\n<li>Durante a medita\u00e7\u00e3o, \u00e9 comum que os meditantes julguem sua pr\u00f3pria pr\u00e1tica e se critiquem por n\u00e3o conseguirem manter a concentra\u00e7\u00e3o ou por se distra\u00edrem facilmente. Esses julgamentos podem gerar ansiedade e frustra\u00e7\u00e3o, o que, por sua vez, aumenta a dificuldade de permanecer presente no momento.<\/li>\n<\/ul>\n<\/li>\n\n\n\n<li><strong>Sono e Sonol\u00eancia<\/strong>:\n<ul class=\"wp-block-list\">\n<li>Especialmente durante medita\u00e7\u00f5es mais relaxantes, como a medita\u00e7\u00e3o sentada, os meditantes podem se sentir sonolentos ou at\u00e9 mesmo adormecer. A luta contra o sono pode ser um desafio, pois interfere na qualidade da pr\u00e1tica e na capacidade de permanecer alerta e focado.<\/li>\n<\/ul>\n<\/li>\n\n\n\n<li><strong>Incomodo F\u00edsico<\/strong>:\n<ul class=\"wp-block-list\">\n<li>Posturas desconfort\u00e1veis, sensa\u00e7\u00f5es f\u00edsicas desagrad\u00e1veis ou dores musculares podem surgir durante a medita\u00e7\u00e3o, causando distra\u00e7\u00e3o e desconforto. Essas sensa\u00e7\u00f5es f\u00edsicas podem ser dif\u00edceis de ignorar e podem interferir na capacidade de manter a aten\u00e7\u00e3o no momento presente.<\/li>\n<\/ul>\n<\/li>\n\n\n\n<li><strong>Distra\u00e7\u00f5es Externas<\/strong>:\n<ul class=\"wp-block-list\">\n<li>Ambientes ruidosos, interrup\u00e7\u00f5es repentinas ou est\u00edmulos externos, como ru\u00eddos ou movimentos, podem desviar a aten\u00e7\u00e3o do meditante durante a pr\u00e1tica. Manter o foco apesar dessas distra\u00e7\u00f5es pode ser desafiador e requer habilidade de concentra\u00e7\u00e3o.<\/li>\n<\/ul>\n<\/li>\n\n\n\n<li><strong>Lidar com Emo\u00e7\u00f5es<\/strong>:\n<ul class=\"wp-block-list\">\n<li>Durante a medita\u00e7\u00e3o, emo\u00e7\u00f5es intensas podem surgir, como ansiedade, tristeza ou raiva. Lidar com essas emo\u00e7\u00f5es enquanto se mant\u00e9m focado no objeto de medita\u00e7\u00e3o pode ser desafiador e requer habilidades de auto-regula\u00e7\u00e3o emocional.<\/li>\n<\/ul>\n<\/li>\n\n\n\n<li><strong>Impaci\u00eancia e Inquietude<\/strong>:\n<ul class=\"wp-block-list\">\n<li>Sentir-se impaciente ou inquieto \u00e9 comum durante a medita\u00e7\u00e3o, especialmente quando os resultados desejados n\u00e3o s\u00e3o alcan\u00e7ados imediatamente. A impaci\u00eancia pode levar \u00e0 agita\u00e7\u00e3o mental e dificultar a capacidade de permanecer presente e tranquilo.<\/li>\n<\/ul>\n<\/li>\n\n\n\n<li><strong>D\u00favidas e Incertezas<\/strong>:\n<ul class=\"wp-block-list\">\n<li>Os meditantes podem experimentar d\u00favidas sobre sua pr\u00f3pria capacidade de meditar corretamente ou sobre os benef\u00edcios da pr\u00e1tica. Essas d\u00favidas podem minar a confian\u00e7a e a motiva\u00e7\u00e3o do meditante, tornando mais dif\u00edcil manter a pr\u00e1tica de forma consistente.<\/li>\n<\/ul>\n<\/li>\n\n\n\n<li><strong>Entorpecimento Mental<\/strong>:\n<ul class=\"wp-block-list\">\n<li>Em alguns momentos, os meditantes podem experimentar uma sensa\u00e7\u00e3o de entorpecimento mental, onde a mente parece embotada ou sem clareza. Isso pode tornar dif\u00edcil manter a aten\u00e7\u00e3o e a presen\u00e7a consciente durante a medita\u00e7\u00e3o, requerendo esfor\u00e7o adicional para voltar ao estado de alerta.<\/li>\n<\/ul>\n<\/li>\n<\/ol>\n\n\n\n<p>Cada um desses desafios pode apresentar obst\u00e1culos \u00fanicos durante a pr\u00e1tica de medita\u00e7\u00e3o. Super\u00e1-los requer paci\u00eancia, persist\u00eancia e pr\u00e1tica regular. Reconhecer esses desafios como parte natural da jornada de medita\u00e7\u00e3o pode ajudar os Meditantes a enfrent\u00e1-los com compaix\u00e3o e aceita\u00e7\u00e3o.<\/p>\n\n\n\n<p><mark style=\"background-color:rgba(0, 0, 0, 0);color:#ffffff\" class=\"has-inline-color\">.<\/mark><\/p>\n\n\n\n<p><strong>SEMANA DESAFIOS DO MEDITANTE<\/strong><\/p>\n\n\n\n<p><\/p>\n\n\n\n<p>\ud83d\uddd3\ufe0f <strong>Dia 30\/04 <\/strong><br>| Os 4 desafios durante a Medita\u00e7\u00e3o<br><em><a href=\"https:\/\/www.instagram.com\/reel\/C6YXgiRO0LS\/\" target=\"_blank\" rel=\"noreferrer noopener\">Grava\u00e7\u00e3o dispon\u00edvel aqui<\/a><\/em><\/p>\n\n\n\n<p id=\"block-6c6da0e4-fdf2-4e30-8359-214eca8bcd8f\"><\/p>\n\n\n\n<p><mark style=\"background-color:rgba(0, 0, 0, 0);color:#ffffff\" class=\"has-inline-color\">.<\/mark><\/p>\n\n\n\n<p><mark style=\"background-color:rgba(0, 0, 0, 0);color:#ffffff\" class=\"has-inline-color\">.<\/mark><\/p>\n\n\n\n<p class=\"has-text-align-left\"><\/p>\n\n\n\n<figure class=\"wp-block-image size-large\"><img loading=\"lazy\" decoding=\"async\" width=\"1024\" height=\"160\" src=\"https:\/\/meditantes.com.br\/news\/wp-content\/uploads\/2024\/05\/TOPO-2048X320-1024x160.png\" alt=\"\" class=\"wp-image-1634\" srcset=\"https:\/\/meditantes.com.br\/news\/wp-content\/uploads\/2024\/05\/TOPO-2048X320-1024x160.png 1024w, https:\/\/meditantes.com.br\/news\/wp-content\/uploads\/2024\/05\/TOPO-2048X320-300x47.png 300w, https:\/\/meditantes.com.br\/news\/wp-content\/uploads\/2024\/05\/TOPO-2048X320-768x120.png 768w, https:\/\/meditantes.com.br\/news\/wp-content\/uploads\/2024\/05\/TOPO-2048X320-1536x240.png 1536w, https:\/\/meditantes.com.br\/news\/wp-content\/uploads\/2024\/05\/TOPO-2048X320.png 2048w\" sizes=\"auto, (max-width: 1024px) 100vw, 1024px\" \/><\/figure>\n\n\n\n<p class=\"has-text-align-left\"><mark style=\"background-color:rgba(0, 0, 0, 0);color:#ffffff\" class=\"has-inline-color\">.<\/mark><\/p>\n\n\n\n<p class=\"has-text-align-left\"><mark style=\"background-color:rgba(0, 0, 0, 0);color:#ffffff\" class=\"has-inline-color\">.<\/mark><\/p>\n\n\n\n<hr class=\"wp-block-separator has-alpha-channel-opacity\"\/>\n\n\n\n<p class=\"has-text-align-left\"><mark style=\"background-color:rgba(0, 0, 0, 0);color:#ffffff\" class=\"has-inline-color\">.<\/mark><\/p>\n\n\n\n<p><mark style=\"background-color:rgba(0, 0, 0, 0);color:#ffffff\" class=\"has-inline-color\">.<\/mark>\ud83c\udfa7 Mais artigos sobre Medita\u00e7\u00e3o<br><a href=\"http:\/\/meditantes.com.br\/artigos\">http:\/\/meditantes.com.br\/artigos<\/a><\/p>\n\n\n\n<p><mark style=\"background-color:rgba(0, 0, 0, 0);color:#ffffff\" class=\"has-inline-color\">.<\/mark><\/p>\n\n\n\n<p><mark style=\"background-color:rgba(0, 0, 0, 0);color:#ffffff\" class=\"has-inline-color\">.<\/mark>\ud83c\udfa7 Sobre o Meditantes PodCast<br><a href=\"http:\/\/meditantes.com.br\/podcast\">http:\/\/meditantes.com.br\/podcast<\/a><\/p>\n\n\n\n<p><mark style=\"background-color:rgba(0, 0, 0, 0);color:#ffffff\" class=\"has-inline-color\">.<\/mark><\/p>\n\n\n\n<p>\ud83c\udfa7 Canal no Youtube<br><a href=\"http:\/\/meditantes.com.br\/youtube\" target=\"_blank\" rel=\"noreferrer noopener\">http:\/\/meditantes.com.br\/youtube<\/a><\/p>\n\n\n\n<p><mark style=\"background-color:rgba(0, 0, 0, 0);color:#ffffff\" class=\"has-inline-color\">.<\/mark><\/p>\n\n\n\n<p>\ud83c\udfa7 \u00c1udios no Spotify<br><a href=\"http:\/\/meditantes.com.br\/spotify\" target=\"_blank\" rel=\"noreferrer noopener\">http:\/\/meditantes.com.br\/spotify<\/a><\/p>\n\n\n\n<p><mark style=\"background-color:rgba(0, 0, 0, 0);color:#ffffff\" class=\"has-inline-color\">.<\/mark><\/p>\n\n\n\n<p>\ud83c\udfa7 Portal Meditantes News<br><a href=\"http:\/\/meditantes.com.br\/news\">http:\/\/meditantes.com.br\/news<\/a><\/p>\n\n\n\n<p><mark style=\"background-color:rgba(0, 0, 0, 0);color:#ffffff\" class=\"has-inline-color\">.<\/mark><\/p>\n\n\n\n<p>\ud83c\udfa7 Perfil no Instagram<br><a href=\"http:\/\/meditantes.com.br\/instagram\" target=\"_blank\" rel=\"noreferrer noopener\">http:\/\/meditantes.com.br\/instagram<\/a><\/p>\n\n\n\n<p><mark style=\"background-color:rgba(0, 0, 0, 0);color:#ffffff\" class=\"has-inline-color\">.<\/mark><\/p>\n\n\n\n<p>\ud83c\udfa7 P\u00e1gina no Facebook<br><a href=\"http:\/\/meditantes.com.br\/facebook\" target=\"_blank\" rel=\"noreferrer noopener\">http:\/\/meditantes.com.br\/facebook<\/a><\/p>\n\n\n\n<p><mark style=\"background-color:rgba(0, 0, 0, 0);color:#ffffff\" class=\"has-inline-color\">.<\/mark><\/p>\n\n\n\n<p>\ud83c\udfa7 Onde mais encontrar o Meditantes PodCast?<br><a href=\"http:\/\/meditantes.com.br\/links\" target=\"_blank\" rel=\"noreferrer noopener\">http:\/\/meditantes.com.br\/links<\/a><\/p>\n\n\n\n<p><\/p>\n\n\n\n<p><mark style=\"background-color:rgba(0, 0, 0, 0);color:#ffffff\" class=\"has-inline-color\">.<\/mark><\/p>\n\n\n\n<p>\ud83d\udcdd <em>Mesmo que pratiquemos a mesma Medita\u00e7\u00e3o, cada um ter\u00e1 suas pr\u00f3prias Experi\u00eancias &#8211; <strong>Shanti-Rham<\/strong><\/em><\/p>\n\n\n\n<p><mark style=\"background-color:rgba(0, 0, 0, 0);color:#ffffff\" class=\"has-inline-color\">.<\/mark><\/p>\n\n\n\n<p><mark style=\"background-color:rgba(0, 0, 0, 0);color:#ffffff\" class=\"has-inline-color\">.<\/mark><\/p>\n\n\n\n<hr class=\"wp-block-separator has-alpha-channel-opacity\"\/>\n\n\n\n<p><mark style=\"background-color:rgba(0, 0, 0, 0);color:#ffffff\" class=\"has-inline-color\">.<\/mark><\/p>\n\n\n\n<p><mark style=\"background-color:rgba(0, 0, 0, 0);color:#ffffff\" class=\"has-inline-color\">.<\/mark><\/p>\n\n\n\n<p><mark style=\"background-color:rgba(0, 0, 0, 0);color:#ffffff\" class=\"has-inline-color\">.<\/mark><\/p>\n\n\n\n<p><\/p>\n\n\n\n<figure class=\"wp-block-image size-large\"><a href=\"https:\/\/meditantes.com.br\/podcast\"><img loading=\"lazy\" decoding=\"async\" width=\"1024\" height=\"160\" src=\"https:\/\/meditantes.com.br\/news\/wp-content\/uploads\/2024\/05\/COMUNIDADE-MEDITANTES-18-1024x160.png\" alt=\"\" class=\"wp-image-2112\" srcset=\"https:\/\/meditantes.com.br\/news\/wp-content\/uploads\/2024\/05\/COMUNIDADE-MEDITANTES-18-1024x160.png 1024w, https:\/\/meditantes.com.br\/news\/wp-content\/uploads\/2024\/05\/COMUNIDADE-MEDITANTES-18-300x47.png 300w, https:\/\/meditantes.com.br\/news\/wp-content\/uploads\/2024\/05\/COMUNIDADE-MEDITANTES-18-768x120.png 768w, https:\/\/meditantes.com.br\/news\/wp-content\/uploads\/2024\/05\/COMUNIDADE-MEDITANTES-18.png 1280w\" sizes=\"auto, (max-width: 1024px) 100vw, 1024px\" \/><\/a><\/figure>\n\n\n\n<p>\ud83c\udf10 <a href=\"http:\/\/meditantes.com.br\/youtube\" target=\"_blank\" rel=\"noreferrer noopener\"><em>Meditantes PodCast no Youtube<\/em><\/a><\/p>\n\n\n\n<p><mark style=\"background-color:rgba(0, 0, 0, 0);color:#ffffff\" class=\"has-inline-color\">.<\/mark><\/p>\n\n\n\n<p><mark style=\"background-color:rgba(0, 0, 0, 0);color:#ffffff\" class=\"has-inline-color\">.<\/mark><\/p>\n\n\n\n<p><mark style=\"background-color:rgba(0, 0, 0, 0);color:#ffffff\" class=\"has-inline-color\">.<\/mark><\/p>\n\n\n\n<p><mark style=\"background-color:rgba(0, 0, 0, 0);color:#ffffff\" class=\"has-inline-color\">.<\/mark><\/p>\n\n\n\n<p><\/p>\n\n\n\n<p>\ud83d\ude01 <strong>Gostou? comenta, compartilha\u2026<\/strong><\/p>\n\n\n\n<p id=\"block-6c6da0e4-fdf2-4e30-8359-214eca8bcd8f\"><\/p>\n","protected":false},"excerpt":{"rendered":"<p>por: Reda\u00e7\u00e3o Meditantes Para quem est\u00e1 iniciando ou retomando as Pr\u00e1ticas Meditativas \u00e9 poss\u00edvel que se depare com alguns desafios&hellip;<\/p>\n","protected":false},"author":1,"featured_media":0,"comment_status":"open","ping_status":"open","sticky":false,"template":"","format":"standard","meta":{"footnotes":""},"categories":[148],"tags":[],"class_list":["post-1368","post","type-post","status-publish","format-standard","hentry","category-artigos"],"_links":{"self":[{"href":"https:\/\/meditantes.com.br\/news\/index.php?rest_route=\/wp\/v2\/posts\/1368","targetHints":{"allow":["GET"]}}],"collection":[{"href":"https:\/\/meditantes.com.br\/news\/index.php?rest_route=\/wp\/v2\/posts"}],"about":[{"href":"https:\/\/meditantes.com.br\/news\/index.php?rest_route=\/wp\/v2\/types\/post"}],"author":[{"embeddable":true,"href":"https:\/\/meditantes.com.br\/news\/index.php?rest_route=\/wp\/v2\/users\/1"}],"replies":[{"embeddable":true,"href":"https:\/\/meditantes.com.br\/news\/index.php?rest_route=%2Fwp%2Fv2%2Fcomments&post=1368"}],"version-history":[{"count":8,"href":"https:\/\/meditantes.com.br\/news\/index.php?rest_route=\/wp\/v2\/posts\/1368\/revisions"}],"predecessor-version":[{"id":5328,"href":"https:\/\/meditantes.com.br\/news\/index.php?rest_route=\/wp\/v2\/posts\/1368\/revisions\/5328"}],"wp:attachment":[{"href":"https:\/\/meditantes.com.br\/news\/index.php?rest_route=%2Fwp%2Fv2%2Fmedia&parent=1368"}],"wp:term":[{"taxonomy":"category","embeddable":true,"href":"https:\/\/meditantes.com.br\/news\/index.php?rest_route=%2Fwp%2Fv2%2Fcategories&post=1368"},{"taxonomy":"post_tag","embeddable":true,"href":"https:\/\/meditantes.com.br\/news\/index.php?rest_route=%2Fwp%2Fv2%2Ftags&post=1368"}],"curies":[{"name":"wp","href":"https:\/\/api.w.org\/{rel}","templated":true}]}}