{"id":1450,"date":"2024-05-07T06:00:00","date_gmt":"2024-05-07T06:00:00","guid":{"rendered":"https:\/\/meditantes.com.br\/news\/?p=1450"},"modified":"2024-05-07T10:27:59","modified_gmt":"2024-05-07T10:27:59","slug":"nao-tinha-interesse-na-meditacao","status":"publish","type":"post","link":"https:\/\/meditantes.com.br\/news\/?p=1450","title":{"rendered":"Sem interesse na Medita\u00e7\u00e3o"},"content":{"rendered":"\n<p><em>Mesmo com sua crescente aceita\u00e7\u00e3o e ado\u00e7\u00e3o por muitas pessoas ao redor do mundo, h\u00e1 ainda uma parcela significativa da popula\u00e7\u00e3o que n\u00e3o se sente atra\u00edda ou interessada em praticar medita\u00e7\u00e3o. <strong>Carlos Siqueira falara que no come\u00e7o n\u00e3o tinha interesse na Medita\u00e7\u00e3o.<\/strong><\/em><\/p>\n\n\n\n<figure class=\"wp-block-embed is-type-video is-provider-youtube wp-block-embed-youtube wp-embed-aspect-16-9 wp-has-aspect-ratio\"><div class=\"wp-block-embed__wrapper\">\n<iframe loading=\"lazy\" title=\"Sem interesse na Medita\u00e7\u00e3o\" width=\"500\" height=\"281\" src=\"https:\/\/www.youtube.com\/embed\/fHMO41ePJVY?list=PLjXLCSmO7rtrvXLAPUtXwHjh_WwOf-gvE\" frameborder=\"0\" allow=\"accelerometer; autoplay; clipboard-write; encrypted-media; gyroscope; picture-in-picture; web-share\" referrerpolicy=\"strict-origin-when-cross-origin\" allowfullscreen><\/iframe>\n<\/div><\/figure>\n\n\n\n<p><mark style=\"background-color:rgba(0, 0, 0, 0);color:#ffffff\" class=\"has-inline-color\">.<\/mark><\/p>\n\n\n\n<figure class=\"wp-block-image alignleft size-large is-resized\"><img loading=\"lazy\" decoding=\"async\" width=\"768\" height=\"1024\" src=\"https:\/\/meditantes.com.br\/news\/wp-content\/uploads\/2024\/04\/1-10-768x1024.png\" alt=\"\" class=\"wp-image-1487\" style=\"width:334px;height:auto\" srcset=\"https:\/\/meditantes.com.br\/news\/wp-content\/uploads\/2024\/04\/1-10-768x1024.png 768w, https:\/\/meditantes.com.br\/news\/wp-content\/uploads\/2024\/04\/1-10-225x300.png 225w, https:\/\/meditantes.com.br\/news\/wp-content\/uploads\/2024\/04\/1-10.png 960w\" sizes=\"auto, (max-width: 768px) 100vw, 768px\" \/><\/figure>\n\n\n\n<p>A medita\u00e7\u00e3o \u00e9 uma pr\u00e1tica antiga que tem ganhado cada vez mais popularidade nos \u00faltimos anos, devido aos seus potenciais benef\u00edcios para a sa\u00fade mental, emocional e f\u00edsica. No entanto, apesar de sua crescente aceita\u00e7\u00e3o e ado\u00e7\u00e3o por muitas pessoas ao redor do mundo, h\u00e1 ainda uma parcela significativa da popula\u00e7\u00e3o que n\u00e3o se sente atra\u00edda ou interessada em praticar medita\u00e7\u00e3o. Existem v\u00e1rias raz\u00f5es que podem contribuir para essa falta de interesse ou resist\u00eancia em rela\u00e7\u00e3o \u00e0 medita\u00e7\u00e3o, que v\u00e3o desde a falta de conhecimento sobre a pr\u00e1tica at\u00e9 preocupa\u00e7\u00f5es e ceticismo sobre seus benef\u00edcios. <\/p>\n\n\n\n<p><\/p>\n\n\n\n<p>Vamos explorar algumas das raz\u00f5es pelas quais algumas pessoas podem n\u00e3o se interessar em medita\u00e7\u00e3o:<\/p>\n\n\n\n<ol class=\"wp-block-list\">\n<li><strong>Desconhecimento ou falta de compreens\u00e3o<\/strong>: Para muitas pessoas, a medita\u00e7\u00e3o ainda \u00e9 um conceito desconhecido ou mal compreendido. Elas podem n\u00e3o estar familiarizadas com os diferentes tipos de medita\u00e7\u00e3o, suas t\u00e9cnicas e os benef\u00edcios que podem proporcionar.<\/li>\n\n\n\n<li><strong>Percep\u00e7\u00e3o de dificuldade<\/strong>: Alguns indiv\u00edduos podem considerar a medita\u00e7\u00e3o uma pr\u00e1tica dif\u00edcil de realizar. Eles podem acreditar que esvaziar a mente ou manter o foco durante a medita\u00e7\u00e3o \u00e9 algo desafiador ou at\u00e9 mesmo imposs\u00edvel.<\/li>\n\n\n\n<li><strong>Falta de tempo<\/strong>: Em um mundo cada vez mais ocupado, muitas pessoas podem sentir que n\u00e3o t\u00eam tempo suficiente para dedicar \u00e0 medita\u00e7\u00e3o. Elas podem ver a medita\u00e7\u00e3o como uma atividade que exige um compromisso de tempo significativo, algo que n\u00e3o podem se dar ao luxo de fazer em meio \u00e0s suas obriga\u00e7\u00f5es di\u00e1rias.<\/li>\n\n\n\n<li><strong>Ceticismo sobre os benef\u00edcios<\/strong>: Alguns indiv\u00edduos podem duvidar dos benef\u00edcios relatados da medita\u00e7\u00e3o, especialmente se eles n\u00e3o tiverem experimentado pessoalmente seus efeitos positivos. Eles podem ver a medita\u00e7\u00e3o como uma pr\u00e1tica esot\u00e9rica ou pseudocient\u00edfica, e por isso, questionam sua efic\u00e1cia.<\/li>\n\n\n\n<li><strong>Prefer\u00eancias pessoais<\/strong>: Cada pessoa \u00e9 \u00fanica, e o que funciona para uma pode n\u00e3o funcionar para outra. Algumas pessoas podem simplesmente preferir outras formas de relaxamento ou auto-reflex\u00e3o, como exerc\u00edcios f\u00edsicos, leitura, ou mesmo atividades criativas.<\/li>\n\n\n\n<li><strong>Resist\u00eancia \u00e0 mudan\u00e7a<\/strong>: Para algumas pessoas, a ideia de introduzir uma nova pr\u00e1tica em suas vidas pode ser desconfort\u00e1vel ou intimidadora. Elas podem resistir \u00e0 ideia de mudar sua rotina di\u00e1ria ou de sair de sua zona de conforto.<\/li>\n<\/ol>\n\n\n\n<p>Essas s\u00e3o apenas algumas das raz\u00f5es pelas quais algumas pessoas podem n\u00e3o se interessar em medita\u00e7\u00e3o. \u00c9 importante reconhecer que as prefer\u00eancias e necessidades individuais variam, e que n\u00e3o h\u00e1 uma abordagem \u00fanica que funcione para todos quando se trata de pr\u00e1ticas de bem-estar e espiritualidade.<\/p>\n\n\n\n<p><\/p>\n\n\n\n<p><\/p>\n\n\n\n<p><mark style=\"background-color:rgba(0, 0, 0, 0);color:#ffffff\" class=\"has-inline-color\">.<\/mark><\/p>\n\n\n\n<p><\/p>\n\n\n\n<p><mark style=\"background-color:rgba(0, 0, 0, 0);color:#ffffff\" class=\"has-inline-color\">.<\/mark><\/p>\n\n\n\n<p>Saiba mais sobre a Medita\u00e7\u00e3o Crist\u00e3 em:<a href=\"https:\/\/wccm.org\/o-que-e-meditacao\/\" target=\"_blank\" rel=\"noreferrer noopener\"> wccm.org<\/a><\/p>\n\n\n\n<p><mark style=\"background-color:rgba(0, 0, 0, 0);color:#ffffff\" class=\"has-inline-color\">.<\/mark><\/p>\n\n\n\n<p>\ud83c\udfa7 <strong>Playlist completa desse epis\u00f3dio no Youtube!<\/strong><mark style=\"background-color:rgba(0, 0, 0, 0);color:#ffffff\" class=\"has-inline-color\">.<\/mark><\/p>\n\n\n\n<figure class=\"wp-block-embed is-type-video is-provider-youtube wp-block-embed-youtube wp-embed-aspect-16-9 wp-has-aspect-ratio\"><div class=\"wp-block-embed__wrapper\">\n<iframe loading=\"lazy\" title=\"Meditantes PodCast #58\" width=\"500\" height=\"281\" src=\"https:\/\/www.youtube.com\/embed\/videoseries?list=PLjXLCSmO7rtrvXLAPUtXwHjh_WwOf-gvE\" frameborder=\"0\" allow=\"accelerometer; autoplay; clipboard-write; encrypted-media; gyroscope; picture-in-picture; web-share\" referrerpolicy=\"strict-origin-when-cross-origin\" allowfullscreen><\/iframe>\n<\/div><\/figure>\n\n\n\n<p><mark style=\"background-color:rgba(0, 0, 0, 0);color:#ffffff\" class=\"has-inline-color\">.<\/mark><\/p>\n\n\n\n<p>\ud83c\udfa7 <strong>Playlist completa desse epis\u00f3dio no Spotify<\/strong><\/p>\n\n\n\n<p><mark style=\"background-color:rgba(0, 0, 0, 0);color:#ffffff\" class=\"has-inline-color\">.<\/mark><\/p>\n\n\n\n<p><strong>Gostou?&nbsp;Comenta, compartilha\u2026<\/strong><\/p>\n","protected":false},"excerpt":{"rendered":"<p>Mesmo com sua crescente aceita\u00e7\u00e3o e ado\u00e7\u00e3o por muitas pessoas ao redor do mundo, h\u00e1 ainda uma parcela significativa da&hellip;<\/p>\n","protected":false},"author":1,"featured_media":0,"comment_status":"open","ping_status":"open","sticky":false,"template":"","format":"standard","meta":{"footnotes":""},"categories":[28,4,64],"tags":[],"class_list":["post-1450","post","type-post","status-publish","format-standard","hentry","category-meditantes-podcast-2a-temporada","category-meditantes-podcast","category-meditantes-podcast-58"],"_links":{"self":[{"href":"https:\/\/meditantes.com.br\/news\/index.php?rest_route=\/wp\/v2\/posts\/1450","targetHints":{"allow":["GET"]}}],"collection":[{"href":"https:\/\/meditantes.com.br\/news\/index.php?rest_route=\/wp\/v2\/posts"}],"about":[{"href":"https:\/\/meditantes.com.br\/news\/index.php?rest_route=\/wp\/v2\/types\/post"}],"author":[{"embeddable":true,"href":"https:\/\/meditantes.com.br\/news\/index.php?rest_route=\/wp\/v2\/users\/1"}],"replies":[{"embeddable":true,"href":"https:\/\/meditantes.com.br\/news\/index.php?rest_route=%2Fwp%2Fv2%2Fcomments&post=1450"}],"version-history":[{"count":7,"href":"https:\/\/meditantes.com.br\/news\/index.php?rest_route=\/wp\/v2\/posts\/1450\/revisions"}],"predecessor-version":[{"id":1713,"href":"https:\/\/meditantes.com.br\/news\/index.php?rest_route=\/wp\/v2\/posts\/1450\/revisions\/1713"}],"wp:attachment":[{"href":"https:\/\/meditantes.com.br\/news\/index.php?rest_route=%2Fwp%2Fv2%2Fmedia&parent=1450"}],"wp:term":[{"taxonomy":"category","embeddable":true,"href":"https:\/\/meditantes.com.br\/news\/index.php?rest_route=%2Fwp%2Fv2%2Fcategories&post=1450"},{"taxonomy":"post_tag","embeddable":true,"href":"https:\/\/meditantes.com.br\/news\/index.php?rest_route=%2Fwp%2Fv2%2Ftags&post=1450"}],"curies":[{"name":"wp","href":"https:\/\/api.w.org\/{rel}","templated":true}]}}