{"id":1456,"date":"2024-05-08T06:00:00","date_gmt":"2024-05-08T06:00:00","guid":{"rendered":"https:\/\/meditantes.com.br\/news\/?p=1456"},"modified":"2024-05-08T11:41:56","modified_gmt":"2024-05-08T11:41:56","slug":"tinha-desafios-para-praticar-meditacao-dentro-da-propria-casa","status":"publish","type":"post","link":"https:\/\/meditantes.com.br\/news\/?p=1456","title":{"rendered":"Desafios para Praticar Medita\u00e7\u00e3o em Casa"},"content":{"rendered":"\n<p><em>As pessoas da pr\u00f3pria casa, do ambiente familiar podem ter dificuldades em aceitar algu\u00e9m que est\u00e1 iniciando nas pr\u00e1ticas meditativas por uma variedade de raz\u00f5es, e essas dificuldades podem apresentar desafios significativos para o praticante. <strong>Carlos Siqueira conta que tinha desafios para realizar as Pr\u00e1ticas de Medita\u00e7\u00e3o dentro da pr\u00f3pria casa<\/strong><\/em>.<\/p>\n\n\n\n<figure class=\"wp-block-embed is-type-video is-provider-youtube wp-block-embed-youtube wp-embed-aspect-16-9 wp-has-aspect-ratio\"><div class=\"wp-block-embed__wrapper\">\n<iframe loading=\"lazy\" title=\"Desafios para Praticar Medita\u00e7\u00e3o em Casa\" width=\"500\" height=\"281\" src=\"https:\/\/www.youtube.com\/embed\/-nps-zx0-Wo?list=PLjXLCSmO7rtrvXLAPUtXwHjh_WwOf-gvE\" frameborder=\"0\" allow=\"accelerometer; autoplay; clipboard-write; encrypted-media; gyroscope; picture-in-picture; web-share\" referrerpolicy=\"strict-origin-when-cross-origin\" allowfullscreen><\/iframe>\n<\/div><\/figure>\n\n\n\n<p><mark style=\"background-color:rgba(0, 0, 0, 0);color:#ffffff\" class=\"has-inline-color\">.<\/mark><\/p>\n\n\n\n<figure class=\"wp-block-image alignleft size-large is-resized\"><img loading=\"lazy\" decoding=\"async\" width=\"768\" height=\"1024\" src=\"https:\/\/meditantes.com.br\/news\/wp-content\/uploads\/2024\/04\/4-2-768x1024.png\" alt=\"\" class=\"wp-image-1489\" style=\"width:342px;height:auto\" srcset=\"https:\/\/meditantes.com.br\/news\/wp-content\/uploads\/2024\/04\/4-2-768x1024.png 768w, https:\/\/meditantes.com.br\/news\/wp-content\/uploads\/2024\/04\/4-2-225x300.png 225w, https:\/\/meditantes.com.br\/news\/wp-content\/uploads\/2024\/04\/4-2.png 960w\" sizes=\"auto, (max-width: 768px) 100vw, 768px\" \/><\/figure>\n\n\n\n<p>Praticar medita\u00e7\u00e3o em casa pode ser uma jornada desafiadora devido a uma s\u00e9rie de fatores que podem interferir na experi\u00eancia de tranquilidade e concentra\u00e7\u00e3o. Aqui est\u00e3o alguns dos desafios espec\u00edficos que as pessoas enfrentam ao tentar meditar em seu pr\u00f3prio lar:<\/p>\n\n\n\n<ol class=\"wp-block-list\">\n<li><strong>Distra\u00e7\u00f5es dom\u00e9sticas<\/strong>: A casa est\u00e1 repleta de potenciais distra\u00e7\u00f5es, como barulhos de outros membros da fam\u00edlia, televis\u00e3o ligada, campainhas tocando, ou at\u00e9 mesmo animais de estima\u00e7\u00e3o. Estes podem interromper o foco e a calma necess\u00e1rios para a medita\u00e7\u00e3o.<\/li>\n\n\n\n<li><strong>Falta de privacidade<\/strong>: Em casas onde o espa\u00e7o \u00e9 compartilhado com outras pessoas, pode ser dif\u00edcil encontrar um local tranquilo e privado para meditar. A presen\u00e7a constante de familiares ou colegas de casa pode tornar dif\u00edcil encontrar momentos de solid\u00e3o e introspec\u00e7\u00e3o.<\/li>\n\n\n\n<li><strong>Limita\u00e7\u00f5es de espa\u00e7o<\/strong>: Algumas pessoas podem n\u00e3o ter um espa\u00e7o dedicado em sua casa para a pr\u00e1tica da medita\u00e7\u00e3o. Isso pode significar meditar em um ambiente desorganizado, apertado, ou pouco confort\u00e1vel, o que pode interferir na capacidade de relaxar e se concentrar.<\/li>\n\n\n\n<li><strong>Hor\u00e1rios agitados<\/strong>: O ritmo fren\u00e9tico da vida dom\u00e9stica, com suas demandas de trabalho, estudos, cuidados com a fam\u00edlia e outras responsabilidades, pode tornar dif\u00edcil encontrar tempo para meditar regularmente. Encontrar um momento tranquilo em meio a uma agenda lotada pode ser um desafio significativo.<\/li>\n\n\n\n<li><strong>Resist\u00eancia de familiares<\/strong>: Alguns familiares podem n\u00e3o entender ou apoiar a pr\u00e1tica da medita\u00e7\u00e3o, o que pode criar tens\u00e3o ou desconforto ao tentar meditar em casa. Coment\u00e1rios cr\u00edticos, incompreens\u00e3o ou at\u00e9 mesmo zombaria por parte de familiares podem dificultar a pr\u00e1tica consistente da medita\u00e7\u00e3o.<\/li>\n<\/ol>\n\n\n\n<p>Superar esses desafios requer criatividade, comprometimento e adapta\u00e7\u00e3o. Estabelecer uma rotina regular de medita\u00e7\u00e3o, comunicar suas necessidades aos membros da fam\u00edlia, criar um espa\u00e7o de medita\u00e7\u00e3o tranquilo e aprender a lidar com as distra\u00e7\u00f5es s\u00e3o algumas estrat\u00e9gias que podem ajudar a tornar a pr\u00e1tica da medita\u00e7\u00e3o em casa mais vi\u00e1vel e gratificante.<\/p>\n\n\n\n<p><\/p>\n\n\n\n<p><\/p>\n\n\n\n<p>.<\/p>\n\n\n\n<p><\/p>\n\n\n\n<p><mark style=\"background-color:rgba(0, 0, 0, 0);color:#ffffff\" class=\"has-inline-color\">.<\/mark><\/p>\n\n\n\n<p>Saiba mais sobre a Medita\u00e7\u00e3o Crist\u00e3 em:<a href=\"https:\/\/wccm.org\/o-que-e-meditacao\/\" target=\"_blank\" rel=\"noreferrer noopener\"> wccm.org<\/a><\/p>\n\n\n\n<p><mark style=\"background-color:rgba(0, 0, 0, 0);color:#ffffff\" class=\"has-inline-color\">.<\/mark><\/p>\n\n\n\n<p>\ud83c\udfa7 <strong>Playlist completa desse epis\u00f3dio no Youtube!<\/strong><mark style=\"background-color:rgba(0, 0, 0, 0);color:#ffffff\" class=\"has-inline-color\">.<\/mark><\/p>\n\n\n\n<figure class=\"wp-block-embed is-type-video is-provider-youtube wp-block-embed-youtube wp-embed-aspect-16-9 wp-has-aspect-ratio\"><div class=\"wp-block-embed__wrapper\">\n<iframe loading=\"lazy\" title=\"Meditantes PodCast #58\" width=\"500\" height=\"281\" src=\"https:\/\/www.youtube.com\/embed\/videoseries?list=PLjXLCSmO7rtrvXLAPUtXwHjh_WwOf-gvE\" frameborder=\"0\" allow=\"accelerometer; autoplay; clipboard-write; encrypted-media; gyroscope; picture-in-picture; web-share\" referrerpolicy=\"strict-origin-when-cross-origin\" allowfullscreen><\/iframe>\n<\/div><\/figure>\n\n\n\n<p><mark style=\"background-color:rgba(0, 0, 0, 0);color:#ffffff\" class=\"has-inline-color\">.<\/mark><\/p>\n\n\n\n<p>\ud83c\udfa7 <strong>Playlist completa desse epis\u00f3dio no Spotify<\/strong><\/p>\n\n\n\n<p><mark style=\"background-color:rgba(0, 0, 0, 0);color:#ffffff\" class=\"has-inline-color\">.<\/mark><\/p>\n\n\n\n<p><strong>Gostou?&nbsp;Comenta, compartilha\u2026<\/strong><\/p>\n","protected":false},"excerpt":{"rendered":"<p>As pessoas da pr\u00f3pria casa, do ambiente familiar podem ter dificuldades em aceitar algu\u00e9m que est\u00e1 iniciando nas pr\u00e1ticas meditativas&hellip;<\/p>\n","protected":false},"author":1,"featured_media":0,"comment_status":"open","ping_status":"open","sticky":false,"template":"","format":"standard","meta":{"footnotes":""},"categories":[28,4,64],"tags":[],"class_list":["post-1456","post","type-post","status-publish","format-standard","hentry","category-meditantes-podcast-2a-temporada","category-meditantes-podcast","category-meditantes-podcast-58"],"_links":{"self":[{"href":"https:\/\/meditantes.com.br\/news\/index.php?rest_route=\/wp\/v2\/posts\/1456","targetHints":{"allow":["GET"]}}],"collection":[{"href":"https:\/\/meditantes.com.br\/news\/index.php?rest_route=\/wp\/v2\/posts"}],"about":[{"href":"https:\/\/meditantes.com.br\/news\/index.php?rest_route=\/wp\/v2\/types\/post"}],"author":[{"embeddable":true,"href":"https:\/\/meditantes.com.br\/news\/index.php?rest_route=\/wp\/v2\/users\/1"}],"replies":[{"embeddable":true,"href":"https:\/\/meditantes.com.br\/news\/index.php?rest_route=%2Fwp%2Fv2%2Fcomments&post=1456"}],"version-history":[{"count":7,"href":"https:\/\/meditantes.com.br\/news\/index.php?rest_route=\/wp\/v2\/posts\/1456\/revisions"}],"predecessor-version":[{"id":1714,"href":"https:\/\/meditantes.com.br\/news\/index.php?rest_route=\/wp\/v2\/posts\/1456\/revisions\/1714"}],"wp:attachment":[{"href":"https:\/\/meditantes.com.br\/news\/index.php?rest_route=%2Fwp%2Fv2%2Fmedia&parent=1456"}],"wp:term":[{"taxonomy":"category","embeddable":true,"href":"https:\/\/meditantes.com.br\/news\/index.php?rest_route=%2Fwp%2Fv2%2Fcategories&post=1456"},{"taxonomy":"post_tag","embeddable":true,"href":"https:\/\/meditantes.com.br\/news\/index.php?rest_route=%2Fwp%2Fv2%2Ftags&post=1456"}],"curies":[{"name":"wp","href":"https:\/\/api.w.org\/{rel}","templated":true}]}}