{"id":1458,"date":"2024-05-09T06:00:00","date_gmt":"2024-05-09T06:00:00","guid":{"rendered":"https:\/\/meditantes.com.br\/news\/?p=1458"},"modified":"2024-05-09T10:07:51","modified_gmt":"2024-05-09T10:07:51","slug":"frutos-da-meditacao-ou-frutos-do-espirito","status":"publish","type":"post","link":"https:\/\/meditantes.com.br\/news\/?p=1458","title":{"rendered":"Frutos da Medita\u00e7\u00e3o ou Frutos do Esp\u00edrito"},"content":{"rendered":"\n<p><em>Os &#8220;frutos da medita\u00e7\u00e3o&#8221; referem-se aos benef\u00edcios ou resultados que uma pessoa pode experimentar como resultado de sua pr\u00e1tica regular de medita\u00e7\u00e3o. <strong>Carlos Siqueira fala sobre os Frutos da Medita\u00e7\u00e3o ou Frutos do Esp\u00edrito no Meditantes PodCast.<\/strong><\/em><\/p>\n\n\n\n<figure class=\"wp-block-embed is-type-video is-provider-youtube wp-block-embed-youtube wp-embed-aspect-16-9 wp-has-aspect-ratio\"><div class=\"wp-block-embed__wrapper\">\n<iframe loading=\"lazy\" title=\"Os Frutos da Medita\u00e7\u00e3o e os Frutos do Esp\u00edrito\" width=\"500\" height=\"281\" src=\"https:\/\/www.youtube.com\/embed\/GfRJIZxxVYw?list=PLjXLCSmO7rtrvXLAPUtXwHjh_WwOf-gvE\" frameborder=\"0\" allow=\"accelerometer; autoplay; clipboard-write; encrypted-media; gyroscope; picture-in-picture; web-share\" referrerpolicy=\"strict-origin-when-cross-origin\" allowfullscreen><\/iframe>\n<\/div><\/figure>\n\n\n\n<p><mark style=\"background-color:rgba(0, 0, 0, 0);color:#ffffff\" class=\"has-inline-color\">.<\/mark><\/p>\n\n\n\n<figure class=\"wp-block-image alignleft size-large is-resized\"><img loading=\"lazy\" decoding=\"async\" width=\"768\" height=\"1024\" src=\"https:\/\/meditantes.com.br\/news\/wp-content\/uploads\/2024\/04\/7-5-768x1024.png\" alt=\"\" class=\"wp-image-1491\" style=\"width:340px;height:auto\" srcset=\"https:\/\/meditantes.com.br\/news\/wp-content\/uploads\/2024\/04\/7-5-768x1024.png 768w, https:\/\/meditantes.com.br\/news\/wp-content\/uploads\/2024\/04\/7-5-225x300.png 225w, https:\/\/meditantes.com.br\/news\/wp-content\/uploads\/2024\/04\/7-5.png 960w\" sizes=\"auto, (max-width: 768px) 100vw, 768px\" \/><\/figure>\n\n\n\n<p>Os &#8220;frutos da medita\u00e7\u00e3o&#8221; e os &#8220;frutos do Esp\u00edrito&#8221; est\u00e3o associados ao desenvolvimento pessoal e espiritual. Vamos explorar cada um deles:<\/p>\n\n\n\n<ol class=\"wp-block-list\">\n<li><strong>Frutos da Medita\u00e7\u00e3o<\/strong>: Os frutos da medita\u00e7\u00e3o referem-se aos benef\u00edcios que uma pessoa pode colher como resultado de sua pr\u00e1tica regular de medita\u00e7\u00e3o. Esses frutos podem se manifestar em v\u00e1rios aspectos da vida de algu\u00e9m, incluindo mental, emocional, f\u00edsico e espiritual. Alguns dos frutos comuns da medita\u00e7\u00e3o incluem:<\/li>\n<\/ol>\n\n\n\n<ul class=\"wp-block-list\">\n<li>Redu\u00e7\u00e3o do estresse e ansiedade.<\/li>\n\n\n\n<li>Aumento da clareza mental e concentra\u00e7\u00e3o.<\/li>\n\n\n\n<li>Melhoria do bem-estar emocional e estabilidade.<\/li>\n\n\n\n<li>Aumento da empatia, compaix\u00e3o e relacionamentos interpessoais.<\/li>\n\n\n\n<li>Melhoria da sa\u00fade f\u00edsica, incluindo redu\u00e7\u00e3o da press\u00e3o arterial, fortalecimento do sistema imunol\u00f3gico e al\u00edvio da dor cr\u00f4nica.<\/li>\n\n\n\n<li>Crescimento espiritual e autoconhecimento.<\/li>\n<\/ul>\n\n\n\n<p><\/p>\n\n\n\n<ol class=\"wp-block-list\" start=\"2\">\n<li><strong>Frutos do Esp\u00edrito<\/strong>: Os frutos do Esp\u00edrito s\u00e3o mencionados na B\u00edblia no Novo Testamento, na carta de Paulo aos G\u00e1latas (G\u00e1latas 5:22-23), como caracter\u00edsticas ou qualidades que s\u00e3o produzidas na vida de um crente como resultado do Esp\u00edrito Santo que habita nele. Esses frutos s\u00e3o considerados virtudes espirituais que refletem a natureza de Deus e s\u00e3o express\u00f5es do car\u00e1ter crist\u00e3o. Eles incluem:<\/li>\n<\/ol>\n\n\n\n<ul class=\"wp-block-list\">\n<li>Amor<\/li>\n\n\n\n<li>Alegria<\/li>\n\n\n\n<li>Paz<\/li>\n\n\n\n<li>Paci\u00eancia<\/li>\n\n\n\n<li>Benignidade (ou bondade)<\/li>\n\n\n\n<li>Bondade<\/li>\n\n\n\n<li>Fidelidade<\/li>\n\n\n\n<li>Mansid\u00e3o (ou humildade)<\/li>\n\n\n\n<li>Dom\u00ednio pr\u00f3prio (ou autocontrole)<\/li>\n<\/ul>\n\n\n\n<p>Esses frutos s\u00e3o vistos como evid\u00eancias tang\u00edveis da transforma\u00e7\u00e3o espiritual que ocorre na vida de algu\u00e9m que est\u00e1 em comunh\u00e3o com Deus e que permite que o Esp\u00edrito Santo opere em sua vida.<\/p>\n\n\n\n<p><\/p>\n\n\n\n<p><\/p>\n\n\n\n<p>.<\/p>\n\n\n\n<p><\/p>\n\n\n\n<p><mark style=\"background-color:rgba(0, 0, 0, 0);color:#ffffff\" class=\"has-inline-color\">.<\/mark><\/p>\n\n\n\n<p>Saiba mais sobre a Medita\u00e7\u00e3o Crist\u00e3 em:<a href=\"https:\/\/wccm.org\/o-que-e-meditacao\/\" target=\"_blank\" rel=\"noreferrer noopener\"> wccm.org<\/a><\/p>\n\n\n\n<p><mark style=\"background-color:rgba(0, 0, 0, 0);color:#ffffff\" class=\"has-inline-color\">.<\/mark><\/p>\n\n\n\n<p>\ud83c\udfa7 <strong>Playlist completa desse epis\u00f3dio no Youtube!<\/strong><mark style=\"background-color:rgba(0, 0, 0, 0);color:#ffffff\" class=\"has-inline-color\">.<\/mark><\/p>\n\n\n\n<figure class=\"wp-block-embed is-type-video is-provider-youtube wp-block-embed-youtube wp-embed-aspect-16-9 wp-has-aspect-ratio\"><div class=\"wp-block-embed__wrapper\">\n<iframe loading=\"lazy\" title=\"Meditantes PodCast #58\" width=\"500\" height=\"281\" src=\"https:\/\/www.youtube.com\/embed\/videoseries?list=PLjXLCSmO7rtrvXLAPUtXwHjh_WwOf-gvE\" frameborder=\"0\" allow=\"accelerometer; autoplay; clipboard-write; encrypted-media; gyroscope; picture-in-picture; web-share\" referrerpolicy=\"strict-origin-when-cross-origin\" allowfullscreen><\/iframe>\n<\/div><\/figure>\n\n\n\n<p><mark style=\"background-color:rgba(0, 0, 0, 0);color:#ffffff\" class=\"has-inline-color\">.<\/mark><\/p>\n\n\n\n<p>\ud83c\udfa7 <strong>Playlist completa desse epis\u00f3dio no Spotify<\/strong><\/p>\n\n\n\n<p><mark style=\"background-color:rgba(0, 0, 0, 0);color:#ffffff\" class=\"has-inline-color\">.<\/mark><\/p>\n\n\n\n<p><strong>Gostou?&nbsp;Comenta, compartilha\u2026<\/strong><\/p>\n","protected":false},"excerpt":{"rendered":"<p>Os &#8220;frutos da medita\u00e7\u00e3o&#8221; referem-se aos benef\u00edcios ou resultados que uma pessoa pode experimentar como resultado de sua pr\u00e1tica regular&hellip;<\/p>\n","protected":false},"author":1,"featured_media":0,"comment_status":"open","ping_status":"open","sticky":false,"template":"","format":"standard","meta":{"footnotes":""},"categories":[28,4,64],"tags":[],"class_list":["post-1458","post","type-post","status-publish","format-standard","hentry","category-meditantes-podcast-2a-temporada","category-meditantes-podcast","category-meditantes-podcast-58"],"_links":{"self":[{"href":"https:\/\/meditantes.com.br\/news\/index.php?rest_route=\/wp\/v2\/posts\/1458","targetHints":{"allow":["GET"]}}],"collection":[{"href":"https:\/\/meditantes.com.br\/news\/index.php?rest_route=\/wp\/v2\/posts"}],"about":[{"href":"https:\/\/meditantes.com.br\/news\/index.php?rest_route=\/wp\/v2\/types\/post"}],"author":[{"embeddable":true,"href":"https:\/\/meditantes.com.br\/news\/index.php?rest_route=\/wp\/v2\/users\/1"}],"replies":[{"embeddable":true,"href":"https:\/\/meditantes.com.br\/news\/index.php?rest_route=%2Fwp%2Fv2%2Fcomments&post=1458"}],"version-history":[{"count":6,"href":"https:\/\/meditantes.com.br\/news\/index.php?rest_route=\/wp\/v2\/posts\/1458\/revisions"}],"predecessor-version":[{"id":1719,"href":"https:\/\/meditantes.com.br\/news\/index.php?rest_route=\/wp\/v2\/posts\/1458\/revisions\/1719"}],"wp:attachment":[{"href":"https:\/\/meditantes.com.br\/news\/index.php?rest_route=%2Fwp%2Fv2%2Fmedia&parent=1458"}],"wp:term":[{"taxonomy":"category","embeddable":true,"href":"https:\/\/meditantes.com.br\/news\/index.php?rest_route=%2Fwp%2Fv2%2Fcategories&post=1458"},{"taxonomy":"post_tag","embeddable":true,"href":"https:\/\/meditantes.com.br\/news\/index.php?rest_route=%2Fwp%2Fv2%2Ftags&post=1458"}],"curies":[{"name":"wp","href":"https:\/\/api.w.org\/{rel}","templated":true}]}}