{"id":1766,"date":"2024-05-23T06:00:57","date_gmt":"2024-05-23T06:00:57","guid":{"rendered":"https:\/\/meditantes.com.br\/news\/?p=1766"},"modified":"2024-05-23T11:53:21","modified_gmt":"2024-05-23T11:53:21","slug":"lugares-que-nos-assustam-com-fernando-belatto","status":"publish","type":"post","link":"https:\/\/meditantes.com.br\/news\/?p=1766","title":{"rendered":"Lugares que nos Assustam com Fernando Belatto"},"content":{"rendered":"\n<p><em>Esse \u00e9 um convite para embarcarmos em uma jornada de autoconhecimento e transforma\u00e7\u00e3o interior, aprendendo que \u00e9 poss\u00edvel viver com mais coragem, compaix\u00e3o e autenticidade, mesmo diante das adversidades. No Meditantes PodCast Fernando Belatto fala sobre os Lugares que nos Assustam.<\/em><\/p>\n\n\n\n<figure class=\"wp-block-embed is-type-video is-provider-youtube wp-block-embed-youtube wp-embed-aspect-16-9 wp-has-aspect-ratio\"><div class=\"wp-block-embed__wrapper\">\n<iframe loading=\"lazy\" title=\"Lugares que nos Assustam com Fernando Belatto\" width=\"500\" height=\"281\" src=\"https:\/\/www.youtube.com\/embed\/fYdMwu1pXkg?list=PLjXLCSmO7rtoDIdRlNBak5s-yHzeJ5m0r\" frameborder=\"0\" allow=\"accelerometer; autoplay; clipboard-write; encrypted-media; gyroscope; picture-in-picture; web-share\" referrerpolicy=\"strict-origin-when-cross-origin\" allowfullscreen><\/iframe>\n<\/div><\/figure>\n\n\n\n<p><mark style=\"background-color:rgba(0, 0, 0, 0);color:#ffffff\" class=\"has-inline-color\">.<\/mark><\/p>\n\n\n\n<figure class=\"wp-block-image alignleft size-large is-resized\"><img loading=\"lazy\" decoding=\"async\" width=\"768\" height=\"1024\" src=\"https:\/\/meditantes.com.br\/news\/wp-content\/uploads\/2024\/05\/20-768x1024.png\" alt=\"\" class=\"wp-image-1969\" style=\"width:347px;height:auto\" srcset=\"https:\/\/meditantes.com.br\/news\/wp-content\/uploads\/2024\/05\/20-768x1024.png 768w, https:\/\/meditantes.com.br\/news\/wp-content\/uploads\/2024\/05\/20-225x300.png 225w, https:\/\/meditantes.com.br\/news\/wp-content\/uploads\/2024\/05\/20.png 960w\" sizes=\"auto, (max-width: 768px) 100vw, 768px\" \/><\/figure>\n\n\n\n<p>&#8220;Lugares que nos Assustam&#8221; \u00e9 uma obra iluminadora da monja budista Pema Ch\u00f6dr\u00f6n, que convida os leitores a embarcarem em uma jornada de autoconhecimento e transforma\u00e7\u00e3o interior. Com uma abordagem compassiva e perspicaz, Ch\u00f6dr\u00f6n nos desafia a enfrentar nossos medos mais profundos e as emo\u00e7\u00f5es que evitamos, revelando como esses &#8216;lugares&#8217; podem se tornar fontes de grande sabedoria e crescimento pessoal. Neste livro, a autora oferece ferramentas pr\u00e1ticas e ensinamentos profundos para transformar o sofrimento e a dor em coragem e compaix\u00e3o, demonstrando que \u00e9 poss\u00edvel viver uma vida mais plena e aut\u00eantica, mesmo diante das adversidades.<\/p>\n\n\n\n<h3 class=\"wp-block-heading\">Principais T\u00f3picos do Livro<\/h3>\n\n\n\n<ol class=\"wp-block-list\">\n<li><strong>Aceita\u00e7\u00e3o do Medo e da Dor<\/strong>\n<ul class=\"wp-block-list\">\n<li><strong>Natureza Inevit\u00e1vel do Sofrimento<\/strong>: Ch\u00f6dr\u00f6n enfatiza que o sofrimento \u00e9 uma parte inevit\u00e1vel da vida humana. Ela nos encoraja a aceitar o medo e a dor como experi\u00eancias naturais e a abord\u00e1-las com uma mente aberta e curiosa.<\/li>\n\n\n\n<li><strong>Acolhimento das Emo\u00e7\u00f5es<\/strong>: Em vez de fugir ou suprimir emo\u00e7\u00f5es dif\u00edceis, devemos acolh\u00ea-las e examin\u00e1-las. Isso nos ajuda a compreender e trabalhar com nossas rea\u00e7\u00f5es emocionais.<\/li>\n<\/ul>\n<\/li>\n\n\n\n<li><strong>Pr\u00e1tica da Compaix\u00e3o<\/strong>\n<ul class=\"wp-block-list\">\n<li><strong>Tonglen<\/strong>: A pr\u00e1tica de tonglen, ou &#8216;dar e receber&#8217;, \u00e9 central no livro. Tonglen envolve inspirar o sofrimento dos outros e expirar al\u00edvio e felicidade, cultivando a compaix\u00e3o e a empatia.<\/li>\n\n\n\n<li><strong>Cultivo do Amor-Bondade<\/strong>: Desenvolver uma atitude de amor e bondade, tanto para si mesmo quanto para os outros, \u00e9 essencial para viver com compaix\u00e3o.<\/li>\n<\/ul>\n<\/li>\n\n\n\n<li><strong>Transforma\u00e7\u00e3o das Emo\u00e7\u00f5es<\/strong>\n<ul class=\"wp-block-list\">\n<li><strong>Alquimia Emocional<\/strong>: Ch\u00f6dr\u00f6n sugere que podemos transformar emo\u00e7\u00f5es negativas em fontes de for\u00e7a e sabedoria. Enfrentar diretamente nossos medos e dores desmantela o poder que eles t\u00eam sobre n\u00f3s.<\/li>\n\n\n\n<li><strong>Despertar Corajoso<\/strong>: A coragem n\u00e3o \u00e9 a aus\u00eancia de medo, mas a disposi\u00e7\u00e3o de enfrent\u00e1-lo e aprender com ele. Isso nos permite viver de maneira mais aut\u00eantica e corajosa.<\/li>\n<\/ul>\n<\/li>\n\n\n\n<li><strong>Mindfulness e Presen\u00e7a Plena<\/strong>\n<ul class=\"wp-block-list\">\n<li><strong>Aten\u00e7\u00e3o Plena<\/strong>: A pr\u00e1tica da aten\u00e7\u00e3o plena \u00e9 crucial para observar nossos pensamentos e emo\u00e7\u00f5es sem julgamento. Isso nos permite responder de maneira mais equilibrada e consciente \u00e0s situa\u00e7\u00f5es desafiadoras.<\/li>\n\n\n\n<li><strong>Viver no Momento Presente<\/strong>: A import\u00e2ncia de estar presente e consciente em cada momento \u00e9 destacada como uma forma de reduzir o sofrimento e aumentar a paz interior.<\/li>\n<\/ul>\n<\/li>\n\n\n\n<li><strong>Vulnerabilidade como For\u00e7a<\/strong>\n<ul class=\"wp-block-list\">\n<li><strong>Abertura para a Vulnerabilidade<\/strong>: Ch\u00f6dr\u00f6n prop\u00f5e que a verdadeira for\u00e7a vem da disposi\u00e7\u00e3o para sermos vulner\u00e1veis. Ao abrir nossos cora\u00e7\u00f5es para as dificuldades, cultivamos resili\u00eancia e coragem.<\/li>\n\n\n\n<li><strong>Autenticidade e Honestidade<\/strong>: Ser honesto consigo mesmo e com os outros, mesmo nas situa\u00e7\u00f5es dif\u00edceis, \u00e9 essencial para desenvolver uma verdadeira conex\u00e3o e compaix\u00e3o.<\/li>\n<\/ul>\n<\/li>\n<\/ol>\n\n\n\n<h3 class=\"wp-block-heading\">Ferramentas e Pr\u00e1ticas<\/h3>\n\n\n\n<ul class=\"wp-block-list\">\n<li><strong>Medita\u00e7\u00e3o Regular<\/strong>: Estabelecer uma pr\u00e1tica meditativa di\u00e1ria para desenvolver a capacidade de estar presente com nossos pensamentos e emo\u00e7\u00f5es.<\/li>\n\n\n\n<li><strong>Pr\u00e1tica de Tonglen<\/strong>: Incorporar a pr\u00e1tica de tonglen para cultivar a compaix\u00e3o, inspirando o sofrimento e expirando al\u00edvio para si mesmo e para os outros.<\/li>\n\n\n\n<li><strong>Di\u00e1rio de Reflex\u00e3o<\/strong>: Manter um di\u00e1rio para refletir sobre as emo\u00e7\u00f5es e experi\u00eancias di\u00e1rias, identificando padr\u00f5es de medo e rea\u00e7\u00e3o.<\/li>\n\n\n\n<li><strong>Exerc\u00edcios de Mindfulness<\/strong>: Integrar exerc\u00edcios de aten\u00e7\u00e3o plena na rotina di\u00e1ria, como a observa\u00e7\u00e3o consciente da respira\u00e7\u00e3o e das sensa\u00e7\u00f5es corporais.<\/li>\n<\/ul>\n\n\n\n<h3 class=\"wp-block-heading\">Conclus\u00e3o<\/h3>\n\n\n\n<p>&#8220;Lugares que nos Assustam&#8221; \u00e9 um guia transformador que oferece uma vis\u00e3o profunda sobre como enfrentar e transformar nossos medos mais profundos. Pema Ch\u00f6dr\u00f6n, com sua sabedoria e compaix\u00e3o, nos ensina que \u00e9 poss\u00edvel viver com mais coragem, compaix\u00e3o e autenticidade, mesmo diante das adversidades. Este livro \u00e9 uma leitura essencial para qualquer pessoa em busca de crescimento espiritual e emocional, proporcionando um caminho claro e pr\u00e1tico para o despertar interior.<\/p>\n\n\n\n<p><mark style=\"background-color:rgba(0, 0, 0, 0);color:#ffffff\" class=\"has-inline-color\">.<\/mark><\/p>\n\n\n\n<p>\ud83c\udfa7 <strong>Playlist completa desse epis\u00f3dio no Youtube!<\/strong><mark style=\"background-color:rgba(0, 0, 0, 0);color:#ffffff\" class=\"has-inline-color\">.<\/mark><\/p>\n\n\n\n<figure class=\"wp-block-embed is-type-video is-provider-youtube wp-block-embed-youtube wp-embed-aspect-16-9 wp-has-aspect-ratio\"><div class=\"wp-block-embed__wrapper\">\n<iframe loading=\"lazy\" title=\"Meditantes PodCast #60\" width=\"500\" height=\"281\" src=\"https:\/\/www.youtube.com\/embed\/videoseries?list=PLjXLCSmO7rtoDIdRlNBak5s-yHzeJ5m0r\" frameborder=\"0\" allow=\"accelerometer; autoplay; clipboard-write; encrypted-media; gyroscope; picture-in-picture; web-share\" referrerpolicy=\"strict-origin-when-cross-origin\" allowfullscreen><\/iframe>\n<\/div><\/figure>\n\n\n\n<p><mark style=\"background-color:rgba(0, 0, 0, 0);color:#ffffff\" class=\"has-inline-color\">.<\/mark><\/p>\n\n\n\n<p>\ud83c\udfa7 <strong>Playlist completa desse epis\u00f3dio no Spotify<\/strong><\/p>\n\n\n\n<figure class=\"wp-block-embed is-type-rich is-provider-spotify wp-block-embed-spotify wp-embed-aspect-21-9 wp-has-aspect-ratio\"><div class=\"wp-block-embed__wrapper\">\n<iframe title=\"Spotify Embed: Meditantes PodCast #60\" style=\"border-radius: 12px\" width=\"100%\" height=\"352\" frameborder=\"0\" allowfullscreen allow=\"autoplay; clipboard-write; encrypted-media; fullscreen; picture-in-picture\" loading=\"lazy\" src=\"https:\/\/open.spotify.com\/embed\/playlist\/0xAPTseYwTxye2OaoPs8TO?utm_source=oembed\"><\/iframe>\n<\/div><\/figure>\n\n\n\n<p><mark style=\"background-color:rgba(0, 0, 0, 0);color:#ffffff\" class=\"has-inline-color\">.<\/mark><\/p>\n\n\n\n<p><strong>Gostou?&nbsp;Comenta, compartilha\u2026<\/strong><\/p>\n","protected":false},"excerpt":{"rendered":"<p>Esse \u00e9 um convite para embarcarmos em uma jornada de autoconhecimento e transforma\u00e7\u00e3o interior, aprendendo que \u00e9 poss\u00edvel viver com&hellip;<\/p>\n","protected":false},"author":1,"featured_media":0,"comment_status":"open","ping_status":"open","sticky":false,"template":"","format":"standard","meta":{"footnotes":""},"categories":[28,4,67],"tags":[],"class_list":["post-1766","post","type-post","status-publish","format-standard","hentry","category-meditantes-podcast-2a-temporada","category-meditantes-podcast","category-meditantes-podcast-60"],"_links":{"self":[{"href":"https:\/\/meditantes.com.br\/news\/index.php?rest_route=\/wp\/v2\/posts\/1766","targetHints":{"allow":["GET"]}}],"collection":[{"href":"https:\/\/meditantes.com.br\/news\/index.php?rest_route=\/wp\/v2\/posts"}],"about":[{"href":"https:\/\/meditantes.com.br\/news\/index.php?rest_route=\/wp\/v2\/types\/post"}],"author":[{"embeddable":true,"href":"https:\/\/meditantes.com.br\/news\/index.php?rest_route=\/wp\/v2\/users\/1"}],"replies":[{"embeddable":true,"href":"https:\/\/meditantes.com.br\/news\/index.php?rest_route=%2Fwp%2Fv2%2Fcomments&post=1766"}],"version-history":[{"count":4,"href":"https:\/\/meditantes.com.br\/news\/index.php?rest_route=\/wp\/v2\/posts\/1766\/revisions"}],"predecessor-version":[{"id":2237,"href":"https:\/\/meditantes.com.br\/news\/index.php?rest_route=\/wp\/v2\/posts\/1766\/revisions\/2237"}],"wp:attachment":[{"href":"https:\/\/meditantes.com.br\/news\/index.php?rest_route=%2Fwp%2Fv2%2Fmedia&parent=1766"}],"wp:term":[{"taxonomy":"category","embeddable":true,"href":"https:\/\/meditantes.com.br\/news\/index.php?rest_route=%2Fwp%2Fv2%2Fcategories&post=1766"},{"taxonomy":"post_tag","embeddable":true,"href":"https:\/\/meditantes.com.br\/news\/index.php?rest_route=%2Fwp%2Fv2%2Ftags&post=1766"}],"curies":[{"name":"wp","href":"https:\/\/api.w.org\/{rel}","templated":true}]}}