{"id":1769,"date":"2024-05-24T06:00:29","date_gmt":"2024-05-24T06:00:29","guid":{"rendered":"https:\/\/meditantes.com.br\/news\/?p=1769"},"modified":"2024-05-24T08:52:59","modified_gmt":"2024-05-24T08:52:59","slug":"meditacao-com-fernando-belatto","status":"publish","type":"post","link":"https:\/\/meditantes.com.br\/news\/?p=1769","title":{"rendered":"Medita\u00e7\u00e3o com Fernando Belatto"},"content":{"rendered":"\n<p><em>A medita\u00e7\u00e3o \u00e9 uma pr\u00e1tica essencial para o guerreiro, seja no contexto literal de um praticante de artes marciais ou no sentido metaf\u00f3rico de algu\u00e9m enfrentando os desafios da vida.<\/em> Vem Meditar com Fernando Belatto.<\/p>\n\n\n\n<figure class=\"wp-block-embed is-type-video is-provider-youtube wp-block-embed-youtube wp-embed-aspect-16-9 wp-has-aspect-ratio\"><div class=\"wp-block-embed__wrapper\">\n<iframe loading=\"lazy\" title=\"Medita\u00e7\u00e3o do Guerreiro com Fernando Belatto\" width=\"500\" height=\"281\" src=\"https:\/\/www.youtube.com\/embed\/1nDCJYUpSGs?list=PLjXLCSmO7rtoDIdRlNBak5s-yHzeJ5m0r\" frameborder=\"0\" allow=\"accelerometer; autoplay; clipboard-write; encrypted-media; gyroscope; picture-in-picture; web-share\" referrerpolicy=\"strict-origin-when-cross-origin\" allowfullscreen><\/iframe>\n<\/div><\/figure>\n\n\n\n<p><mark style=\"background-color:rgba(0, 0, 0, 0);color:#ffffff\" class=\"has-inline-color\">.<\/mark><\/p>\n\n\n\n<figure class=\"wp-block-image alignleft size-large is-resized\"><img loading=\"lazy\" decoding=\"async\" width=\"768\" height=\"1024\" src=\"https:\/\/meditantes.com.br\/news\/wp-content\/uploads\/2024\/05\/23-768x1024.png\" alt=\"\" class=\"wp-image-1970\" style=\"width:338px;height:auto\" srcset=\"https:\/\/meditantes.com.br\/news\/wp-content\/uploads\/2024\/05\/23-768x1024.png 768w, https:\/\/meditantes.com.br\/news\/wp-content\/uploads\/2024\/05\/23-225x300.png 225w, https:\/\/meditantes.com.br\/news\/wp-content\/uploads\/2024\/05\/23.png 960w\" sizes=\"auto, (max-width: 768px) 100vw, 768px\" \/><\/figure>\n\n\n\n<p>A integra\u00e7\u00e3o da medita\u00e7\u00e3o no treinamento e na vida di\u00e1ria do guerreiro oferece uma s\u00e9rie de benef\u00edcios que fortalecem tanto o corpo quanto a mente. Aqui est\u00e3o algumas raz\u00f5es detalhadas sobre a import\u00e2ncia da medita\u00e7\u00e3o para o guerreiro:<\/p>\n\n\n\n<ol class=\"wp-block-list\">\n<li><strong>Desenvolvimento da Concentra\u00e7\u00e3o e Foco<\/strong>\n<ul class=\"wp-block-list\">\n<li><strong>Aten\u00e7\u00e3o Plena<\/strong>: A medita\u00e7\u00e3o ajuda a desenvolver a aten\u00e7\u00e3o plena, que \u00e9 a capacidade de estar totalmente presente e focado no momento. Para um guerreiro, isso \u00e9 crucial durante o combate ou em situa\u00e7\u00f5es de alta press\u00e3o, onde a distra\u00e7\u00e3o pode ser perigosa.<\/li>\n\n\n\n<li><strong>Concentra\u00e7\u00e3o Sustentada<\/strong>: Pr\u00e1ticas meditativas, como a observa\u00e7\u00e3o da respira\u00e7\u00e3o ou a repeti\u00e7\u00e3o de mantras, treinam a mente para manter a concentra\u00e7\u00e3o por per\u00edodos mais longos, melhorando a capacidade de se concentrar em tarefas espec\u00edficas, seja no treinamento ou em combate.<\/li>\n<\/ul>\n<\/li>\n\n\n\n<li><strong>Gest\u00e3o do Estresse e Controle Emocional<\/strong>\n<ul class=\"wp-block-list\">\n<li><strong>Regula\u00e7\u00e3o Emocional<\/strong>: A medita\u00e7\u00e3o ajuda a regular as emo\u00e7\u00f5es, permitindo que o guerreiro responda de maneira mais calma e controlada diante de situa\u00e7\u00f5es estressantes. Isso \u00e9 vital para manter a clareza mental e a efici\u00eancia em momentos cr\u00edticos.<\/li>\n\n\n\n<li><strong>Redu\u00e7\u00e3o do Estresse<\/strong>: T\u00e9cnicas meditativas reduzem os n\u00edveis de cortisol e outros horm\u00f4nios do estresse no corpo, promovendo um estado de relaxamento e calma que \u00e9 essencial para a recupera\u00e7\u00e3o e o bem-estar geral.<\/li>\n<\/ul>\n<\/li>\n\n\n\n<li><strong>Aumento da Resili\u00eancia Mental<\/strong>\n<ul class=\"wp-block-list\">\n<li><strong>Fortalecimento da Mente<\/strong>: A pr\u00e1tica regular de medita\u00e7\u00e3o fortalece a mente, tornando-a mais resistente \u00e0s adversidades e aos desafios. Um guerreiro com uma mente resiliente pode enfrentar dificuldades sem ser facilmente derrotado pelo des\u00e2nimo ou pelo medo.<\/li>\n\n\n\n<li><strong>Persist\u00eancia e Determina\u00e7\u00e3o<\/strong>: A medita\u00e7\u00e3o ensina a persist\u00eancia e a paci\u00eancia, qualidades essenciais para qualquer guerreiro. Atrav\u00e9s da pr\u00e1tica cont\u00ednua, o guerreiro aprende a lidar com a frustra\u00e7\u00e3o e a manter-se focado nos objetivos de longo prazo.<\/li>\n<\/ul>\n<\/li>\n\n\n\n<li><strong>Aperfei\u00e7oamento do Autoconhecimento<\/strong>\n<ul class=\"wp-block-list\">\n<li><strong>Consci\u00eancia Interna<\/strong>: A medita\u00e7\u00e3o aprofunda o autoconhecimento, permitindo que o guerreiro compreenda melhor seus pr\u00f3prios pensamentos, emo\u00e7\u00f5es e padr\u00f5es de comportamento. Essa auto-compreens\u00e3o \u00e9 crucial para identificar e superar limita\u00e7\u00f5es pessoais.<\/li>\n\n\n\n<li><strong>Reflex\u00e3o e Crescimento<\/strong>: Momentos de medita\u00e7\u00e3o oferecem uma oportunidade para reflex\u00e3o e crescimento pessoal. O guerreiro pode avaliar suas a\u00e7\u00f5es, aprender com as experi\u00eancias e ajustar suas estrat\u00e9gias e t\u00e9cnicas de acordo.<\/li>\n<\/ul>\n<\/li>\n\n\n\n<li><strong>Harmoniza\u00e7\u00e3o do Corpo e da Mente<\/strong>\n<ul class=\"wp-block-list\">\n<li><strong>Sincroniza\u00e7\u00e3o Corpo-Mente<\/strong>: A medita\u00e7\u00e3o promove a harmoniza\u00e7\u00e3o entre o corpo e a mente, essencial para o desempenho eficiente nas artes marciais e em outras atividades f\u00edsicas. Essa integra\u00e7\u00e3o melhora a coordena\u00e7\u00e3o, a agilidade e a precis\u00e3o dos movimentos.<\/li>\n\n\n\n<li><strong>Energia e Vitalidade<\/strong>: Pr\u00e1ticas meditativas como a medita\u00e7\u00e3o de respira\u00e7\u00e3o profunda (pranayama) aumentam a energia vital (chi ou prana), melhorando a vitalidade e a resist\u00eancia f\u00edsica do guerreiro.<\/li>\n<\/ul>\n<\/li>\n\n\n\n<li><strong>Cultivo da Compaix\u00e3o e da \u00c9tica<\/strong>\n<ul class=\"wp-block-list\">\n<li><strong>Desenvolvimento da Compaix\u00e3o<\/strong>: A medita\u00e7\u00e3o n\u00e3o s\u00f3 fortalece o guerreiro internamente, mas tamb\u00e9m cultiva a compaix\u00e3o e a empatia pelos outros. Isso \u00e9 fundamental para agir com \u00e9tica e integridade, valores essenciais para um verdadeiro guerreiro.<\/li>\n\n\n\n<li><strong>Respeito e Humildade<\/strong>: A pr\u00e1tica meditativa ensina o respeito e a humildade, qualidades que ajudam o guerreiro a manter-se ancorado e consciente de sua interconex\u00e3o com os outros e com o mundo ao seu redor.<\/li>\n<\/ul>\n<\/li>\n<\/ol>\n\n\n\n<h3 class=\"wp-block-heading\">Conclus\u00e3o<\/h3>\n\n\n\n<p>A medita\u00e7\u00e3o \u00e9 uma ferramenta poderosa e multifacetada que aprimora as qualidades essenciais de um guerreiro. Ela oferece um caminho para desenvolver concentra\u00e7\u00e3o, controlar o estresse, aumentar a resili\u00eancia mental, aprofundar o autoconhecimento, harmonizar corpo e mente, e cultivar compaix\u00e3o e \u00e9tica. Incorporando a medita\u00e7\u00e3o em sua rotina, o guerreiro n\u00e3o s\u00f3 melhora seu desempenho nas artes marciais ou nos desafios da vida, mas tamb\u00e9m encontra um caminho para um crescimento pessoal mais profundo e uma vida mais equilibrada e significativa.<\/p>\n\n\n\n<p><mark style=\"background-color:rgba(0, 0, 0, 0);color:#ffffff\" class=\"has-inline-color\">.<\/mark><\/p>\n\n\n\n<p>\ud83c\udfa7 <strong>Playlist completa desse epis\u00f3dio no Youtube!<\/strong><mark style=\"background-color:rgba(0, 0, 0, 0);color:#ffffff\" class=\"has-inline-color\">.<\/mark><\/p>\n\n\n\n<figure class=\"wp-block-embed is-type-video is-provider-youtube wp-block-embed-youtube wp-embed-aspect-16-9 wp-has-aspect-ratio\"><div class=\"wp-block-embed__wrapper\">\n<iframe loading=\"lazy\" title=\"Meditantes PodCast #60\" width=\"500\" height=\"281\" src=\"https:\/\/www.youtube.com\/embed\/videoseries?list=PLjXLCSmO7rtoDIdRlNBak5s-yHzeJ5m0r\" frameborder=\"0\" allow=\"accelerometer; autoplay; clipboard-write; encrypted-media; gyroscope; picture-in-picture; web-share\" referrerpolicy=\"strict-origin-when-cross-origin\" allowfullscreen><\/iframe>\n<\/div><\/figure>\n\n\n\n<p><mark style=\"background-color:rgba(0, 0, 0, 0);color:#ffffff\" class=\"has-inline-color\">.<\/mark><\/p>\n\n\n\n<p>\ud83c\udfa7 <strong>Playlist completa desse epis\u00f3dio no Spotify<\/strong><\/p>\n\n\n\n<figure class=\"wp-block-embed is-type-rich is-provider-spotify wp-block-embed-spotify wp-embed-aspect-21-9 wp-has-aspect-ratio\"><div class=\"wp-block-embed__wrapper\">\n<iframe title=\"Spotify Embed: Meditantes PodCast #60\" style=\"border-radius: 12px\" width=\"100%\" height=\"352\" frameborder=\"0\" allowfullscreen allow=\"autoplay; clipboard-write; encrypted-media; fullscreen; picture-in-picture\" loading=\"lazy\" src=\"https:\/\/open.spotify.com\/embed\/playlist\/0xAPTseYwTxye2OaoPs8TO?utm_source=oembed\"><\/iframe>\n<\/div><\/figure>\n\n\n\n<p><mark style=\"background-color:rgba(0, 0, 0, 0);color:#ffffff\" class=\"has-inline-color\">.<\/mark><\/p>\n\n\n\n<p><strong>Gostou?&nbsp;Comenta, compartilha\u2026<\/strong><\/p>\n","protected":false},"excerpt":{"rendered":"<p>A medita\u00e7\u00e3o \u00e9 uma pr\u00e1tica essencial para o guerreiro, seja no contexto literal de um praticante de artes marciais ou&hellip;<\/p>\n","protected":false},"author":1,"featured_media":0,"comment_status":"open","ping_status":"open","sticky":false,"template":"","format":"standard","meta":{"footnotes":""},"categories":[28,4,67],"tags":[],"class_list":["post-1769","post","type-post","status-publish","format-standard","hentry","category-meditantes-podcast-2a-temporada","category-meditantes-podcast","category-meditantes-podcast-60"],"_links":{"self":[{"href":"https:\/\/meditantes.com.br\/news\/index.php?rest_route=\/wp\/v2\/posts\/1769","targetHints":{"allow":["GET"]}}],"collection":[{"href":"https:\/\/meditantes.com.br\/news\/index.php?rest_route=\/wp\/v2\/posts"}],"about":[{"href":"https:\/\/meditantes.com.br\/news\/index.php?rest_route=\/wp\/v2\/types\/post"}],"author":[{"embeddable":true,"href":"https:\/\/meditantes.com.br\/news\/index.php?rest_route=\/wp\/v2\/users\/1"}],"replies":[{"embeddable":true,"href":"https:\/\/meditantes.com.br\/news\/index.php?rest_route=%2Fwp%2Fv2%2Fcomments&post=1769"}],"version-history":[{"count":5,"href":"https:\/\/meditantes.com.br\/news\/index.php?rest_route=\/wp\/v2\/posts\/1769\/revisions"}],"predecessor-version":[{"id":2254,"href":"https:\/\/meditantes.com.br\/news\/index.php?rest_route=\/wp\/v2\/posts\/1769\/revisions\/2254"}],"wp:attachment":[{"href":"https:\/\/meditantes.com.br\/news\/index.php?rest_route=%2Fwp%2Fv2%2Fmedia&parent=1769"}],"wp:term":[{"taxonomy":"category","embeddable":true,"href":"https:\/\/meditantes.com.br\/news\/index.php?rest_route=%2Fwp%2Fv2%2Fcategories&post=1769"},{"taxonomy":"post_tag","embeddable":true,"href":"https:\/\/meditantes.com.br\/news\/index.php?rest_route=%2Fwp%2Fv2%2Ftags&post=1769"}],"curies":[{"name":"wp","href":"https:\/\/api.w.org\/{rel}","templated":true}]}}