{"id":1784,"date":"2024-05-29T06:00:00","date_gmt":"2024-05-29T06:00:00","guid":{"rendered":"https:\/\/meditantes.com.br\/news\/?p=1784"},"modified":"2024-05-29T11:15:08","modified_gmt":"2024-05-29T11:15:08","slug":"desafios-que-vem-antes-de-meditar-com-vivi-holder","status":"publish","type":"post","link":"https:\/\/meditantes.com.br\/news\/?p=1784","title":{"rendered":"Desafios que vem antes de Meditar com Vivi Holder"},"content":{"rendered":"\n<p>Antes de iniciar uma pr\u00e1tica de medita\u00e7\u00e3o, muitos indiv\u00edduos enfrentam v\u00e1rios desafios que podem dificultar a entrada em um estado meditativo profundo e tranquilo.<\/p>\n\n\n\n<figure class=\"wp-block-embed is-type-video is-provider-youtube wp-block-embed-youtube wp-embed-aspect-16-9 wp-has-aspect-ratio\"><div class=\"wp-block-embed__wrapper\">\n<iframe loading=\"lazy\" title=\"Desafios que vem antes de Meditar com Vivi Holder\" width=\"500\" height=\"281\" src=\"https:\/\/www.youtube.com\/embed\/cmkDHCFZXKQ?list=PLjXLCSmO7rto3MqM8ewdLs6PrKq8dbXAl\" frameborder=\"0\" allow=\"accelerometer; autoplay; clipboard-write; encrypted-media; gyroscope; picture-in-picture; web-share\" referrerpolicy=\"strict-origin-when-cross-origin\" allowfullscreen><\/iframe>\n<\/div><\/figure>\n\n\n\n<p><mark style=\"background-color:rgba(0, 0, 0, 0);color:#ffffff\" class=\"has-inline-color\">.<\/mark><\/p>\n\n\n\n<figure class=\"wp-block-image alignleft size-large is-resized\"><img loading=\"lazy\" decoding=\"async\" width=\"768\" height=\"1024\" src=\"https:\/\/meditantes.com.br\/news\/wp-content\/uploads\/2024\/05\/4-3-768x1024.png\" alt=\"\" class=\"wp-image-1804\" style=\"width:347px;height:auto\" srcset=\"https:\/\/meditantes.com.br\/news\/wp-content\/uploads\/2024\/05\/4-3-768x1024.png 768w, https:\/\/meditantes.com.br\/news\/wp-content\/uploads\/2024\/05\/4-3-225x300.png 225w, https:\/\/meditantes.com.br\/news\/wp-content\/uploads\/2024\/05\/4-3.png 960w\" sizes=\"auto, (max-width: 768px) 100vw, 768px\" \/><\/figure>\n\n\n\n<p>Aqui est\u00e3o mais alguns dos principais desafios que podem surgir antes de meditar:<\/p>\n\n\n\n<h3 class=\"wp-block-heading\">1. <strong>Inquieta\u00e7\u00e3o F\u00edsica<\/strong><\/h3>\n\n\n\n<p>A dificuldade em encontrar uma posi\u00e7\u00e3o confort\u00e1vel e manter-se im\u00f3vel \u00e9 um dos maiores obst\u00e1culos para muitos iniciantes:<\/p>\n\n\n\n<ul class=\"wp-block-list\">\n<li><strong>Tens\u00e3o Muscular:<\/strong> A rigidez e a falta de flexibilidade podem causar desconforto f\u00edsico, tornando dif\u00edcil encontrar e manter uma postura confort\u00e1vel.<\/li>\n\n\n\n<li><strong>Agita\u00e7\u00e3o:<\/strong> A necessidade de mover-se constantemente pode ser uma barreira para o relaxamento e a concentra\u00e7\u00e3o.<\/li>\n<\/ul>\n\n\n\n<h3 class=\"wp-block-heading\">2. <strong>Inquieta\u00e7\u00e3o Mental<\/strong><\/h3>\n\n\n\n<p>A mente pode estar agitada e cheia de pensamentos, tornando dif\u00edcil alcan\u00e7ar um estado de calma e foco:<\/p>\n\n\n\n<ul class=\"wp-block-list\">\n<li><strong>Pensamentos Distra\u00eddos:<\/strong> A mente tende a vagar, gerando uma corrente cont\u00ednua de pensamentos que desviam a aten\u00e7\u00e3o do momento presente.<\/li>\n\n\n\n<li><strong>Preocupa\u00e7\u00f5es e Ansiedade:<\/strong> Preocupa\u00e7\u00f5es sobre o futuro ou rumina\u00e7\u00f5es sobre o passado podem ocupar a mente, dificultando a concentra\u00e7\u00e3o.<\/li>\n<\/ul>\n\n\n\n<h3 class=\"wp-block-heading\">3. <strong>Impatience and Expectations<\/strong><\/h3>\n\n\n\n<p>Expectations and impatience can create mental barriers that hinder the meditative process:<\/p>\n\n\n\n<ul class=\"wp-block-list\">\n<li><strong>Immediate Results:<\/strong> Many expect instant relaxation or deep meditation, which can lead to frustration when results are not immediate.<\/li>\n\n\n\n<li><strong>Performance Pressure:<\/strong> Comparing oneself to others or to idealized standards of meditation can create undue pressure and hinder the practice.<\/li>\n<\/ul>\n\n\n\n<h3 class=\"wp-block-heading\">4. <strong>Falta de Conhecimento e Orienta\u00e7\u00e3o<\/strong><\/h3>\n\n\n\n<p>A falta de compreens\u00e3o das t\u00e9cnicas e da pr\u00e1tica meditativa pode ser um grande desafio:<\/p>\n\n\n\n<ul class=\"wp-block-list\">\n<li><strong>T\u00e9cnicas Desconhecidas:<\/strong> Sem orienta\u00e7\u00e3o adequada, pode ser dif\u00edcil saber por onde come\u00e7ar ou quais t\u00e9cnicas usar.<\/li>\n\n\n\n<li><strong>Incerteza sobre Objetivos:<\/strong> N\u00e3o entender claramente os objetivos da medita\u00e7\u00e3o pode levar a uma pr\u00e1tica inconsistente ou ineficaz.<\/li>\n<\/ul>\n\n\n\n<h3 class=\"wp-block-heading\">5. <strong>Distra\u00e7\u00f5es Externas<\/strong><\/h3>\n\n\n\n<p>O ambiente ao redor pode interferir na capacidade de meditar:<\/p>\n\n\n\n<ul class=\"wp-block-list\">\n<li><strong>Ru\u00eddos Ambientais:<\/strong> Sons externos, como tr\u00e2nsito, conversas ou aparelhos eletr\u00f4nicos, podem distrair a mente e dificultar a concentra\u00e7\u00e3o.<\/li>\n\n\n\n<li><strong>Interrup\u00e7\u00f5es:<\/strong> Interrup\u00e7\u00f5es frequentes, seja por outras pessoas ou dispositivos eletr\u00f4nicos, podem quebrar o foco e a continuidade da pr\u00e1tica.<\/li>\n<\/ul>\n\n\n\n<h3 class=\"wp-block-heading\">6. <strong>Resist\u00eancia Interna<\/strong><\/h3>\n\n\n\n<p>Muitas vezes, h\u00e1 uma resist\u00eancia interna \u00e0 pr\u00e1tica de medita\u00e7\u00e3o:<\/p>\n\n\n\n<ul class=\"wp-block-list\">\n<li><strong>Medo do Desconhecido:<\/strong> A medita\u00e7\u00e3o pode trazer \u00e0 tona sentimentos ou pensamentos que as pessoas podem estar evitando conscientemente.<\/li>\n\n\n\n<li><strong>Autossabotagem:<\/strong> H\u00e1 uma tend\u00eancia a evitar pr\u00e1ticas que requerem disciplina e esfor\u00e7o mental, preferindo atividades mais passivas.<\/li>\n<\/ul>\n\n\n\n<h3 class=\"wp-block-heading\">7. <strong>Falta de Tempo<\/strong><\/h3>\n\n\n\n<p>Encontrar tempo para meditar na rotina di\u00e1ria pode ser um desafio significativo:<\/p>\n\n\n\n<ul class=\"wp-block-list\">\n<li><strong>Agenda Lotada:<\/strong> Compromissos pessoais e profissionais podem tornar dif\u00edcil encontrar tempo para a pr\u00e1tica regular.<\/li>\n\n\n\n<li><strong>Prioridades Conflitantes:<\/strong> A medita\u00e7\u00e3o pode n\u00e3o ser vista como uma prioridade em compara\u00e7\u00e3o com outras atividades do dia a dia.<\/li>\n<\/ul>\n\n\n\n<h3 class=\"wp-block-heading\">Superando os Desafios<\/h3>\n\n\n\n<p>Aqui est\u00e3o algumas estrat\u00e9gias para superar esses desafios e facilitar a pr\u00e1tica de medita\u00e7\u00e3o:<\/p>\n\n\n\n<ul class=\"wp-block-list\">\n<li><strong>Prepara\u00e7\u00e3o F\u00edsica:<\/strong> Incorporar exerc\u00edcios de alongamento e movimentos suaves antes de meditar para aliviar a tens\u00e3o muscular e preparar o corpo.<\/li>\n\n\n\n<li><strong>Estabelecer uma Rotina:<\/strong> Criar uma rotina regular para a medita\u00e7\u00e3o pode ajudar a integrar a pr\u00e1tica na vida di\u00e1ria, tornando-a um h\u00e1bito.<\/li>\n\n\n\n<li><strong>Ambiente Adequado:<\/strong> Escolher um local tranquilo e livre de distra\u00e7\u00f5es para meditar pode melhorar a concentra\u00e7\u00e3o e o foco.<\/li>\n\n\n\n<li><strong>T\u00e9cnicas de Respira\u00e7\u00e3o:<\/strong> Praticar t\u00e9cnicas de respira\u00e7\u00e3o profunda e controlada para acalmar a mente e reduzir a ansiedade antes de iniciar a medita\u00e7\u00e3o.<\/li>\n\n\n\n<li><strong>Orienta\u00e7\u00e3o Adequada:<\/strong> Buscar orienta\u00e7\u00e3o atrav\u00e9s de aulas, aplicativos ou livros sobre medita\u00e7\u00e3o pode fornecer as ferramentas e o conhecimento necess\u00e1rios para uma pr\u00e1tica eficaz.<\/li>\n\n\n\n<li><strong>Praticar a Paci\u00eancia:<\/strong> Reconhecer que a medita\u00e7\u00e3o \u00e9 uma habilidade que se desenvolve com o tempo e ser paciente consigo mesmo durante o processo.<\/li>\n\n\n\n<li><strong>Aceita\u00e7\u00e3o e N\u00e3o-Julgamento:<\/strong> Adotar uma atitude de aceita\u00e7\u00e3o e n\u00e3o-julgamento em rela\u00e7\u00e3o aos pensamentos e sentimentos que surgem durante a medita\u00e7\u00e3o.<\/li>\n<\/ul>\n\n\n\n<h3 class=\"wp-block-heading\">Conclus\u00e3o<\/h3>\n\n\n\n<p>Embora existam v\u00e1rios desafios que podem surgir antes de meditar, com as estrat\u00e9gias e a abordagem corretas, \u00e9 poss\u00edvel super\u00e1-los e desenvolver uma pr\u00e1tica de medita\u00e7\u00e3o bem-sucedida e gratificante. A chave \u00e9 ser paciente, persistente e compassivo consigo mesmo ao longo da jornada meditativa.<\/p>\n\n\n\n<p><\/p>\n\n\n\n<p><mark style=\"background-color:rgba(0, 0, 0, 0);color:#ffffff\" class=\"has-inline-color\">.<\/mark><\/p>\n\n\n\n<p>\ud83c\udfa7 <strong>Playlist completa desse epis\u00f3dio no Youtube!<\/strong><mark style=\"background-color:rgba(0, 0, 0, 0);color:#ffffff\" class=\"has-inline-color\">.<\/mark><\/p>\n\n\n\n<figure class=\"wp-block-embed is-type-video is-provider-youtube wp-block-embed-youtube wp-embed-aspect-16-9 wp-has-aspect-ratio\"><div class=\"wp-block-embed__wrapper\">\n<iframe loading=\"lazy\" title=\"Meditantes PodCast #61\" width=\"500\" height=\"281\" src=\"https:\/\/www.youtube.com\/embed\/videoseries?list=PLjXLCSmO7rto3MqM8ewdLs6PrKq8dbXAl\" frameborder=\"0\" allow=\"accelerometer; autoplay; clipboard-write; encrypted-media; gyroscope; picture-in-picture; web-share\" referrerpolicy=\"strict-origin-when-cross-origin\" allowfullscreen><\/iframe>\n<\/div><\/figure>\n\n\n\n<p><mark style=\"background-color:rgba(0, 0, 0, 0);color:#ffffff\" class=\"has-inline-color\">.<\/mark><\/p>\n\n\n\n<p>\ud83c\udfa7 <strong>Playlist completa desse epis\u00f3dio no Spotify<\/strong><\/p>\n\n\n\n<figure class=\"wp-block-embed is-type-rich is-provider-spotify wp-block-embed-spotify wp-embed-aspect-21-9 wp-has-aspect-ratio\"><div class=\"wp-block-embed__wrapper\">\n<iframe title=\"Spotify Embed: Meditantes PodCast #61\" style=\"border-radius: 12px\" width=\"100%\" height=\"352\" frameborder=\"0\" allowfullscreen allow=\"autoplay; clipboard-write; encrypted-media; fullscreen; picture-in-picture\" loading=\"lazy\" src=\"https:\/\/open.spotify.com\/embed\/playlist\/4wIK9zjFpuCjNghRF9SQjH?utm_source=oembed\"><\/iframe>\n<\/div><\/figure>\n\n\n\n<p><mark style=\"background-color:rgba(0, 0, 0, 0);color:#ffffff\" class=\"has-inline-color\">.<\/mark><\/p>\n\n\n\n<p><strong>Gostou?&nbsp;Comenta, compartilha\u2026<\/strong><\/p>\n","protected":false},"excerpt":{"rendered":"<p>Antes de iniciar uma pr\u00e1tica de medita\u00e7\u00e3o, muitos indiv\u00edduos enfrentam v\u00e1rios desafios que podem dificultar a entrada em um estado&hellip;<\/p>\n","protected":false},"author":1,"featured_media":0,"comment_status":"open","ping_status":"open","sticky":false,"template":"","format":"standard","meta":{"footnotes":""},"categories":[28,4,68],"tags":[],"class_list":["post-1784","post","type-post","status-publish","format-standard","hentry","category-meditantes-podcast-2a-temporada","category-meditantes-podcast","category-meditantes-podcast-61"],"_links":{"self":[{"href":"https:\/\/meditantes.com.br\/news\/index.php?rest_route=\/wp\/v2\/posts\/1784","targetHints":{"allow":["GET"]}}],"collection":[{"href":"https:\/\/meditantes.com.br\/news\/index.php?rest_route=\/wp\/v2\/posts"}],"about":[{"href":"https:\/\/meditantes.com.br\/news\/index.php?rest_route=\/wp\/v2\/types\/post"}],"author":[{"embeddable":true,"href":"https:\/\/meditantes.com.br\/news\/index.php?rest_route=\/wp\/v2\/users\/1"}],"replies":[{"embeddable":true,"href":"https:\/\/meditantes.com.br\/news\/index.php?rest_route=%2Fwp%2Fv2%2Fcomments&post=1784"}],"version-history":[{"count":5,"href":"https:\/\/meditantes.com.br\/news\/index.php?rest_route=\/wp\/v2\/posts\/1784\/revisions"}],"predecessor-version":[{"id":2361,"href":"https:\/\/meditantes.com.br\/news\/index.php?rest_route=\/wp\/v2\/posts\/1784\/revisions\/2361"}],"wp:attachment":[{"href":"https:\/\/meditantes.com.br\/news\/index.php?rest_route=%2Fwp%2Fv2%2Fmedia&parent=1784"}],"wp:term":[{"taxonomy":"category","embeddable":true,"href":"https:\/\/meditantes.com.br\/news\/index.php?rest_route=%2Fwp%2Fv2%2Fcategories&post=1784"},{"taxonomy":"post_tag","embeddable":true,"href":"https:\/\/meditantes.com.br\/news\/index.php?rest_route=%2Fwp%2Fv2%2Ftags&post=1784"}],"curies":[{"name":"wp","href":"https:\/\/api.w.org\/{rel}","templated":true}]}}