{"id":1786,"date":"2024-05-30T06:00:00","date_gmt":"2024-05-30T06:00:00","guid":{"rendered":"https:\/\/meditantes.com.br\/news\/?p=1786"},"modified":"2024-05-30T12:12:51","modified_gmt":"2024-05-30T12:12:51","slug":"meditacao-e-um-acelerador-interno-com-vivi-holder","status":"publish","type":"post","link":"https:\/\/meditantes.com.br\/news\/?p=1786","title":{"rendered":"Medita\u00e7\u00e3o \u00e9 um Acelerador Interno com Vivi Holder"},"content":{"rendered":"\n<p>A pr\u00e1tica regular de medita\u00e7\u00e3o pode melhorar significativamente a qualidade de vida, aumentando a clareza mental, a concentra\u00e7\u00e3o e o bem-estar emocional. No Meditantes PodCas Vivi Holder fala que a Medita\u00e7\u00e3o funciona como um Acelerador Interno.<\/p>\n\n\n\n<figure class=\"wp-block-embed is-type-video is-provider-youtube wp-block-embed-youtube wp-embed-aspect-16-9 wp-has-aspect-ratio\"><div class=\"wp-block-embed__wrapper\">\n<iframe loading=\"lazy\" title=\"Medita\u00e7\u00e3o \u00e9 um Acelerador Interno com Vivi Holder\" width=\"500\" height=\"281\" src=\"https:\/\/www.youtube.com\/embed\/2sxfDn2FKuA?list=PLjXLCSmO7rto3MqM8ewdLs6PrKq8dbXAl\" frameborder=\"0\" allow=\"accelerometer; autoplay; clipboard-write; encrypted-media; gyroscope; picture-in-picture; web-share\" referrerpolicy=\"strict-origin-when-cross-origin\" allowfullscreen><\/iframe>\n<\/div><\/figure>\n\n\n\n<p><mark style=\"background-color:rgba(0, 0, 0, 0);color:#ffffff\" class=\"has-inline-color\">.<\/mark><\/p>\n\n\n\n<figure class=\"wp-block-image alignleft size-large is-resized\"><img loading=\"lazy\" decoding=\"async\" width=\"768\" height=\"1024\" src=\"https:\/\/meditantes.com.br\/news\/wp-content\/uploads\/2024\/05\/8-1-768x1024.png\" alt=\"\" class=\"wp-image-1807\" style=\"width:335px;height:auto\" srcset=\"https:\/\/meditantes.com.br\/news\/wp-content\/uploads\/2024\/05\/8-1-768x1024.png 768w, https:\/\/meditantes.com.br\/news\/wp-content\/uploads\/2024\/05\/8-1-225x300.png 225w, https:\/\/meditantes.com.br\/news\/wp-content\/uploads\/2024\/05\/8-1.png 960w\" sizes=\"auto, (max-width: 768px) 100vw, 768px\" \/><\/figure>\n\n\n\n<p>Medita\u00e7\u00e3o \u00e9 frequentemente vista como um acelerador interno devido aos v\u00e1rios benef\u00edcios que promove tanto no n\u00edvel mental quanto no f\u00edsico. A pr\u00e1tica regular de medita\u00e7\u00e3o pode melhorar significativamente a qualidade de vida, aumentando a clareza mental, a concentra\u00e7\u00e3o e o bem-estar emocional. Aqui est\u00e3o algumas maneiras pelas quais a medita\u00e7\u00e3o atua como um acelerador interno:<\/p>\n\n\n\n<h3 class=\"wp-block-heading\">1. <strong>Melhora da Concentra\u00e7\u00e3o e Foco<\/strong><\/h3>\n\n\n\n<p>A medita\u00e7\u00e3o treina a mente para manter o foco em um \u00fanico ponto de aten\u00e7\u00e3o, seja a respira\u00e7\u00e3o, um mantra ou um objeto. Com o tempo, essa pr\u00e1tica melhora a capacidade de concentra\u00e7\u00e3o, permitindo que as pessoas realizem tarefas com mais efici\u00eancia e menos distra\u00e7\u00f5es.<\/p>\n\n\n\n<h3 class=\"wp-block-heading\">2. <strong>Redu\u00e7\u00e3o do Estresse e Ansiedade<\/strong><\/h3>\n\n\n\n<p>A medita\u00e7\u00e3o ativa o sistema nervoso parassimp\u00e1tico, que promove a calma e a relaxa\u00e7\u00e3o. Isso ajuda a reduzir os n\u00edveis de cortisol (o horm\u00f4nio do estresse) no corpo, diminuindo a ansiedade e melhorando a resposta ao estresse.<\/p>\n\n\n\n<h3 class=\"wp-block-heading\">3. <strong>Melhoria da Sa\u00fade Mental e Emocional<\/strong><\/h3>\n\n\n\n<p>A pr\u00e1tica regular da medita\u00e7\u00e3o est\u00e1 associada a uma diminui\u00e7\u00e3o dos sintomas de depress\u00e3o e a um aumento do bem-estar emocional. Ela ajuda as pessoas a desenvolverem uma perspectiva mais positiva e uma maior resili\u00eancia emocional.<\/p>\n\n\n\n<h3 class=\"wp-block-heading\">4. <strong>Aumento da Autoconsci\u00eancia<\/strong><\/h3>\n\n\n\n<p>Meditar regularmente ajuda a aumentar a autoconsci\u00eancia, permitindo que as pessoas entendam melhor seus padr\u00f5es de pensamento, emo\u00e7\u00f5es e comportamentos. Isso pode levar a um maior autoaperfei\u00e7oamento e \u00e0 capacidade de fazer escolhas mais conscientes e alinhadas com seus valores e objetivos.<\/p>\n\n\n\n<h3 class=\"wp-block-heading\">5. <strong>Melhora da Sa\u00fade F\u00edsica<\/strong><\/h3>\n\n\n\n<p>A medita\u00e7\u00e3o tem benef\u00edcios f\u00edsicos comprovados, como a redu\u00e7\u00e3o da press\u00e3o arterial, o fortalecimento do sistema imunol\u00f3gico e a diminui\u00e7\u00e3o da inflama\u00e7\u00e3o. Essas melhorias f\u00edsicas contribuem para uma maior energia e vitalidade geral.<\/p>\n\n\n\n<h3 class=\"wp-block-heading\">6. <strong>Desenvolvimento da Compaix\u00e3o e da Empatia<\/strong><\/h3>\n\n\n\n<p>Pr\u00e1ticas de medita\u00e7\u00e3o como a medita\u00e7\u00e3o da compaix\u00e3o (Metta) incentivam sentimentos de bondade e empatia, melhorando as rela\u00e7\u00f5es interpessoais e promovendo um senso de conex\u00e3o com os outros.<\/p>\n\n\n\n<h3 class=\"wp-block-heading\">7. <strong>Promo\u00e7\u00e3o da Criatividade<\/strong><\/h3>\n\n\n\n<p>Ao acalmar a mente e reduzir o ru\u00eddo mental, a medita\u00e7\u00e3o pode abrir espa\u00e7o para novos insights e ideias, estimulando a criatividade e a resolu\u00e7\u00e3o de problemas de maneira inovadora.<\/p>\n\n\n\n<h3 class=\"wp-block-heading\">8. <strong>Regula\u00e7\u00e3o das Emo\u00e7\u00f5es<\/strong><\/h3>\n\n\n\n<p>A medita\u00e7\u00e3o ajuda a regular as emo\u00e7\u00f5es, permitindo uma resposta mais equilibrada a situa\u00e7\u00f5es desafiadoras. Isso \u00e9 especialmente \u00fatil para manter a calma e a clareza em momentos de alta press\u00e3o.<\/p>\n\n\n\n<h3 class=\"wp-block-heading\">9. <strong>Desenvolvimento da Disciplina e da Persist\u00eancia<\/strong><\/h3>\n\n\n\n<p>Manter uma pr\u00e1tica de medita\u00e7\u00e3o regular exige disciplina e persist\u00eancia, qualidades que podem se transferir para outras \u00e1reas da vida, ajudando a alcan\u00e7ar objetivos pessoais e profissionais.<\/p>\n\n\n\n<h3 class=\"wp-block-heading\">Conclus\u00e3o<\/h3>\n\n\n\n<p>A medita\u00e7\u00e3o, ao melhorar a sa\u00fade mental, emocional e f\u00edsica, serve como um potente acelerador interno, capacitando as pessoas a viverem de forma mais plena e produtiva. \u00c9 uma ferramenta poderosa para o autodesenvolvimento e a autorrealiza\u00e7\u00e3o, promovendo uma vida mais equilibrada e harmoniosa.<\/p>\n\n\n\n<p><mark style=\"background-color:rgba(0, 0, 0, 0);color:#ffffff\" class=\"has-inline-color\">.<\/mark><\/p>\n\n\n\n<p>\ud83c\udfa7 <strong>Playlist completa desse epis\u00f3dio no Youtube!<\/strong><mark style=\"background-color:rgba(0, 0, 0, 0);color:#ffffff\" class=\"has-inline-color\">.<\/mark><\/p>\n\n\n\n<figure class=\"wp-block-embed is-type-video is-provider-youtube wp-block-embed-youtube wp-embed-aspect-16-9 wp-has-aspect-ratio\"><div class=\"wp-block-embed__wrapper\">\n<iframe loading=\"lazy\" title=\"Meditantes PodCast #61\" width=\"500\" height=\"281\" src=\"https:\/\/www.youtube.com\/embed\/videoseries?list=PLjXLCSmO7rto3MqM8ewdLs6PrKq8dbXAl\" frameborder=\"0\" allow=\"accelerometer; autoplay; clipboard-write; encrypted-media; gyroscope; picture-in-picture; web-share\" referrerpolicy=\"strict-origin-when-cross-origin\" allowfullscreen><\/iframe>\n<\/div><\/figure>\n\n\n\n<p><mark style=\"background-color:rgba(0, 0, 0, 0);color:#ffffff\" class=\"has-inline-color\">.<\/mark><\/p>\n\n\n\n<p>\ud83c\udfa7 <strong>Playlist completa desse epis\u00f3dio no Spotify<\/strong><\/p>\n\n\n\n<figure class=\"wp-block-embed is-type-rich is-provider-spotify wp-block-embed-spotify wp-embed-aspect-21-9 wp-has-aspect-ratio\"><div class=\"wp-block-embed__wrapper\">\n<iframe title=\"Spotify Embed: Meditantes PodCast #61\" style=\"border-radius: 12px\" width=\"100%\" height=\"352\" frameborder=\"0\" allowfullscreen allow=\"autoplay; clipboard-write; encrypted-media; fullscreen; picture-in-picture\" loading=\"lazy\" src=\"https:\/\/open.spotify.com\/embed\/playlist\/4wIK9zjFpuCjNghRF9SQjH?utm_source=oembed\"><\/iframe>\n<\/div><\/figure>\n\n\n\n<p><mark style=\"background-color:rgba(0, 0, 0, 0);color:#ffffff\" class=\"has-inline-color\">.<\/mark><\/p>\n\n\n\n<p><strong>Gostou?&nbsp;Comenta, compartilha\u2026<\/strong><\/p>\n","protected":false},"excerpt":{"rendered":"<p>A pr\u00e1tica regular de medita\u00e7\u00e3o pode melhorar significativamente a qualidade de vida, aumentando a clareza mental, a concentra\u00e7\u00e3o e o&hellip;<\/p>\n","protected":false},"author":1,"featured_media":0,"comment_status":"open","ping_status":"open","sticky":false,"template":"","format":"standard","meta":{"footnotes":""},"categories":[28,4,68],"tags":[],"class_list":["post-1786","post","type-post","status-publish","format-standard","hentry","category-meditantes-podcast-2a-temporada","category-meditantes-podcast","category-meditantes-podcast-61"],"_links":{"self":[{"href":"https:\/\/meditantes.com.br\/news\/index.php?rest_route=\/wp\/v2\/posts\/1786","targetHints":{"allow":["GET"]}}],"collection":[{"href":"https:\/\/meditantes.com.br\/news\/index.php?rest_route=\/wp\/v2\/posts"}],"about":[{"href":"https:\/\/meditantes.com.br\/news\/index.php?rest_route=\/wp\/v2\/types\/post"}],"author":[{"embeddable":true,"href":"https:\/\/meditantes.com.br\/news\/index.php?rest_route=\/wp\/v2\/users\/1"}],"replies":[{"embeddable":true,"href":"https:\/\/meditantes.com.br\/news\/index.php?rest_route=%2Fwp%2Fv2%2Fcomments&post=1786"}],"version-history":[{"count":5,"href":"https:\/\/meditantes.com.br\/news\/index.php?rest_route=\/wp\/v2\/posts\/1786\/revisions"}],"predecessor-version":[{"id":2362,"href":"https:\/\/meditantes.com.br\/news\/index.php?rest_route=\/wp\/v2\/posts\/1786\/revisions\/2362"}],"wp:attachment":[{"href":"https:\/\/meditantes.com.br\/news\/index.php?rest_route=%2Fwp%2Fv2%2Fmedia&parent=1786"}],"wp:term":[{"taxonomy":"category","embeddable":true,"href":"https:\/\/meditantes.com.br\/news\/index.php?rest_route=%2Fwp%2Fv2%2Fcategories&post=1786"},{"taxonomy":"post_tag","embeddable":true,"href":"https:\/\/meditantes.com.br\/news\/index.php?rest_route=%2Fwp%2Fv2%2Ftags&post=1786"}],"curies":[{"name":"wp","href":"https:\/\/api.w.org\/{rel}","templated":true}]}}