{"id":1931,"date":"2024-06-10T06:00:00","date_gmt":"2024-06-10T06:00:00","guid":{"rendered":"https:\/\/meditantes.com.br\/news\/?p=1931"},"modified":"2024-06-10T09:43:05","modified_gmt":"2024-06-10T09:43:05","slug":"meditacao-autoconhecimento-e-bem-estar-com-renata-coin-meditantes-podcast-62","status":"publish","type":"post","link":"https:\/\/meditantes.com.br\/news\/?p=1931","title":{"rendered":"Medita\u00e7\u00e3o, Autoconhecimento e Bem-Estar com Renata Coin &#8211; Meditantes PodCast #63"},"content":{"rendered":"\n<p><em>A medita\u00e7\u00e3o, o autoconhecimento e as pr\u00e1ticas de bem-estar emergem como pilares fundamentais nessa busca por equil\u00edbrio e qualidade de vida. Esses tr\u00eas elementos, quando integrados de forma harmoniosa, oferecem benef\u00edcios que v\u00e3o desde a redu\u00e7\u00e3o do estresse at\u00e9 o fortalecimento da resili\u00eancia emocional. <\/em>Renat<em>a Coin fala sobre esse tema no Episodio #62 do Meditantes PodCast. Apresenta\u00e7\u00e3o de Dom\u00edcio Shanti-Rham.<\/em><\/p>\n\n\n\n<figure class=\"wp-block-embed is-type-video is-provider-youtube wp-block-embed-youtube wp-embed-aspect-16-9 wp-has-aspect-ratio\"><div class=\"wp-block-embed__wrapper\">\n<iframe loading=\"lazy\" title=\"Medita\u00e7\u00e3o, Autoconhecimento e Bem-Estar com Renata Coin - Meditantes PodCast #63\" width=\"500\" height=\"281\" src=\"https:\/\/www.youtube.com\/embed\/z6FctoVB5vw?list=PLjXLCSmO7rtoFKp3r90m7B8E4tilLyRkQ\" frameborder=\"0\" allow=\"accelerometer; autoplay; clipboard-write; encrypted-media; gyroscope; picture-in-picture; web-share\" referrerpolicy=\"strict-origin-when-cross-origin\" allowfullscreen><\/iframe>\n<\/div><\/figure>\n\n\n\n<p><mark style=\"background-color:rgba(0, 0, 0, 0);color:#ffffff\" class=\"has-inline-color\">.<\/mark><\/p>\n\n\n\n<figure class=\"wp-block-image alignleft size-large is-resized\"><img loading=\"lazy\" decoding=\"async\" width=\"768\" height=\"1024\" src=\"https:\/\/meditantes.com.br\/news\/wp-content\/uploads\/2024\/05\/1-6-768x1024.png\" alt=\"\" class=\"wp-image-2023\" style=\"width:346px;height:auto\" srcset=\"https:\/\/meditantes.com.br\/news\/wp-content\/uploads\/2024\/05\/1-6-768x1024.png 768w, https:\/\/meditantes.com.br\/news\/wp-content\/uploads\/2024\/05\/1-6-225x300.png 225w, https:\/\/meditantes.com.br\/news\/wp-content\/uploads\/2024\/05\/1-6.png 960w\" sizes=\"auto, (max-width: 768px) 100vw, 768px\" \/><\/figure>\n\n\n\n<p>Em um mundo cada vez mais acelerado e repleto de demandas constantes, encontrar maneiras de promover a sa\u00fade mental e emocional tornou-se uma prioridade para muitas pessoas. A medita\u00e7\u00e3o, o autoconhecimento e as pr\u00e1ticas de bem-estar emergem como pilares fundamentais nessa busca por equil\u00edbrio e qualidade de vida. Esses tr\u00eas elementos, quando integrados de forma harmoniosa, oferecem benef\u00edcios que v\u00e3o desde a redu\u00e7\u00e3o do estresse at\u00e9 o fortalecimento da resili\u00eancia emocional. Exploramos como essas pr\u00e1ticas podem transformar a vida cotidiana, proporcionando um caminho mais tranquilo e consciente em meio \u00e0s press\u00f5es modernas.<\/p>\n\n\n\n<h3 class=\"wp-block-heading\">Medita\u00e7\u00e3o<\/h3>\n\n\n\n<p><strong>Medita\u00e7\u00e3o<\/strong> \u00e9 uma pr\u00e1tica milenar presente em v\u00e1rias culturas e religi\u00f5es, que visa a aten\u00e7\u00e3o plena e o relaxamento mental. Existem diversas formas de medita\u00e7\u00e3o, como:<\/p>\n\n\n\n<ol class=\"wp-block-list\">\n<li><strong>Medita\u00e7\u00e3o Mindfulness<\/strong>: Envolve focar no momento presente, observando pensamentos e sensa\u00e7\u00f5es sem julgamento.<\/li>\n\n\n\n<li><strong>Medita\u00e7\u00e3o Transcendental<\/strong>: Utiliza mantras espec\u00edficos para ajudar a mente a atingir um estado de relaxamento profundo.<\/li>\n\n\n\n<li><strong>Medita\u00e7\u00e3o Guiada<\/strong>: Um instrutor ou grava\u00e7\u00e3o guia a pessoa atrav\u00e9s de visualiza\u00e7\u00f5es e sugest\u00f5es.<\/li>\n\n\n\n<li><strong>Medita\u00e7\u00e3o Zen<\/strong>: Enfatiza a postura e a respira\u00e7\u00e3o, frequentemente associada ao Budismo.<\/li>\n<\/ol>\n\n\n\n<p><strong>Benef\u00edcios da Medita\u00e7\u00e3o<\/strong>:<\/p>\n\n\n\n<ul class=\"wp-block-list\">\n<li>Redu\u00e7\u00e3o do estresse e ansiedade.<\/li>\n\n\n\n<li>Melhora da concentra\u00e7\u00e3o e foco.<\/li>\n\n\n\n<li>Aumento da autocompaix\u00e3o e empatia.<\/li>\n\n\n\n<li>Melhora da qualidade do sono.<\/li>\n<\/ul>\n\n\n\n<h3 class=\"wp-block-heading\">Autoconhecimento<\/h3>\n\n\n\n<p><strong>Autoconhecimento<\/strong> refere-se \u00e0 compreens\u00e3o profunda de si mesmo, incluindo suas emo\u00e7\u00f5es, comportamentos, valores e motiva\u00e7\u00f5es. \u00c9 um processo cont\u00ednuo que pode ser facilitado atrav\u00e9s de v\u00e1rias pr\u00e1ticas:<\/p>\n\n\n\n<ol class=\"wp-block-list\">\n<li><strong>Reflex\u00e3o Pessoal<\/strong>: Manter um di\u00e1rio ou fazer perguntas introspectivas.<\/li>\n\n\n\n<li><strong>Feedback de Outros<\/strong>: Buscar opini\u00f5es honestas de pessoas de confian\u00e7a.<\/li>\n\n\n\n<li><strong>Terapia<\/strong>: Trabalhar com um psic\u00f3logo para explorar padr\u00f5es de pensamento e comportamento.<\/li>\n\n\n\n<li><strong>Leitura<\/strong>: Estudar livros e recursos sobre desenvolvimento pessoal e psicologia.<\/li>\n<\/ol>\n\n\n\n<p><strong>Benef\u00edcios do Autoconhecimento<\/strong>:<\/p>\n\n\n\n<ul class=\"wp-block-list\">\n<li>Tomada de decis\u00f5es mais assertiva.<\/li>\n\n\n\n<li>Melhor gest\u00e3o emocional.<\/li>\n\n\n\n<li>Fortalecimento da autoestima e da autoconfian\u00e7a.<\/li>\n\n\n\n<li>Relacionamentos mais saud\u00e1veis e significativos.<\/li>\n<\/ul>\n\n\n\n<h3 class=\"wp-block-heading\">Bem-Estar<\/h3>\n\n\n\n<p><strong>Bem-Estar<\/strong> \u00e9 um estado de sa\u00fade f\u00edsica, mental e emocional positiva. Ele \u00e9 influenciado por v\u00e1rios fatores e pode ser promovido atrav\u00e9s de pr\u00e1ticas como:<\/p>\n\n\n\n<ol class=\"wp-block-list\">\n<li><strong>Atividade F\u00edsica<\/strong>: Exerc\u00edcios regulares melhoram a sa\u00fade cardiovascular, fortalecem os m\u00fasculos e liberam endorfinas.<\/li>\n\n\n\n<li><strong>Nutri\u00e7\u00e3o Balanceada<\/strong>: Dieta rica em nutrientes, vitaminas e minerais apoia o funcionamento do corpo e da mente.<\/li>\n\n\n\n<li><strong>Sono de Qualidade<\/strong>: Dormir bem \u00e9 crucial para a regenera\u00e7\u00e3o f\u00edsica e mental.<\/li>\n\n\n\n<li><strong>Conex\u00f5es Sociais<\/strong>: Manter rela\u00e7\u00f5es significativas e de apoio \u00e9 essencial para a sa\u00fade mental.<\/li>\n\n\n\n<li><strong>Gerenciamento do Estresse<\/strong>: T\u00e9cnicas como a medita\u00e7\u00e3o, respira\u00e7\u00e3o profunda e hobbies ajudam a aliviar o estresse.<\/li>\n<\/ol>\n\n\n\n<p><strong>Benef\u00edcios do Bem-Estar<\/strong>:<\/p>\n\n\n\n<ul class=\"wp-block-list\">\n<li>Aumento da longevidade e qualidade de vida.<\/li>\n\n\n\n<li>Redu\u00e7\u00e3o do risco de doen\u00e7as cr\u00f4nicas.<\/li>\n\n\n\n<li>Melhoria do humor e da energia.<\/li>\n\n\n\n<li>Maior resili\u00eancia emocional e f\u00edsica.<\/li>\n<\/ul>\n\n\n\n<h3 class=\"wp-block-heading\">Integra\u00e7\u00e3o das Pr\u00e1ticas<\/h3>\n\n\n\n<p>Integrar medita\u00e7\u00e3o, autoconhecimento e pr\u00e1ticas de bem-estar pode criar uma sinergia poderosa para uma vida mais equilibrada e satisfat\u00f3ria. A medita\u00e7\u00e3o pode promover o autoconhecimento, enquanto ambos contribuem para o bem-estar geral. \u00c9 importante encontrar um equil\u00edbrio que funcione para voc\u00ea, incorporando essas pr\u00e1ticas de maneira regular e consistente.<\/p>\n\n\n\n<p><strong>Dicas Pr\u00e1ticas<\/strong>:<\/p>\n\n\n\n<ul class=\"wp-block-list\">\n<li><strong>Comece pequeno<\/strong>: Inicie com 5 minutos de medita\u00e7\u00e3o di\u00e1ria e aumente gradualmente.<\/li>\n\n\n\n<li><strong>Seja Consistente<\/strong>: Reserve tempo di\u00e1rio ou semanal para reflex\u00f5es e atividades de autoconhecimento.<\/li>\n\n\n\n<li><strong>Cuide do Corpo e da Mente<\/strong>: Combine exerc\u00edcios f\u00edsicos com t\u00e9cnicas de relaxamento.<\/li>\n\n\n\n<li><strong>Busque Apoio<\/strong>: N\u00e3o hesite em procurar ajuda profissional ou apoio de grupos.<\/li>\n<\/ul>\n\n\n\n<p>Com essas pr\u00e1ticas, \u00e9 poss\u00edvel alcan\u00e7ar uma vida mais plena, consciente e equilibrada.<\/p>\n\n\n\n<p><mark style=\"background-color:rgba(0, 0, 0, 0);color:#ffffff\" class=\"has-inline-color\">.<\/mark><\/p>\n\n\n\n<p><mark style=\"background-color:rgba(0, 0, 0, 0);color:#ffffff\" class=\"has-inline-color\">.<\/mark><\/p>\n\n\n\n<p>\ud83c\udfa7 <strong>Playlist completa desse epis\u00f3dio no Youtube!<\/strong><mark style=\"background-color:rgba(0, 0, 0, 0);color:#ffffff\" class=\"has-inline-color\">.<\/mark><\/p>\n\n\n\n<figure class=\"wp-block-embed is-type-video is-provider-youtube wp-block-embed-youtube wp-embed-aspect-16-9 wp-has-aspect-ratio\"><div class=\"wp-block-embed__wrapper\">\n<iframe loading=\"lazy\" title=\"Meditantes PodCast #63\" width=\"500\" height=\"281\" src=\"https:\/\/www.youtube.com\/embed\/videoseries?list=PLjXLCSmO7rtoFKp3r90m7B8E4tilLyRkQ\" frameborder=\"0\" allow=\"accelerometer; autoplay; clipboard-write; encrypted-media; gyroscope; picture-in-picture; web-share\" referrerpolicy=\"strict-origin-when-cross-origin\" allowfullscreen><\/iframe>\n<\/div><\/figure>\n\n\n\n<p><mark style=\"background-color:rgba(0, 0, 0, 0);color:#ffffff\" class=\"has-inline-color\">.<\/mark><\/p>\n\n\n\n<p>\ud83c\udfa7 <strong>Playlist completa desse epis\u00f3dio no Spotify<\/strong><\/p>\n\n\n\n<figure class=\"wp-block-embed is-type-rich is-provider-spotify wp-block-embed-spotify wp-embed-aspect-21-9 wp-has-aspect-ratio\"><div class=\"wp-block-embed__wrapper\">\n<iframe title=\"Spotify Embed: Meditantes PodCast #63\" style=\"border-radius: 12px\" width=\"100%\" height=\"352\" frameborder=\"0\" allowfullscreen allow=\"autoplay; clipboard-write; encrypted-media; fullscreen; picture-in-picture\" loading=\"lazy\" src=\"https:\/\/open.spotify.com\/embed\/playlist\/6jZm9e9JRK1s9d8qcKlQMc?utm_source=oembed\"><\/iframe>\n<\/div><\/figure>\n\n\n\n<p><mark style=\"background-color:rgba(0, 0, 0, 0);color:#ffffff\" class=\"has-inline-color\">.<\/mark><\/p>\n\n\n\n<p><strong>Gostou?&nbsp;Comenta, compartilha\u2026<\/strong><\/p>\n","protected":false},"excerpt":{"rendered":"<p>A medita\u00e7\u00e3o, o autoconhecimento e as pr\u00e1ticas de bem-estar emergem como pilares fundamentais nessa busca por equil\u00edbrio e qualidade de&hellip;<\/p>\n","protected":false},"author":1,"featured_media":0,"comment_status":"open","ping_status":"open","sticky":false,"template":"","format":"standard","meta":{"footnotes":""},"categories":[4,70],"tags":[],"class_list":["post-1931","post","type-post","status-publish","format-standard","hentry","category-meditantes-podcast","category-meditantes-podcast-63"],"_links":{"self":[{"href":"https:\/\/meditantes.com.br\/news\/index.php?rest_route=\/wp\/v2\/posts\/1931","targetHints":{"allow":["GET"]}}],"collection":[{"href":"https:\/\/meditantes.com.br\/news\/index.php?rest_route=\/wp\/v2\/posts"}],"about":[{"href":"https:\/\/meditantes.com.br\/news\/index.php?rest_route=\/wp\/v2\/types\/post"}],"author":[{"embeddable":true,"href":"https:\/\/meditantes.com.br\/news\/index.php?rest_route=\/wp\/v2\/users\/1"}],"replies":[{"embeddable":true,"href":"https:\/\/meditantes.com.br\/news\/index.php?rest_route=%2Fwp%2Fv2%2Fcomments&post=1931"}],"version-history":[{"count":5,"href":"https:\/\/meditantes.com.br\/news\/index.php?rest_route=\/wp\/v2\/posts\/1931\/revisions"}],"predecessor-version":[{"id":2393,"href":"https:\/\/meditantes.com.br\/news\/index.php?rest_route=\/wp\/v2\/posts\/1931\/revisions\/2393"}],"wp:attachment":[{"href":"https:\/\/meditantes.com.br\/news\/index.php?rest_route=%2Fwp%2Fv2%2Fmedia&parent=1931"}],"wp:term":[{"taxonomy":"category","embeddable":true,"href":"https:\/\/meditantes.com.br\/news\/index.php?rest_route=%2Fwp%2Fv2%2Fcategories&post=1931"},{"taxonomy":"post_tag","embeddable":true,"href":"https:\/\/meditantes.com.br\/news\/index.php?rest_route=%2Fwp%2Fv2%2Ftags&post=1931"}],"curies":[{"name":"wp","href":"https:\/\/api.w.org\/{rel}","templated":true}]}}