{"id":1978,"date":"2024-06-18T06:00:00","date_gmt":"2024-06-18T06:00:00","guid":{"rendered":"https:\/\/meditantes.com.br\/news\/?p=1978"},"modified":"2024-06-18T10:17:07","modified_gmt":"2024-06-18T10:17:07","slug":"busca-espiritual-e-alimentacao-com-oberom","status":"publish","type":"post","link":"https:\/\/meditantes.com.br\/news\/?p=1978","title":{"rendered":"Busca Espiritual e Alimenta\u00e7\u00e3o com Oberom"},"content":{"rendered":"\n<p><em>A busca espiritual e a alimenta\u00e7\u00e3o frequentemente est\u00e3o interligadas em diversas culturas e tradi\u00e7\u00f5es religiosas ao redor do mundo.<\/em> <em>Oberom fala sobre Busca Espiritual e Alimenta\u00e7\u00e3o no Meditates PodCast<\/em>.<\/p>\n\n\n\n<figure class=\"wp-block-embed is-type-video is-provider-youtube wp-block-embed-youtube wp-embed-aspect-16-9 wp-has-aspect-ratio\"><div class=\"wp-block-embed__wrapper\">\n<iframe loading=\"lazy\" title=\"Busca Espiritual e Alimenta\u00e7\u00e3o com Oberom\" width=\"500\" height=\"281\" src=\"https:\/\/www.youtube.com\/embed\/d0Odu0w3ZLQ?list=PLjXLCSmO7rtrXwYFF6ynMDxu5UOIhP8y8\" frameborder=\"0\" allow=\"accelerometer; autoplay; clipboard-write; encrypted-media; gyroscope; picture-in-picture; web-share\" referrerpolicy=\"strict-origin-when-cross-origin\" allowfullscreen><\/iframe>\n<\/div><\/figure>\n\n\n\n<p><mark style=\"background-color:rgba(0, 0, 0, 0);color:#ffffff\" class=\"has-inline-color\">.<\/mark><\/p>\n\n\n\n<figure class=\"wp-block-image alignleft size-large is-resized\"><img loading=\"lazy\" decoding=\"async\" width=\"768\" height=\"1024\" src=\"https:\/\/meditantes.com.br\/news\/wp-content\/uploads\/2024\/05\/1-9-768x1024.png\" alt=\"\" class=\"wp-image-2036\" style=\"width:335px;height:auto\" srcset=\"https:\/\/meditantes.com.br\/news\/wp-content\/uploads\/2024\/05\/1-9-768x1024.png 768w, https:\/\/meditantes.com.br\/news\/wp-content\/uploads\/2024\/05\/1-9-225x300.png 225w, https:\/\/meditantes.com.br\/news\/wp-content\/uploads\/2024\/05\/1-9.png 960w\" sizes=\"auto, (max-width: 768px) 100vw, 768px\" \/><\/figure>\n\n\n\n<p>Aqui est\u00e3o mais algumas formas como essa conex\u00e3o se manifesta:<\/p>\n\n\n\n<h3 class=\"wp-block-heading\">1. Dietas e Restri\u00e7\u00f5es Alimentares Religiosas<\/h3>\n\n\n\n<p>Muitas religi\u00f5es imp\u00f5em dietas espec\u00edficas ou restri\u00e7\u00f5es alimentares como parte de sua pr\u00e1tica espiritual:<\/p>\n\n\n\n<ul class=\"wp-block-list\">\n<li><strong>Hindu\u00edsmo<\/strong>: Promove o vegetarianismo, pois acredita-se que a alimenta\u00e7\u00e3o sem viol\u00eancia (ahimsa) contribui para a purifica\u00e7\u00e3o espiritual.<\/li>\n\n\n\n<li><strong>Islamismo<\/strong>: Observa a halal, que s\u00e3o alimentos permitidos, e evita o haram, que s\u00e3o alimentos proibidos. O jejum durante o Ramad\u00e3 tamb\u00e9m \u00e9 uma pr\u00e1tica importante.<\/li>\n\n\n\n<li><strong>Juda\u00edsmo<\/strong>: Segue as leis kosher, que ditam quais alimentos podem ser consumidos e como devem ser preparados.<\/li>\n\n\n\n<li><strong>Cristianismo<\/strong>: Alguns ramos, como o Catolicismo, observam per\u00edodos de jejum e abstin\u00eancia, especialmente durante a Quaresma.<\/li>\n<\/ul>\n\n\n\n<h3 class=\"wp-block-heading\">2. Jejum como Pr\u00e1tica Espiritual<\/h3>\n\n\n\n<p>O jejum \u00e9 uma pr\u00e1tica comum em v\u00e1rias tradi\u00e7\u00f5es religiosas, sendo visto como uma forma de disciplina, purifica\u00e7\u00e3o e conex\u00e3o com o divino:<\/p>\n\n\n\n<ul class=\"wp-block-list\">\n<li><strong>Buddhismo<\/strong>: Monjes frequentemente jejuam, comendo apenas uma refei\u00e7\u00e3o por dia ou praticando jejum completo em dias espec\u00edficos.<\/li>\n\n\n\n<li><strong>Hindu\u00edsmo<\/strong>: Diversos festivais e rituais incluem jejum parcial ou completo como forma de devo\u00e7\u00e3o.<\/li>\n\n\n\n<li><strong>Cristianismo<\/strong>: O jejum \u00e9 uma pr\u00e1tica tradicional durante a Quaresma e em outros momentos de penit\u00eancia.<\/li>\n\n\n\n<li><strong>Islamismo<\/strong>: O Ramad\u00e3 \u00e9 um m\u00eas sagrado de jejum do nascer ao p\u00f4r-do-sol.<\/li>\n<\/ul>\n\n\n\n<h3 class=\"wp-block-heading\">3. Alimentos Sagrados e Cerimoniais<\/h3>\n\n\n\n<p>Certos alimentos s\u00e3o considerados sagrados e s\u00e3o usados em rituais e cerim\u00f4nias religiosas:<\/p>\n\n\n\n<ul class=\"wp-block-list\">\n<li><strong>Cristianismo<\/strong>: O p\u00e3o e o vinho s\u00e3o consumidos durante a Eucaristia, representando o corpo e o sangue de Cristo.<\/li>\n\n\n\n<li><strong>Sikhismo<\/strong>: O langar, uma refei\u00e7\u00e3o comunit\u00e1ria, \u00e9 servida em gurdwaras (templos) e simboliza igualdade e servi\u00e7o.<\/li>\n\n\n\n<li><strong>Ind\u00edgenas Americanos<\/strong>: Usam alimentos como o milho em cerim\u00f4nias tradicionais, simbolizando a vida e a fertilidade.<\/li>\n<\/ul>\n\n\n\n<h3 class=\"wp-block-heading\">4. Filosofias de Alimenta\u00e7\u00e3o e Espiritualidade<\/h3>\n\n\n\n<p>Algumas filosofias espirituais defendem uma abordagem consciente e \u00e9tica da alimenta\u00e7\u00e3o:<\/p>\n\n\n\n<ul class=\"wp-block-list\">\n<li><strong>Ayurveda (Hindu\u00edsmo)<\/strong>: A alimenta\u00e7\u00e3o \u00e9 vista como uma forma de manter o equil\u00edbrio dos doshas (energias) e promover a sa\u00fade f\u00edsica e espiritual.<\/li>\n\n\n\n<li><strong>Zen Budismo<\/strong>: Enfatiza a alimenta\u00e7\u00e3o consciente (mindful eating), onde a aten\u00e7\u00e3o plena \u00e9 dada a cada mordida, promovendo a gratid\u00e3o e a aprecia\u00e7\u00e3o.<\/li>\n\n\n\n<li><strong>Movimento New Age<\/strong>: Muitas pessoas adotam dietas veganas ou vegetarianas como parte de um estilo de vida espiritual que promove a harmonia com a natureza e a n\u00e3o-viol\u00eancia.<\/li>\n<\/ul>\n\n\n\n<h3 class=\"wp-block-heading\">5. Medita\u00e7\u00e3o e Alimenta\u00e7\u00e3o<\/h3>\n\n\n\n<p>A pr\u00e1tica de medita\u00e7\u00e3o pode ser influenciada pela alimenta\u00e7\u00e3o, com muitas tradi\u00e7\u00f5es recomendando uma dieta leve e nutritiva para facilitar a clareza mental e a profundidade espiritual.<\/p>\n\n\n\n<h3 class=\"wp-block-heading\">Conclus\u00e3o<\/h3>\n\n\n\n<p>A rela\u00e7\u00e3o entre busca espiritual e alimenta\u00e7\u00e3o \u00e9 rica e multifacetada, refletindo os valores, cren\u00e7as e pr\u00e1ticas de cada tradi\u00e7\u00e3o religiosa. Atrav\u00e9s de dietas espec\u00edficas, jejum, uso de alimentos sagrados, e filosofias alimentares conscientes, as pessoas buscam alinhar seu consumo de alimentos com seus objetivos espirituais, promovendo um sentido mais profundo de conex\u00e3o e harmonia com o divino e o mundo ao seu redor.<\/p>\n\n\n\n<p><\/p>\n\n\n\n<p><mark style=\"background-color:rgba(0, 0, 0, 0);color:#ffffff\" class=\"has-inline-color\">.<\/mark><\/p>\n\n\n\n<p><mark style=\"background-color:rgba(0, 0, 0, 0);color:#ffffff\" class=\"has-inline-color\">.<\/mark><\/p>\n\n\n\n<p>\ud83c\udfa7 <strong>Playlist completa desse epis\u00f3dio no Youtube!<\/strong><mark style=\"background-color:rgba(0, 0, 0, 0);color:#ffffff\" class=\"has-inline-color\">.<\/mark><\/p>\n\n\n\n<figure class=\"wp-block-embed is-type-video is-provider-youtube wp-block-embed-youtube wp-embed-aspect-16-9 wp-has-aspect-ratio\"><div class=\"wp-block-embed__wrapper\">\n<iframe loading=\"lazy\" title=\"Meditantes PodCast #64\" width=\"500\" height=\"281\" src=\"https:\/\/www.youtube.com\/embed\/videoseries?list=PLjXLCSmO7rtrXwYFF6ynMDxu5UOIhP8y8\" frameborder=\"0\" allow=\"accelerometer; autoplay; clipboard-write; encrypted-media; gyroscope; picture-in-picture; web-share\" referrerpolicy=\"strict-origin-when-cross-origin\" allowfullscreen><\/iframe>\n<\/div><\/figure>\n\n\n\n<p><mark style=\"background-color:rgba(0, 0, 0, 0);color:#ffffff\" class=\"has-inline-color\">.<\/mark><\/p>\n\n\n\n<p>\ud83c\udfa7 <strong>Playlist completa desse epis\u00f3dio no Spotify<\/strong><br>(link)<\/p>\n\n\n\n<p><mark style=\"background-color:rgba(0, 0, 0, 0);color:#ffffff\" class=\"has-inline-color\">.<\/mark><\/p>\n\n\n\n<p><strong>Gostou?&nbsp;Comenta, compartilha\u2026<\/strong><\/p>\n","protected":false},"excerpt":{"rendered":"<p>A busca espiritual e a alimenta\u00e7\u00e3o frequentemente est\u00e3o interligadas em diversas culturas e tradi\u00e7\u00f5es religiosas ao redor do mundo. Oberom&hellip;<\/p>\n","protected":false},"author":1,"featured_media":0,"comment_status":"open","ping_status":"open","sticky":false,"template":"","format":"standard","meta":{"footnotes":""},"categories":[28,4,71],"tags":[],"class_list":["post-1978","post","type-post","status-publish","format-standard","hentry","category-meditantes-podcast-2a-temporada","category-meditantes-podcast","category-meditantes-podcast-64"],"_links":{"self":[{"href":"https:\/\/meditantes.com.br\/news\/index.php?rest_route=\/wp\/v2\/posts\/1978","targetHints":{"allow":["GET"]}}],"collection":[{"href":"https:\/\/meditantes.com.br\/news\/index.php?rest_route=\/wp\/v2\/posts"}],"about":[{"href":"https:\/\/meditantes.com.br\/news\/index.php?rest_route=\/wp\/v2\/types\/post"}],"author":[{"embeddable":true,"href":"https:\/\/meditantes.com.br\/news\/index.php?rest_route=\/wp\/v2\/users\/1"}],"replies":[{"embeddable":true,"href":"https:\/\/meditantes.com.br\/news\/index.php?rest_route=%2Fwp%2Fv2%2Fcomments&post=1978"}],"version-history":[{"count":4,"href":"https:\/\/meditantes.com.br\/news\/index.php?rest_route=\/wp\/v2\/posts\/1978\/revisions"}],"predecessor-version":[{"id":2404,"href":"https:\/\/meditantes.com.br\/news\/index.php?rest_route=\/wp\/v2\/posts\/1978\/revisions\/2404"}],"wp:attachment":[{"href":"https:\/\/meditantes.com.br\/news\/index.php?rest_route=%2Fwp%2Fv2%2Fmedia&parent=1978"}],"wp:term":[{"taxonomy":"category","embeddable":true,"href":"https:\/\/meditantes.com.br\/news\/index.php?rest_route=%2Fwp%2Fv2%2Fcategories&post=1978"},{"taxonomy":"post_tag","embeddable":true,"href":"https:\/\/meditantes.com.br\/news\/index.php?rest_route=%2Fwp%2Fv2%2Ftags&post=1978"}],"curies":[{"name":"wp","href":"https:\/\/api.w.org\/{rel}","templated":true}]}}