{"id":1986,"date":"2024-06-21T06:00:00","date_gmt":"2024-06-21T06:00:00","guid":{"rendered":"https:\/\/meditantes.com.br\/news\/?p=1986"},"modified":"2024-06-21T10:02:42","modified_gmt":"2024-06-21T10:02:42","slug":"meditacao-anahata-com-oberom","status":"publish","type":"post","link":"https:\/\/meditantes.com.br\/news\/?p=1986","title":{"rendered":"Medita\u00e7\u00e3o Anahata com Oberom."},"content":{"rendered":"\n<p><em>A medita\u00e7\u00e3o Anahata \u00e9 uma pr\u00e1tica focada no quarto chakra, o Chakra do Cora\u00e7\u00e3o. Localizado no centro do peito ele est\u00e1 associado ao amor, compaix\u00e3o, perd\u00e3o, gratid\u00e3o e equil\u00edbrio emocional. Vem pratica a Medita\u00e7\u00e3o Anahata com Oberom.<\/em><\/p>\n\n\n\n<figure class=\"wp-block-embed is-type-video is-provider-youtube wp-block-embed-youtube wp-embed-aspect-16-9 wp-has-aspect-ratio\"><div class=\"wp-block-embed__wrapper\">\n<iframe loading=\"lazy\" title=\"Medita\u00e7\u00e3o Anahata com Oberom\" width=\"500\" height=\"281\" src=\"https:\/\/www.youtube.com\/embed\/BnhkCDo76po?list=PLjXLCSmO7rtrXwYFF6ynMDxu5UOIhP8y8\" frameborder=\"0\" allow=\"accelerometer; autoplay; clipboard-write; encrypted-media; gyroscope; picture-in-picture; web-share\" referrerpolicy=\"strict-origin-when-cross-origin\" allowfullscreen><\/iframe>\n<\/div><\/figure>\n\n\n\n<p><mark style=\"background-color:rgba(0, 0, 0, 0);color:#ffffff\" class=\"has-inline-color\">.<\/mark><\/p>\n\n\n\n<figure class=\"wp-block-image alignleft size-large is-resized\"><img loading=\"lazy\" decoding=\"async\" width=\"768\" height=\"1024\" src=\"https:\/\/meditantes.com.br\/news\/wp-content\/uploads\/2024\/05\/10-4-768x1024.png\" alt=\"\" class=\"wp-image-2043\" style=\"width:335px;height:auto\" srcset=\"https:\/\/meditantes.com.br\/news\/wp-content\/uploads\/2024\/05\/10-4-768x1024.png 768w, https:\/\/meditantes.com.br\/news\/wp-content\/uploads\/2024\/05\/10-4-225x300.png 225w, https:\/\/meditantes.com.br\/news\/wp-content\/uploads\/2024\/05\/10-4.png 960w\" sizes=\"auto, (max-width: 768px) 100vw, 768px\" \/><\/figure>\n\n\n\n<p>A medita\u00e7\u00e3o Anahata, centrada no Chakra do Cora\u00e7\u00e3o, \u00e9 uma pr\u00e1tica espiritual e emocional poderosa que busca despertar e harmonizar o centro energ\u00e9tico respons\u00e1vel pelo amor incondicional, compaix\u00e3o e equil\u00edbrio emocional. Situado no cora\u00e7\u00e3o f\u00edsico, o Anahata chakra, simbolizado pela cor verde e pelo elemento ar, atua como a ponte entre os chakras inferiores, relacionados \u00e0s necessidades f\u00edsicas e materiais, e os chakras superiores, ligados \u00e0 espiritualidade e \u00e0 conex\u00e3o divina. Ao mergulhar na medita\u00e7\u00e3o Anahata, voc\u00ea n\u00e3o s\u00f3 cultiva uma profunda paz interior e cura emocional, mas tamb\u00e9m expande sua capacidade de amar e perdoar, promovendo relacionamentos mais harmoniosos e uma vida repleta de gratid\u00e3o. Esta pr\u00e1tica milenar oferece um ref\u00fagio de serenidade e uma fonte de energia renovadora, essencial para enfrentar os desafios da vida moderna com um cora\u00e7\u00e3o aberto e resiliente.<\/p>\n\n\n\n<h3 class=\"wp-block-heading\"><br>Significado do Anahata Chakra<\/h3>\n\n\n\n<ul class=\"wp-block-list\">\n<li><strong>Nome<\/strong>: Anahata significa &#8220;n\u00e3o golpeado&#8221; ou &#8220;som incondicional&#8221; em s\u00e2nscrito, simbolizando pureza e amor incondicional.<\/li>\n\n\n\n<li><strong>Localiza\u00e7\u00e3o<\/strong>: Centro do peito, perto do cora\u00e7\u00e3o.<\/li>\n\n\n\n<li><strong>Cor<\/strong>: Verde.<\/li>\n\n\n\n<li><strong>Elemento<\/strong>: Ar.<\/li>\n\n\n\n<li><strong>Som\/Bija Mantra<\/strong>: &#8220;Yam&#8221;.<\/li>\n\n\n\n<li><strong>Aspectos Psicoemocionais<\/strong>: Amor, compaix\u00e3o, perd\u00e3o, gratid\u00e3o, equil\u00edbrio emocional, aceita\u00e7\u00e3o e conex\u00e3o.<\/li>\n<\/ul>\n\n\n\n<h3 class=\"wp-block-heading\">Benef\u00edcios da Medita\u00e7\u00e3o Anahata<\/h3>\n\n\n\n<ol class=\"wp-block-list\">\n<li><strong>Equil\u00edbrio Emocional<\/strong>: Ajuda a liberar bloqueios emocionais e promove a paz interior.<\/li>\n\n\n\n<li><strong>Aumento da Empatia e Compas\u00e3o<\/strong>: Facilita a abertura do cora\u00e7\u00e3o para sentimentos de amor e compaix\u00e3o pelos outros.<\/li>\n\n\n\n<li><strong>Melhora Relacionamentos<\/strong>: Fomenta o perd\u00e3o e a aceita\u00e7\u00e3o, melhorando as intera\u00e7\u00f5es pessoais.<\/li>\n\n\n\n<li><strong>Redu\u00e7\u00e3o do Estresse<\/strong>: Promove um estado de calma e serenidade.<\/li>\n\n\n\n<li><strong>Cura Emocional<\/strong>: Facilita o processo de cura emocional e a libera\u00e7\u00e3o de traumas do passado.<\/li>\n<\/ol>\n\n\n\n<h3 class=\"wp-block-heading\">Como Realizar a Medita\u00e7\u00e3o Anahata<\/h3>\n\n\n\n<h4 class=\"wp-block-heading\">Prepara\u00e7\u00e3o<\/h4>\n\n\n\n<ol class=\"wp-block-list\">\n<li><strong>Escolha um Local Tranquilo<\/strong>: Encontre um lugar calmo onde voc\u00ea n\u00e3o ser\u00e1 interrompido.<\/li>\n\n\n\n<li><strong>Sente-se Confortavelmente<\/strong>: Pode ser em uma cadeira ou no ch\u00e3o com as pernas cruzadas. Mantenha a coluna ereta.<\/li>\n\n\n\n<li><strong>Respira\u00e7\u00e3o<\/strong>: Comece com algumas respira\u00e7\u00f5es profundas para relaxar o corpo e a mente.<\/li>\n<\/ol>\n\n\n\n<h4 class=\"wp-block-heading\">Passos da Medita\u00e7\u00e3o<\/h4>\n\n\n\n<ol class=\"wp-block-list\">\n<li><strong>Foque no Chakra do Cora\u00e7\u00e3o<\/strong>: Concentre sua aten\u00e7\u00e3o no centro do peito, onde o Anahata est\u00e1 localizado.<\/li>\n\n\n\n<li><strong>Visualize a Cor Verde<\/strong>: Imagine uma luz verde brilhante irradiando do seu cora\u00e7\u00e3o. Sinta essa luz expandindo e preenchendo todo o seu ser.<\/li>\n\n\n\n<li><strong>Use o Mantra &#8220;Yam&#8221;<\/strong>: Recite o mantra &#8220;Yam&#8221; suavemente, em voz alta ou mentalmente, sentindo a vibra\u00e7\u00e3o no centro do peito.<\/li>\n\n\n\n<li><strong>Cultive Sentimentos de Amor e Compaix\u00e3o<\/strong>: Traga \u00e0 mente imagens ou pensamentos de amor e compaix\u00e3o. Pode ser uma pessoa amada, um animal de estima\u00e7\u00e3o ou um momento feliz.<\/li>\n\n\n\n<li><strong>Respire Conscientemente<\/strong>: Mantenha a respira\u00e7\u00e3o lenta e profunda, visualizando a energia do amor e da compaix\u00e3o fluindo com cada inspira\u00e7\u00e3o e expira\u00e7\u00e3o.<\/li>\n\n\n\n<li><strong>Medita\u00e7\u00e3o Guiada (Opcional)<\/strong>: Se preferir, voc\u00ea pode seguir uma medita\u00e7\u00e3o guiada espec\u00edfica para o Chakra do Cora\u00e7\u00e3o, dispon\u00edvel em v\u00e1rias plataformas online.<\/li>\n<\/ol>\n\n\n\n<h4 class=\"wp-block-heading\">Conclus\u00e3o<\/h4>\n\n\n\n<ol class=\"wp-block-list\">\n<li><strong>Gradualmente Retorne<\/strong>: Ap\u00f3s 10-20 minutos, comece a trazer sua consci\u00eancia de volta ao ambiente ao seu redor.<\/li>\n\n\n\n<li><strong>Agrade\u00e7a<\/strong>: Finalize sua medita\u00e7\u00e3o expressando gratid\u00e3o pela experi\u00eancia.<\/li>\n\n\n\n<li><strong>Reflex\u00e3o<\/strong>: Dedique alguns minutos para refletir sobre os sentimentos e insights que surgiram durante a medita\u00e7\u00e3o.<\/li>\n<\/ol>\n\n\n\n<h3 class=\"wp-block-heading\">Pr\u00e1ticas Complementares<\/h3>\n\n\n\n<ul class=\"wp-block-list\">\n<li><strong>Yoga<\/strong>: Poses que abrem o peito, como a pose do camelo (Ustrasana) ou a pose da cobra (Bhujangasana), podem ajudar a ativar o Anahata chakra.<\/li>\n\n\n\n<li><strong>Afirma\u00e7\u00f5es Positivas<\/strong>: Use afirma\u00e7\u00f5es como &#8220;Eu sou amado&#8221; ou &#8220;Eu sou compassivo&#8221;.<\/li>\n\n\n\n<li><strong>Cristais<\/strong>: Quartzo rosa e jade verde s\u00e3o cristais que ressoam com o Anahata chakra e podem ser usados durante a medita\u00e7\u00e3o.<\/li>\n<\/ul>\n\n\n\n<p>A pr\u00e1tica regular da medita\u00e7\u00e3o Anahata pode trazer profundas transforma\u00e7\u00f5es emocionais e espirituais, promovendo um estado de amor incondicional e equil\u00edbrio interior.<\/p>\n\n\n\n<p><mark style=\"background-color:rgba(0, 0, 0, 0);color:#ffffff\" class=\"has-inline-color\">.<\/mark><\/p>\n\n\n\n<p><mark style=\"background-color:rgba(0, 0, 0, 0);color:#ffffff\" class=\"has-inline-color\">.<\/mark><\/p>\n\n\n\n<p>\ud83c\udfa7 <strong>Playlist completa desse epis\u00f3dio no Youtube!<\/strong><mark style=\"background-color:rgba(0, 0, 0, 0);color:#ffffff\" class=\"has-inline-color\">.<\/mark><\/p>\n\n\n\n<figure class=\"wp-block-embed is-type-video is-provider-youtube wp-block-embed-youtube wp-embed-aspect-16-9 wp-has-aspect-ratio\"><div class=\"wp-block-embed__wrapper\">\n<iframe loading=\"lazy\" title=\"Meditantes PodCast #64\" width=\"500\" height=\"281\" src=\"https:\/\/www.youtube.com\/embed\/videoseries?list=PLjXLCSmO7rtrXwYFF6ynMDxu5UOIhP8y8\" frameborder=\"0\" allow=\"accelerometer; autoplay; clipboard-write; encrypted-media; gyroscope; picture-in-picture; web-share\" referrerpolicy=\"strict-origin-when-cross-origin\" allowfullscreen><\/iframe>\n<\/div><\/figure>\n\n\n\n<p><mark style=\"background-color:rgba(0, 0, 0, 0);color:#ffffff\" class=\"has-inline-color\">.<\/mark><\/p>\n\n\n\n<p>\ud83c\udfa7 <strong>Playlist completa desse epis\u00f3dio no Spotify<\/strong><br>(link)<\/p>\n\n\n\n<p><mark style=\"background-color:rgba(0, 0, 0, 0);color:#ffffff\" class=\"has-inline-color\">.<\/mark><\/p>\n\n\n\n<p><strong>Gostou?&nbsp;Comenta, compartilha\u2026<\/strong><\/p>\n\n\n\n<p><\/p>\n","protected":false},"excerpt":{"rendered":"<p>A medita\u00e7\u00e3o Anahata \u00e9 uma pr\u00e1tica focada no quarto chakra, o Chakra do Cora\u00e7\u00e3o. Localizado no centro do peito ele&hellip;<\/p>\n","protected":false},"author":1,"featured_media":0,"comment_status":"open","ping_status":"open","sticky":false,"template":"","format":"standard","meta":{"footnotes":""},"categories":[18,28,71],"tags":[],"class_list":["post-1986","post","type-post","status-publish","format-standard","hentry","category-temporada01","category-meditantes-podcast-2a-temporada","category-meditantes-podcast-64"],"_links":{"self":[{"href":"https:\/\/meditantes.com.br\/news\/index.php?rest_route=\/wp\/v2\/posts\/1986","targetHints":{"allow":["GET"]}}],"collection":[{"href":"https:\/\/meditantes.com.br\/news\/index.php?rest_route=\/wp\/v2\/posts"}],"about":[{"href":"https:\/\/meditantes.com.br\/news\/index.php?rest_route=\/wp\/v2\/types\/post"}],"author":[{"embeddable":true,"href":"https:\/\/meditantes.com.br\/news\/index.php?rest_route=\/wp\/v2\/users\/1"}],"replies":[{"embeddable":true,"href":"https:\/\/meditantes.com.br\/news\/index.php?rest_route=%2Fwp%2Fv2%2Fcomments&post=1986"}],"version-history":[{"count":3,"href":"https:\/\/meditantes.com.br\/news\/index.php?rest_route=\/wp\/v2\/posts\/1986\/revisions"}],"predecessor-version":[{"id":2408,"href":"https:\/\/meditantes.com.br\/news\/index.php?rest_route=\/wp\/v2\/posts\/1986\/revisions\/2408"}],"wp:attachment":[{"href":"https:\/\/meditantes.com.br\/news\/index.php?rest_route=%2Fwp%2Fv2%2Fmedia&parent=1986"}],"wp:term":[{"taxonomy":"category","embeddable":true,"href":"https:\/\/meditantes.com.br\/news\/index.php?rest_route=%2Fwp%2Fv2%2Fcategories&post=1986"},{"taxonomy":"post_tag","embeddable":true,"href":"https:\/\/meditantes.com.br\/news\/index.php?rest_route=%2Fwp%2Fv2%2Ftags&post=1986"}],"curies":[{"name":"wp","href":"https:\/\/api.w.org\/{rel}","templated":true}]}}