{"id":2382,"date":"2024-06-07T10:31:49","date_gmt":"2024-06-07T10:31:49","guid":{"rendered":"https:\/\/meditantes.com.br\/news\/?p=2382"},"modified":"2024-06-07T10:37:21","modified_gmt":"2024-06-07T10:37:21","slug":"melhores-momentos-com-nandan","status":"publish","type":"post","link":"https:\/\/meditantes.com.br\/news\/?p=2382","title":{"rendered":"Melhores Momentos com Nandan"},"content":{"rendered":"\n<p>A Magia da Medita\u00e7\u00e3o com Nandan, no episodio #62 do Meditantes PodCast. Apresenta\u00e7\u00e3o de Dom\u00edcio Shanti-Rham.<\/p>\n\n\n\n<p><mark style=\"background-color:rgba(0, 0, 0, 0);color:#ffffff\" class=\"has-inline-color\">.<\/mark><\/p>\n\n\n\n<p>| \ud83c\udfa7 <a href=\"https:\/\/www.youtube.com\/playlist?list=PLjXLCSmO7rtrJqH9Sxgyp6uPJB2tfSg3n\" target=\"_blank\" rel=\"noreferrer noopener\">Playlist no Youtube<\/a><br><mark style=\"background-color:rgba(0, 0, 0, 0);color:#ffffff\" class=\"has-inline-color\">.<\/mark><\/p>\n\n\n\n<p>| \ud83c\udfa7 <a href=\"https:\/\/open.spotify.com\/playlist\/5tSfuPAv4x4PWQvPUmo48L\" target=\"_blank\" rel=\"noreferrer noopener\">Playlist no Spotify<\/a><\/p>\n\n\n\n<p><mark style=\"background-color:rgba(0, 0, 0, 0);color:#ffffff\" class=\"has-inline-color\">.<\/mark><\/p>\n\n\n\n<p>| \ud83c\udfa7 <a href=\"https:\/\/meditantes.com.br\/news\/?cat=69\" target=\"_blank\" rel=\"noreferrer noopener\">no Meditantes News<\/a><\/p>\n\n\n\n<p><mark style=\"background-color:rgba(0, 0, 0, 0);color:#ffffff\" class=\"has-inline-color\">.<\/mark><\/p>\n\n\n\n<p><mark style=\"background-color:rgba(0, 0, 0, 0);color:#ffffff\" class=\"has-inline-color\">.<\/mark><\/p>\n\n\n\n<p><mark style=\"background-color:rgba(0, 0, 0, 0);color:#ffffff\" class=\"has-inline-color\">.<\/mark><\/p>\n\n\n\n<p><strong>\ud83c\udfa7 EPIS\u00d3DIO COMPLETO<\/strong><br><a href=\"https:\/\/www.youtube.com\/watch?v=YhG76Bl7JY0&amp;list=PLjXLCSmO7rtrJqH9Sxgyp6uPJB2tfSg3n\" target=\"_blank\" rel=\"noreferrer noopener\">https:\/\/www.youtube.com\/watch?v=YhG76Bl7JY0&amp;list=PLjXLCSmO7rtrJqH9Sxgyp6uPJB2tfSg3n<\/a><\/p>\n\n\n\n<p><mark style=\"background-color:rgba(0, 0, 0, 0);color:#ffffff\" class=\"has-inline-color\">.<\/mark><\/p>\n\n\n\n<p><em><em><strong>\ud83c\udfa7 MELHORES MOMENTOS<\/strong><\/em><\/em><\/p>\n\n\n\n<p><mark style=\"background-color:rgba(0, 0, 0, 0);color:#ffffff\" class=\"has-inline-color\">.<\/mark><br>| Nandan compartilha no Meditantes PodCast como a \u00cdndia Transformou a sua Vida<br><a href=\"https:\/\/www.youtube.com\/watch?v=PmfIjjWL3uw&amp;list=PLjXLCSmO7rtrJqH9Sxgyp6uPJB2tfSg3n\" target=\"_blank\" rel=\"noreferrer noopener\">https:\/\/www.youtube.com\/watch?v=PmfIjjWL3uw&amp;list=PLjXLCSmO7rtrJqH9Sxgyp6uPJB2tfSg3n<\/a><\/p>\n\n\n\n<p><mark style=\"background-color:rgba(0, 0, 0, 0);color:#ffffff\" class=\"has-inline-color\">.<\/mark><br>| Nandan conta sua Experi\u00eancia no Monast\u00e9rio Hindu\u00edsta no Meditantes PodCast<br><a href=\"https:\/\/www.youtube.com\/watch?v=_npCItvBFuk&amp;list=PLjXLCSmO7rtrJqH9Sxgyp6uPJB2tfSg3n\" target=\"_blank\" rel=\"noreferrer noopener\">https:\/\/www.youtube.com\/watch?v=_npCItvBFuk&amp;list=PLjXLCSmO7rtrJqH9Sxgyp6uPJB2tfSg3n<\/a><\/p>\n\n\n\n<p><mark style=\"background-color:rgba(0, 0, 0, 0);color:#ffffff\" class=\"has-inline-color\">.<\/mark><br>| Nandan exp\u00f5e as Dificuldades na hora de Meditar no Meditantes PodCast<br><a href=\"https:\/\/www.youtube.com\/watch?v=sWVDZYvvbRE&amp;list=PLjXLCSmO7rtrJqH9Sxgyp6uPJB2tfSg3n\" target=\"_blank\" rel=\"noreferrer noopener\">https:\/\/www.youtube.com\/watch?v=sWVDZYvvbRE&amp;list=PLjXLCSmO7rtrJqH9Sxgyp6uPJB2tfSg3n<\/a><\/p>\n\n\n\n<p><mark style=\"background-color:rgba(0, 0, 0, 0);color:#ffffff\" class=\"has-inline-color\">.<\/mark><br>| Nandan fala no Meditantes Podcast sobre os Benef\u00edcios que essa pr\u00e1tica milenar pode oferecer<br><a href=\"https:\/\/www.youtube.com\/watch?v=Sl60JZwG4S4&amp;list=PLjXLCSmO7rtrJqH9Sxgyp6uPJB2tfSg3n\" target=\"_blank\" rel=\"noreferrer noopener\">https:\/\/www.youtube.com\/watch?v=Sl60JZwG4S4&amp;list=PLjXLCSmO7rtrJqH9Sxgyp6uPJB2tfSg3n<\/a><\/p>\n\n\n\n<p><mark style=\"background-color:rgba(0, 0, 0, 0);color:#ffffff\" class=\"has-inline-color\">.<\/mark><\/p>\n\n\n\n<p><mark style=\"background-color:rgba(0, 0, 0, 0);color:#ffffff\" class=\"has-inline-color\">..<\/mark><\/p>\n\n\n\n<p><\/p>\n\n\n\n<p><strong>Gostou?&nbsp;Comenta, compartilha\u2026<\/strong><\/p>\n\n\n\n<p><\/p>\n","protected":false},"excerpt":{"rendered":"<p>A Magia da Medita\u00e7\u00e3o com Nandan, no episodio #62 do Meditantes PodCast. Apresenta\u00e7\u00e3o de Dom\u00edcio Shanti-Rham. . | \ud83c\udfa7 Playlist&hellip;<\/p>\n","protected":false},"author":1,"featured_media":0,"comment_status":"open","ping_status":"open","sticky":false,"template":"","format":"standard","meta":{"footnotes":""},"categories":[28,4,69],"tags":[],"class_list":["post-2382","post","type-post","status-publish","format-standard","hentry","category-meditantes-podcast-2a-temporada","category-meditantes-podcast","category-meditantes-podcast-62"],"_links":{"self":[{"href":"https:\/\/meditantes.com.br\/news\/index.php?rest_route=\/wp\/v2\/posts\/2382","targetHints":{"allow":["GET"]}}],"collection":[{"href":"https:\/\/meditantes.com.br\/news\/index.php?rest_route=\/wp\/v2\/posts"}],"about":[{"href":"https:\/\/meditantes.com.br\/news\/index.php?rest_route=\/wp\/v2\/types\/post"}],"author":[{"embeddable":true,"href":"https:\/\/meditantes.com.br\/news\/index.php?rest_route=\/wp\/v2\/users\/1"}],"replies":[{"embeddable":true,"href":"https:\/\/meditantes.com.br\/news\/index.php?rest_route=%2Fwp%2Fv2%2Fcomments&post=2382"}],"version-history":[{"count":2,"href":"https:\/\/meditantes.com.br\/news\/index.php?rest_route=\/wp\/v2\/posts\/2382\/revisions"}],"predecessor-version":[{"id":2384,"href":"https:\/\/meditantes.com.br\/news\/index.php?rest_route=\/wp\/v2\/posts\/2382\/revisions\/2384"}],"wp:attachment":[{"href":"https:\/\/meditantes.com.br\/news\/index.php?rest_route=%2Fwp%2Fv2%2Fmedia&parent=2382"}],"wp:term":[{"taxonomy":"category","embeddable":true,"href":"https:\/\/meditantes.com.br\/news\/index.php?rest_route=%2Fwp%2Fv2%2Fcategories&post=2382"},{"taxonomy":"post_tag","embeddable":true,"href":"https:\/\/meditantes.com.br\/news\/index.php?rest_route=%2Fwp%2Fv2%2Ftags&post=2382"}],"curies":[{"name":"wp","href":"https:\/\/api.w.org\/{rel}","templated":true}]}}