{"id":3889,"date":"2023-12-04T18:02:00","date_gmt":"2023-12-04T18:02:00","guid":{"rendered":"https:\/\/meditantes.com.br\/news\/?p=3889"},"modified":"2024-11-20T12:11:35","modified_gmt":"2024-11-20T12:11:35","slug":"a-meditacao-amplia-e-expande-a-consciencia","status":"publish","type":"post","link":"https:\/\/meditantes.com.br\/news\/?p=3889","title":{"rendered":"A Medita\u00e7\u00e3o Amplia e expande a consci\u00eancia"},"content":{"rendered":"\n<p><em>A medita\u00e7\u00e3o \u00e9 uma pr\u00e1tica profunda que nos conduz a um espa\u00e7o de sil\u00eancio e presen\u00e7a, onde nossa consci\u00eancia se expande al\u00e9m das limita\u00e7\u00f5es do pensamento cotidiano. Ao mergulharmos neste estado de aten\u00e7\u00e3o plena, somos capazes de perceber a realidade de uma maneira mais ampla e clara, conectando-nos com dimens\u00f5es mais sutis de nossa pr\u00f3pria mente e do universo ao nosso redor. Atrav\u00e9s dessa expans\u00e3o da consci\u00eancia, desafiamos as barreiras do ego e das cren\u00e7as limitantes, permitindo-nos acessar um estado de entendimento profundo, paz interior e um fluxo harmonioso com a vida. Meditar n\u00e3o \u00e9 apenas um processo de tranquiliza\u00e7\u00e3o mental, mas uma jornada de autoconhecimento que abre as portas para novas percep\u00e7\u00f5es e possibilidades.<\/em><\/p>\n\n\n\n<p><\/p>\n\n\n\n<p><mark style=\"background-color:rgba(0, 0, 0, 0);color:#ffffff\" class=\"has-inline-color\">.<\/mark><\/p>\n\n\n\n<p><mark style=\"background-color:rgba(0, 0, 0, 0);color:#ffffff\" class=\"has-inline-color\">.<\/mark><\/p>\n\n\n\n<figure class=\"wp-block-embed is-type-video is-provider-youtube wp-block-embed-youtube wp-embed-aspect-16-9 wp-has-aspect-ratio\"><div class=\"wp-block-embed__wrapper\">\n<iframe loading=\"lazy\" title=\"A Medita\u00e7\u00e3o Amplia e expande a consci\u00eancia - Meditantes PodCast #36\" width=\"500\" height=\"281\" src=\"https:\/\/www.youtube.com\/embed\/GQvxJn9DB1Q?list=PLjXLCSmO7rtoZ-PbW3eWZgiFi4M995oiF\" frameborder=\"0\" allow=\"accelerometer; autoplay; clipboard-write; encrypted-media; gyroscope; picture-in-picture; web-share\" referrerpolicy=\"strict-origin-when-cross-origin\" allowfullscreen><\/iframe>\n<\/div><\/figure>\n\n\n\n<p><mark style=\"background-color:rgba(0, 0, 0, 0);color:#ffffff\" class=\"has-inline-color\">.<\/mark><\/p>\n\n\n\n<p><mark style=\"background-color:rgba(0, 0, 0, 0);color:#ffffff\" class=\"has-inline-color\">.<\/mark><\/p>\n\n\n\n<p><\/p>\n\n\n\n<h1 class=\"wp-block-heading\">O Caminho para a Transforma\u00e7\u00e3o Interior<\/h1>\n\n\n\n<p>A medita\u00e7\u00e3o \u00e9 uma pr\u00e1tica milenar que transcende fronteiras culturais e espirituais. Mais do que uma simples t\u00e9cnica de relaxamento, ela \u00e9 um <strong>portal<\/strong> para a <strong>expans\u00e3o da consci\u00eancia<\/strong>, permitindo ao praticante uma <strong>explora\u00e7\u00e3o profunda<\/strong> de sua mente e esp\u00edrito. Em um mundo saturado de est\u00edmulos, a medita\u00e7\u00e3o surge como um ref\u00fagio de sil\u00eancio e introspec\u00e7\u00e3o, oferecendo a possibilidade de acessar estados mais elevados de percep\u00e7\u00e3o e compreens\u00e3o. Ao pratic\u00e1-la, a consci\u00eancia se amplia, levando a uma viv\u00eancia mais plena e consciente da realidade.<\/p>\n\n\n\n<p>Neste artigo, vamos explorar como a medita\u00e7\u00e3o pode <strong>expandir a consci\u00eancia<\/strong>, quais s\u00e3o seus <strong>benef\u00edcios transformadores<\/strong> e como ela abre a porta para uma nova maneira de experienciar o mundo. O que acontece quando nossa mente se aquieta? Como a medita\u00e7\u00e3o pode alterar a percep\u00e7\u00e3o da realidade? E qual \u00e9 o impacto dessa transforma\u00e7\u00e3o no nosso bem-estar, espiritualidade e na nossa rela\u00e7\u00e3o com o mundo ao nosso redor?<\/p>\n\n\n\n<h3 class=\"wp-block-heading\">1. <strong>O Que Significa Ampliar a Consci\u00eancia?<\/strong><\/h3>\n\n\n\n<p>Ampliar a consci\u00eancia significa expandir a capacidade de perceber e compreender o mundo al\u00e9m das limita\u00e7\u00f5es da mente cotidiana. A consci\u00eancia expandida envolve uma percep\u00e7\u00e3o mais profunda de n\u00f3s mesmos e da realidade, onde as barreiras do ego se dissolvem e surgem <strong>novas formas de ver, sentir e compreender<\/strong>.<\/p>\n\n\n\n<p>Na pr\u00e1tica, isso se traduz em um estado de maior clareza mental, <strong>acesso a insights intuitivos<\/strong>, maior conex\u00e3o com o corpo e com as emo\u00e7\u00f5es, al\u00e9m de uma profunda sensa\u00e7\u00e3o de <strong>unidade<\/strong> com o todo. A medita\u00e7\u00e3o, ao criar condi\u00e7\u00f5es favor\u00e1veis para que a mente se aquiete, permite que o praticante transcenda o n\u00edvel superficial de consci\u00eancia, acessando camadas mais profundas da mente, da espiritualidade e da realidade.<\/p>\n\n\n\n<h3 class=\"wp-block-heading\">2. <strong>Como a Medita\u00e7\u00e3o Amplia a Consci\u00eancia?<\/strong><\/h3>\n\n\n\n<p>A pr\u00e1tica da medita\u00e7\u00e3o n\u00e3o se resume apenas \u00e0 busca pela paz interior, mas tamb\u00e9m ao processo de <strong>expans\u00e3o da mente<\/strong>. A medita\u00e7\u00e3o atua em v\u00e1rias frentes para alcan\u00e7ar esse objetivo, proporcionando ao praticante a oportunidade de:<\/p>\n\n\n\n<h4 class=\"wp-block-heading\">2.1 <strong>Silenciar a Mente e Transcender o Ego<\/strong><\/h4>\n\n\n\n<p>Em nosso estado habitual de consci\u00eancia, somos frequentemente dominados pelo fluxo incessante de pensamentos, pela <strong>atividade mental constante<\/strong> e pelo <strong>ego<\/strong> \u2014 a identidade que constru\u00edmos a partir de nossas cren\u00e7as, experi\u00eancias e desejos. Esse estado \u00e9 marcado pela <strong>dispers\u00e3o mental<\/strong>, onde a mente est\u00e1 constantemente dividida entre o passado, o futuro e as preocupa\u00e7\u00f5es di\u00e1rias. A medita\u00e7\u00e3o tem a capacidade de <strong>acalmar essa mente dispersa<\/strong>, criando o espa\u00e7o necess\u00e1rio para a percep\u00e7\u00e3o da realidade sem as limita\u00e7\u00f5es impostas pelo ego.<\/p>\n\n\n\n<p>Ao focar a aten\u00e7\u00e3o na <strong>respira\u00e7\u00e3o<\/strong>, em <strong>mantras<\/strong>, ou em <strong>objetos de medita\u00e7\u00e3o<\/strong>, o praticante come\u00e7a a experimentar uma <strong>dissolu\u00e7\u00e3o gradual do ego<\/strong>, onde as fronteiras entre o \u201ceu\u201d e o \u201coutro\u201d se tornam mais fluidas. Esse processo possibilita uma <strong>expans\u00e3o da consci\u00eancia<\/strong>, onde a mente, em sil\u00eancio, est\u00e1 mais aberta e receptiva \u00e0s percep\u00e7\u00f5es intuitivas e espirituais.<\/p>\n\n\n\n<h4 class=\"wp-block-heading\">2.2 <strong>Aumentar a Conex\u00e3o com o Corpo e o Aqui e Agora<\/strong><\/h4>\n\n\n\n<p>A medita\u00e7\u00e3o, especialmente pr\u00e1ticas de <strong>aten\u00e7\u00e3o plena<\/strong> (mindfulness), promove uma maior conex\u00e3o com o corpo e o momento presente. Quando a mente se aquieta, a percep\u00e7\u00e3o sensorial se intensifica, permitindo ao praticante <strong>sentir o corpo de maneira mais plena<\/strong>, tomando consci\u00eancia das sensa\u00e7\u00f5es e das energias que circulam atrav\u00e9s dele.<\/p>\n\n\n\n<p>Esse estado de conex\u00e3o com o corpo tamb\u00e9m contribui para a amplia\u00e7\u00e3o da consci\u00eancia, pois <strong>expandimos nossa percep\u00e7\u00e3o<\/strong> do que significa estar vivo, <strong>integrando o f\u00edsico e o mental<\/strong> em uma experi\u00eancia mais hol\u00edstica e presente. Ao estar plenamente consciente do momento presente, o meditador come\u00e7a a perceber as sutilezas da experi\u00eancia humana que normalmente passariam despercebidas.<\/p>\n\n\n\n<h4 class=\"wp-block-heading\">2.3 <strong>Abrir a Mente para Novas Perspectivas<\/strong><\/h4>\n\n\n\n<p>A medita\u00e7\u00e3o n\u00e3o apenas <strong>acalenta o esp\u00edrito<\/strong>, mas tamb\u00e9m <strong>expande as fronteiras da mente<\/strong>. A mente treinada na medita\u00e7\u00e3o se torna mais <strong>flex\u00edvel<\/strong> e <strong>aberta<\/strong>, permitindo o surgimento de novas ideias e insights. O meditador come\u00e7a a perceber o mundo com um novo olhar \u2014 mais claro, mais focado e mais expansivo.<\/p>\n\n\n\n<p>Esse processo de <strong>expans\u00e3o mental<\/strong> permite que o praticante veja a vida al\u00e9m das limita\u00e7\u00f5es de seu ponto de vista habitual, <strong>questionando cren\u00e7as e padr\u00f5es antigos<\/strong> que, at\u00e9 ent\u00e3o, moldavam sua percep\u00e7\u00e3o da realidade. A medita\u00e7\u00e3o facilita a <strong>abertura da mente para novas possibilidades<\/strong>, criando espa\u00e7o para que a verdade mais profunda seja revelada.<\/p>\n\n\n\n<h4 class=\"wp-block-heading\">2.4 <strong>Desenvolver a Consci\u00eancia Espiritual<\/strong><\/h4>\n\n\n\n<p>A medita\u00e7\u00e3o \u00e9 tamb\u00e9m uma pr\u00e1tica espiritual, que permite ao praticante <strong>conectar-se com a dimens\u00e3o espiritual de sua exist\u00eancia<\/strong>. \u00c0 medida que a mente se expande, o praticante come\u00e7a a perceber que h\u00e1 algo maior do que a mente racional \u2014 algo que transcende as limita\u00e7\u00f5es do tempo, espa\u00e7o e do ego.<\/p>\n\n\n\n<p>Em estados elevados de medita\u00e7\u00e3o, o meditador pode sentir uma <strong>unidade com o universo<\/strong>, uma <strong>sensa\u00e7\u00e3o de transcend\u00eancia<\/strong>, ou at\u00e9 mesmo experimentar o que muitas tradi\u00e7\u00f5es espirituais chamam de <strong>ilumina\u00e7\u00e3o<\/strong> ou <strong>autorealiza\u00e7\u00e3o<\/strong>. Nesse estado, a percep\u00e7\u00e3o da realidade se altera profundamente, pois a pessoa come\u00e7a a ver tudo como uma express\u00e3o de uma \u00fanica consci\u00eancia universal.<\/p>\n\n\n\n<h3 class=\"wp-block-heading\">3. <strong>Benef\u00edcios da Expans\u00e3o da Consci\u00eancia Atrav\u00e9s da Medita\u00e7\u00e3o<\/strong><\/h3>\n\n\n\n<p>A amplia\u00e7\u00e3o da consci\u00eancia proporcionada pela medita\u00e7\u00e3o oferece in\u00fameros <strong>benef\u00edcios<\/strong> que impactam diretamente a qualidade de vida do praticante. Entre os mais significativos, podemos destacar:<\/p>\n\n\n\n<h4 class=\"wp-block-heading\">3.1 <strong>Autoconhecimento e Crescimento Pessoal<\/strong><\/h4>\n\n\n\n<p>Ao expandir a consci\u00eancia, a medita\u00e7\u00e3o permite um mergulho profundo no <strong>autoconhecimento<\/strong>. O meditador come\u00e7a a compreender melhor suas <strong>emo\u00e7\u00f5es<\/strong>, seus <strong>pensamentos<\/strong> e suas <strong>rea\u00e7\u00f5es<\/strong>, o que possibilita a transforma\u00e7\u00e3o interna. A consci\u00eancia ampliada oferece uma <strong>vis\u00e3o clara<\/strong> dos padr\u00f5es mentais e emocionais que governam a vida cotidiana, permitindo que o praticante se liberte de ciclos autom\u00e1ticos e destrutivos.<\/p>\n\n\n\n<p>Esse processo de autoconhecimento leva a um <strong>crescimento pessoal significativo<\/strong>, onde o indiv\u00edduo aprende a lidar com suas emo\u00e7\u00f5es e pensamentos de maneira mais equilibrada e s\u00e1bia.<\/p>\n\n\n\n<h4 class=\"wp-block-heading\">3.2 <strong>Redu\u00e7\u00e3o do Estresse e Ansiedade<\/strong><\/h4>\n\n\n\n<p>A pr\u00e1tica constante da medita\u00e7\u00e3o ativa o <strong>sistema nervoso parassimp\u00e1tico<\/strong>, promovendo um estado de <strong>relaxamento profundo<\/strong> e <strong>redu\u00e7\u00e3o do estresse<\/strong>. Ao expandir a consci\u00eancia, o meditador desenvolve uma <strong>capacidade maior de lidar com as press\u00f5es da vida cotidiana<\/strong>, percebendo que muitos dos problemas e preocupa\u00e7\u00f5es n\u00e3o s\u00e3o t\u00e3o insuper\u00e1veis como parecem em um estado de mente agitada.<\/p>\n\n\n\n<h4 class=\"wp-block-heading\">3.3 <strong>Aumento da Criatividade e Clareza Mental<\/strong><\/h4>\n\n\n\n<p>A medita\u00e7\u00e3o facilita a <strong>expans\u00e3o da mente<\/strong>, o que permite que o meditador tenha <strong>mais clareza mental<\/strong> e maior <strong>criatividade<\/strong>. Ao transcender os limites da mente l\u00f3gica e racional, o praticante tem acesso a <strong>novas formas de pensar<\/strong> e de resolver problemas, experimentando um fluxo criativo mais intenso.<\/p>\n\n\n\n<h4 class=\"wp-block-heading\">3.4 <strong>Conex\u00e3o com o Todo e Sentimento de Unidade<\/strong><\/h4>\n\n\n\n<p>A expans\u00e3o da consci\u00eancia traz consigo uma <strong>sensa\u00e7\u00e3o de unidade<\/strong> com o universo, com os outros e com a vida em si. O meditador sente-se mais <strong>conectado \u00e0 sua ess\u00eancia<\/strong> e aos outros seres humanos, superando as barreiras do ego e experienciando uma profunda sensa\u00e7\u00e3o de <strong>solidariedade<\/strong> e <strong>interdepend\u00eancia<\/strong>.<\/p>\n\n\n\n<h4 class=\"wp-block-heading\">3.5 <strong>Desenvolvimento Espiritual<\/strong><\/h4>\n\n\n\n<p>Ao expandir a consci\u00eancia, a medita\u00e7\u00e3o abre as portas para uma <strong>pr\u00e1tica espiritual mais profunda<\/strong>, permitindo ao meditador <strong>acessar estados elevados de consci\u00eancia<\/strong> e experimentar a <strong>unidade com o divino<\/strong>. Esse processo de <strong>despertar espiritual<\/strong> proporciona uma sensa\u00e7\u00e3o de <strong>paz interna duradoura<\/strong> e um alinhamento com o prop\u00f3sito maior da vida.<\/p>\n\n\n\n<h3 class=\"wp-block-heading\">4. <strong>Como Cultivar a Expans\u00e3o da Consci\u00eancia Atrav\u00e9s da Medita\u00e7\u00e3o<\/strong><\/h3>\n\n\n\n<p>Para expandir a consci\u00eancia de forma eficaz, \u00e9 necess\u00e1rio um compromisso cont\u00ednuo com a pr\u00e1tica meditativa. Aqui est\u00e3o algumas dicas para cultivar uma mente expandida:<\/p>\n\n\n\n<ul class=\"wp-block-list\">\n<li><strong>Medite regularmente<\/strong>: Dedique-se a meditar todos os dias, mesmo que por breves per\u00edodos de tempo.<\/li>\n\n\n\n<li><strong>Pratique a aten\u00e7\u00e3o plena<\/strong> (mindfulness), focando sua aten\u00e7\u00e3o no momento presente, sem julgamentos.<\/li>\n\n\n\n<li><strong>Use t\u00e9cnicas de respira\u00e7\u00e3o<\/strong> (pranayama) para acalmar a mente e abrir a consci\u00eancia.<\/li>\n\n\n\n<li><strong>Explore diferentes pr\u00e1ticas de medita\u00e7\u00e3o<\/strong>, como medita\u00e7\u00e3o transcendental, medita\u00e7\u00e3o zen ou vipassana.<\/li>\n\n\n\n<li><strong>Cultive a paci\u00eancia e a persist\u00eancia<\/strong>, pois a expans\u00e3o da consci\u00eancia \u00e9 um processo gradual.<\/li>\n<\/ul>\n\n\n\n<h3 class=\"wp-block-heading\"><strong>A Medita\u00e7\u00e3o Como Caminho Para a Expans\u00e3o da Consci\u00eancia<\/strong><\/h3>\n\n\n\n<p>A medita\u00e7\u00e3o \u00e9 uma pr\u00e1tica poderosa que nos permite <strong>expandir nossa consci\u00eancia<\/strong> e viver de forma mais plena, consciente e conectada com o todo. Ao meditar, transcendemos as limita\u00e7\u00f5es do ego e da mente racional, acessando uma vis\u00e3o mais profunda e clara da realidade. Com isso, experimentamos um <strong>crescimento interior<\/strong>, maior <strong>bem-estar<\/strong> e uma <strong>transforma\u00e7\u00e3o espiritual<\/strong> que nos guia para uma vida mais rica e significativa.<\/p>\n\n\n\n<p>Portanto, a medita\u00e7\u00e3o n\u00e3o \u00e9 apenas uma pr\u00e1tica para alcan\u00e7ar paz interior, mas um <strong>caminho de expans\u00e3o da consci\u00eancia<\/strong>, onde o indiv\u00edduo se torna mais consciente de si mesmo, do mundo ao seu redor e da unidade de todas as coisas. Ao expandir sua consci\u00eancia, o meditador transforma sua percep\u00e7\u00e3o de tudo e desperta para uma vida mais aut\u00eantica e conectada com a verdade universal.<\/p>\n\n\n\n<p><\/p>\n\n\n\n<p><\/p>\n\n\n\n<p><mark style=\"background-color:rgba(0, 0, 0, 0);color:#ffffff\" class=\"has-inline-color\">.<\/mark><\/p>\n\n\n\n<p><mark style=\"background-color:rgba(0, 0, 0, 0);color:#ffffff\" class=\"has-inline-color\">.<\/mark><\/p>\n\n\n\n<p>\ud83c\udfa7 <strong>Playlist completa desse epis\u00f3dio no Youtube!<\/strong><\/p>\n\n\n\n<figure class=\"wp-block-embed is-type-video is-provider-youtube wp-block-embed-youtube wp-embed-aspect-16-9 wp-has-aspect-ratio\"><div class=\"wp-block-embed__wrapper\">\n<iframe loading=\"lazy\" title=\"Meditantes PodCast #36\" width=\"500\" height=\"281\" src=\"https:\/\/www.youtube.com\/embed\/videoseries?list=PLjXLCSmO7rtoZ-PbW3eWZgiFi4M995oiF\" frameborder=\"0\" allow=\"accelerometer; autoplay; clipboard-write; encrypted-media; gyroscope; picture-in-picture; web-share\" referrerpolicy=\"strict-origin-when-cross-origin\" allowfullscreen><\/iframe>\n<\/div><\/figure>\n\n\n\n<p><mark style=\"background-color:rgba(0, 0, 0, 0);color:#ffffff\" class=\"has-inline-color\">.<\/mark><\/p>\n\n\n\n<p><mark style=\"background-color:rgba(0, 0, 0, 0);color:#ffffff\" class=\"has-inline-color\">.<\/mark><\/p>\n\n\n\n<p>\ud83c\udfa7 <strong>Playlist completa desse epis\u00f3dio no Spotify<\/strong><\/p>\n\n\n\n<figure class=\"wp-block-embed is-type-rich is-provider-spotify wp-block-embed-spotify wp-embed-aspect-21-9 wp-has-aspect-ratio\"><div class=\"wp-block-embed__wrapper\">\n<iframe title=\"Spotify Embed: Meditantes PodCast #36\" style=\"border-radius: 12px\" width=\"100%\" height=\"352\" frameborder=\"0\" allowfullscreen allow=\"autoplay; clipboard-write; encrypted-media; fullscreen; picture-in-picture\" loading=\"lazy\" src=\"https:\/\/open.spotify.com\/embed\/playlist\/2aaGW5h1FtstlZvSNicUor?utm_source=oembed\"><\/iframe>\n<\/div><\/figure>\n\n\n\n<p><mark style=\"background-color:rgba(0, 0, 0, 0);color:#ffffff\" class=\"has-inline-color\">.<\/mark><\/p>\n\n\n\n<p><strong>Gostou?&nbsp;Comenta, compartilha\u2026<\/strong><\/p>\n\n\n\n<p><\/p>\n\n\n\n<p><\/p>\n","protected":false},"excerpt":{"rendered":"<p>A medita\u00e7\u00e3o \u00e9 uma pr\u00e1tica profunda que nos conduz a um espa\u00e7o de sil\u00eancio e presen\u00e7a, onde nossa consci\u00eancia se&hellip;<\/p>\n","protected":false},"author":1,"featured_media":0,"comment_status":"open","ping_status":"open","sticky":false,"template":"","format":"standard","meta":{"footnotes":""},"categories":[18,4,129],"tags":[],"class_list":["post-3889","post","type-post","status-publish","format-standard","hentry","category-temporada01","category-meditantes-podcast","category-meditantes-podcast-36"],"_links":{"self":[{"href":"https:\/\/meditantes.com.br\/news\/index.php?rest_route=\/wp\/v2\/posts\/3889","targetHints":{"allow":["GET"]}}],"collection":[{"href":"https:\/\/meditantes.com.br\/news\/index.php?rest_route=\/wp\/v2\/posts"}],"about":[{"href":"https:\/\/meditantes.com.br\/news\/index.php?rest_route=\/wp\/v2\/types\/post"}],"author":[{"embeddable":true,"href":"https:\/\/meditantes.com.br\/news\/index.php?rest_route=\/wp\/v2\/users\/1"}],"replies":[{"embeddable":true,"href":"https:\/\/meditantes.com.br\/news\/index.php?rest_route=%2Fwp%2Fv2%2Fcomments&post=3889"}],"version-history":[{"count":1,"href":"https:\/\/meditantes.com.br\/news\/index.php?rest_route=\/wp\/v2\/posts\/3889\/revisions"}],"predecessor-version":[{"id":3890,"href":"https:\/\/meditantes.com.br\/news\/index.php?rest_route=\/wp\/v2\/posts\/3889\/revisions\/3890"}],"wp:attachment":[{"href":"https:\/\/meditantes.com.br\/news\/index.php?rest_route=%2Fwp%2Fv2%2Fmedia&parent=3889"}],"wp:term":[{"taxonomy":"category","embeddable":true,"href":"https:\/\/meditantes.com.br\/news\/index.php?rest_route=%2Fwp%2Fv2%2Fcategories&post=3889"},{"taxonomy":"post_tag","embeddable":true,"href":"https:\/\/meditantes.com.br\/news\/index.php?rest_route=%2Fwp%2Fv2%2Ftags&post=3889"}],"curies":[{"name":"wp","href":"https:\/\/api.w.org\/{rel}","templated":true}]}}