{"id":3900,"date":"2023-12-11T18:00:00","date_gmt":"2023-12-11T18:00:00","guid":{"rendered":"https:\/\/meditantes.com.br\/news\/?p=3900"},"modified":"2024-11-20T12:32:31","modified_gmt":"2024-11-20T12:32:31","slug":"simplificando-a-meditacao-com-luiza-bittencourt-meditantes-podcast-37","status":"publish","type":"post","link":"https:\/\/meditantes.com.br\/news\/?p=3900","title":{"rendered":"Simplificando a Medita\u00e7\u00e3o com Luiza Bittencourt &#8211; Meditantes PodCast #37"},"content":{"rendered":"\n<p><em>Simplificar a medita\u00e7\u00e3o \u00e9 desvendar sua ess\u00eancia mais pura: um momento de conex\u00e3o com o presente, livre de complexidade e expectativas. Ao reduzir os ru\u00eddos internos e externos, aprendemos a meditar de forma natural, permitindo que a mente se acalme e o cora\u00e7\u00e3o se abra. N\u00e3o se trata de alcan\u00e7ar um estado perfeito, mas de aceitar a experi\u00eancia como ela \u00e9, com total presen\u00e7a e aten\u00e7\u00e3o. A verdadeira simplicidade da medita\u00e7\u00e3o reside na capacidade de ser, sem pressa, sem julgamentos, apenas observando e sentindo o fluxo da vida em sua forma mais direta e aut\u00eantica.<\/em><\/p>\n\n\n\n<p><\/p>\n\n\n\n<p><mark style=\"background-color:rgba(0, 0, 0, 0);color:#ffffff\" class=\"has-inline-color\">.<\/mark><\/p>\n\n\n\n<p><mark style=\"background-color:rgba(0, 0, 0, 0);color:#ffffff\" class=\"has-inline-color\">.<\/mark><\/p>\n\n\n\n<figure class=\"wp-block-embed is-type-video is-provider-youtube wp-block-embed-youtube wp-embed-aspect-16-9 wp-has-aspect-ratio\"><div class=\"wp-block-embed__wrapper\">\n<iframe loading=\"lazy\" title=\"Simplificando a Medita\u00e7\u00e3o - Meditantes PodCast #37\" width=\"500\" height=\"281\" src=\"https:\/\/www.youtube.com\/embed\/LYYv7qDnW4k?list=PLjXLCSmO7rtruk1ndxkoDDqxhn4i_EjDb\" frameborder=\"0\" allow=\"accelerometer; autoplay; clipboard-write; encrypted-media; gyroscope; picture-in-picture; web-share\" referrerpolicy=\"strict-origin-when-cross-origin\" allowfullscreen><\/iframe>\n<\/div><\/figure>\n\n\n\n<p><mark style=\"background-color:rgba(0, 0, 0, 0);color:#ffffff\" class=\"has-inline-color\">.<\/mark><\/p>\n\n\n\n<p><mark style=\"background-color:rgba(0, 0, 0, 0);color:#ffffff\" class=\"has-inline-color\">.<\/mark><\/p>\n\n\n\n<p><\/p>\n\n\n\n<h1 class=\"wp-block-heading\">Um Caminho Claro para a Paz Interior<\/h1>\n\n\n\n<p>A medita\u00e7\u00e3o, muitas vezes envolta em complexidade, conceitos profundos e t\u00e9cnicas diversas, pode parecer um desafio para quem est\u00e1 iniciando sua jornada de autoconhecimento e transforma\u00e7\u00e3o. No entanto, a ess\u00eancia da medita\u00e7\u00e3o \u00e9 simples, acess\u00edvel e profundamente poderosa. Este artigo busca <strong>simplificar a pr\u00e1tica da medita\u00e7\u00e3o<\/strong>, oferecendo uma abordagem clara, pr\u00e1tica e eficaz para aqueles que desejam incorporar essa ferramenta transformadora em suas vidas.<\/p>\n\n\n\n<h2 class=\"wp-block-heading\">1. <strong>O Que \u00e9 Medita\u00e7\u00e3o?<\/strong><\/h2>\n\n\n\n<p>Medita\u00e7\u00e3o \u00e9, essencialmente, uma pr\u00e1tica de <strong>aten\u00e7\u00e3o plena<\/strong>, onde voc\u00ea direciona sua mente para o momento presente. Ao contr\u00e1rio do que muitas pessoas podem pensar, meditar n\u00e3o significa parar de pensar ou alcan\u00e7ar uma mente vazia. Em vez disso, meditar \u00e9 observar seus pensamentos, sentimentos e sensa\u00e7\u00f5es sem se apegar a eles ou se identificar com eles. Em sua forma mais simples, a medita\u00e7\u00e3o \u00e9 o <strong>ato de estar presente<\/strong>.<\/p>\n\n\n\n<h3 class=\"wp-block-heading\"><strong>A Simplicidade da Medita\u00e7\u00e3o<\/strong><\/h3>\n\n\n\n<p>A medita\u00e7\u00e3o n\u00e3o exige equipamentos complexos, ambientes especiais ou habilidades extraordin\u00e1rias. Ela pode ser feita em qualquer lugar, a qualquer momento, e por qualquer pessoa. O objetivo n\u00e3o \u00e9 &#8220;esvaziar a mente&#8221; de forma for\u00e7ada, mas cultivar uma <strong>aten\u00e7\u00e3o plena<\/strong>, permitindo que voc\u00ea experiencie o momento como ele \u00e9, sem julgamentos ou distra\u00e7\u00f5es.<\/p>\n\n\n\n<h2 class=\"wp-block-heading\">2. <strong>Por Que Meditar?<\/strong><\/h2>\n\n\n\n<p>A raz\u00e3o pela qual muitas pessoas escolhem meditar \u00e9 o desejo de reduzir o estresse, aumentar o foco, melhorar a sa\u00fade mental e emocional, ou simplesmente se conectar mais profundamente com si mesmas. Os benef\u00edcios de uma pr\u00e1tica regular de medita\u00e7\u00e3o s\u00e3o vastos e bem documentados, incluindo:<\/p>\n\n\n\n<ul class=\"wp-block-list\">\n<li><strong>Redu\u00e7\u00e3o do Estresse<\/strong>: Meditar ajuda a ativar a resposta de relaxamento do corpo, diminuindo os n\u00edveis de cortisol, o horm\u00f4nio do estresse.<\/li>\n\n\n\n<li><strong>Maior Clareza Mental<\/strong>: A pr\u00e1tica regular melhora a concentra\u00e7\u00e3o e a clareza, ajudando a tomar decis\u00f5es mais assertivas.<\/li>\n\n\n\n<li><strong>Bem-estar Emocional<\/strong>: A medita\u00e7\u00e3o auxilia no equil\u00edbrio emocional, promovendo uma sensa\u00e7\u00e3o de paz e tranquilidade interior.<\/li>\n\n\n\n<li><strong>Desenvolvimento Espiritual<\/strong>: Para muitas pessoas, a medita\u00e7\u00e3o \u00e9 uma porta de entrada para o autoconhecimento e o despertar espiritual, proporcionando uma compreens\u00e3o mais profunda da pr\u00f3pria ess\u00eancia e do universo.<\/li>\n<\/ul>\n\n\n\n<h2 class=\"wp-block-heading\">3. <strong>Simplificando a Pr\u00e1tica da Medita\u00e7\u00e3o<\/strong><\/h2>\n\n\n\n<p>A pr\u00e1tica de medita\u00e7\u00e3o pode ser descomplicada e profundamente acess\u00edvel. Aqui est\u00e3o algumas etapas simples para iniciar sua jornada meditativa, com base em m\u00e9todos simples e eficazes:<\/p>\n\n\n\n<h3 class=\"wp-block-heading\"><strong>1. Encontre um Local Tranquilo<\/strong><\/h3>\n\n\n\n<p>Embora a medita\u00e7\u00e3o possa ser praticada em qualquer lugar, ter um ambiente calmo e tranquilo pode ajudar a criar o estado de esp\u00edrito necess\u00e1rio para se concentrar. N\u00e3o \u00e9 preciso um espa\u00e7o ideal ou sofisticado\u2014um canto silencioso da sua casa, um parque tranquilo ou at\u00e9 mesmo em um transporte p\u00fablico podem ser ambientes adequados.<\/p>\n\n\n\n<h3 class=\"wp-block-heading\"><strong>2. Adote uma Postura Confort\u00e1vel<\/strong><\/h3>\n\n\n\n<p>A medita\u00e7\u00e3o n\u00e3o exige uma postura espec\u00edfica ou r\u00edgida, mas encontrar uma posi\u00e7\u00e3o confort\u00e1vel \u00e9 importante. Voc\u00ea pode sentar-se em uma cadeira com a coluna ereta, em uma almofada no ch\u00e3o com as pernas cruzadas ou at\u00e9 mesmo deitado, se for mais adequado para voc\u00ea. O importante \u00e9 garantir que sua postura seja relaxada, mas atenta.<\/p>\n\n\n\n<h3 class=\"wp-block-heading\"><strong>3. Concentre-se na Respira\u00e7\u00e3o<\/strong><\/h3>\n\n\n\n<p>A respira\u00e7\u00e3o \u00e9 uma \u00e2ncora poderosa para a medita\u00e7\u00e3o. Comece focando em sua respira\u00e7\u00e3o natural\u2014perceba o ar entrando e saindo do seu corpo. N\u00e3o tente controlar a respira\u00e7\u00e3o, apenas observe. Esse simples ato de observar a respira\u00e7\u00e3o traz voc\u00ea de volta ao momento presente, ajudando a acalmar a mente.<\/p>\n\n\n\n<ul class=\"wp-block-list\">\n<li><strong>Dica<\/strong>: Se perceber que seus pensamentos come\u00e7am a vagar, gentilmente redirecione sua aten\u00e7\u00e3o para a respira\u00e7\u00e3o. N\u00e3o se culpe por distrair-se; apenas retorne \u00e0 sua respira\u00e7\u00e3o sem julgamento.<\/li>\n<\/ul>\n\n\n\n<h3 class=\"wp-block-heading\"><strong>4. Permita os Pensamentos, Mas N\u00e3o Se Identifique com Eles<\/strong><\/h3>\n\n\n\n<p>Durante a medita\u00e7\u00e3o, os pensamentos inevitavelmente surgem. A chave \u00e9 <strong>n\u00e3o se envolver com eles<\/strong>. Imagine que seus pensamentos s\u00e3o como nuvens passando pelo c\u00e9u\u2014eles v\u00eam e v\u00e3o. Voc\u00ea n\u00e3o precisa tentar control\u00e1-los, apenas observ\u00e1-los sem apego.<\/p>\n\n\n\n<h3 class=\"wp-block-heading\"><strong>5. Pratique a Aten\u00e7\u00e3o Plena (Mindfulness)<\/strong><\/h3>\n\n\n\n<p>Em vez de tentar for\u00e7ar a mente a ficar em sil\u00eancio absoluto, voc\u00ea pode praticar a <strong>aten\u00e7\u00e3o plena<\/strong>\u2014um estado de conscientiza\u00e7\u00e3o onde voc\u00ea simplesmente percebe o que est\u00e1 acontecendo no momento. Isso pode incluir sensa\u00e7\u00f5es no corpo, sons ao seu redor, e at\u00e9 mesmo emo\u00e7\u00f5es que surgem. A ideia \u00e9 experimentar esses fen\u00f4menos sem se envolver com eles.<\/p>\n\n\n\n<h3 class=\"wp-block-heading\"><strong>6. Estabele\u00e7a um Tempo para Meditar<\/strong><\/h3>\n\n\n\n<p>A pr\u00e1tica da medita\u00e7\u00e3o pode ser t\u00e3o curta quanto 5 minutos ou t\u00e3o longa quanto 30 minutos ou mais. O tempo \u00e9 relativo e pode ser ajustado conforme a sua rotina. Se voc\u00ea for iniciante, comece com sess\u00f5es curtas e aumente gradualmente \u00e0 medida que se sentir mais confort\u00e1vel com a pr\u00e1tica.<\/p>\n\n\n\n<h2 class=\"wp-block-heading\">4. <strong>Superando Obst\u00e1culos Comuns<\/strong><\/h2>\n\n\n\n<p>A medita\u00e7\u00e3o pode ser desafiadora no in\u00edcio, especialmente se a mente estiver muito agitada. Algumas dificuldades comuns incluem:<\/p>\n\n\n\n<ul class=\"wp-block-list\">\n<li><strong>Pensamentos excessivos<\/strong>: Isso \u00e9 normal e faz parte do processo. O segredo \u00e9 <strong>n\u00e3o lutar contra os pensamentos<\/strong>. Eles ir\u00e3o diminuir \u00e0 medida que voc\u00ea treina sua mente.<\/li>\n\n\n\n<li><strong>Desconforto f\u00edsico<\/strong>: Se a posi\u00e7\u00e3o escolhida causar desconforto, ajuste-se ou experimente outra postura.<\/li>\n\n\n\n<li><strong>Frustra\u00e7\u00e3o com o progresso<\/strong>: Lembre-se de que a medita\u00e7\u00e3o n\u00e3o \u00e9 uma competi\u00e7\u00e3o ou algo que deva ser for\u00e7ado. O progresso vem com a pr\u00e1tica constante e a aceita\u00e7\u00e3o do momento presente.<\/li>\n<\/ul>\n\n\n\n<h2 class=\"wp-block-heading\">5. <strong>Dicas para Tornar a Medita\u00e7\u00e3o Simples e Eficaz<\/strong><\/h2>\n\n\n\n<p>Aqui est\u00e3o algumas sugest\u00f5es para garantir que sua pr\u00e1tica seja tanto simples quanto eficaz:<\/p>\n\n\n\n<ul class=\"wp-block-list\">\n<li><strong>Seja gentil consigo mesmo<\/strong>: N\u00e3o se cobre para atingir um estado perfeito de concentra\u00e7\u00e3o ou paz. A medita\u00e7\u00e3o \u00e9 um processo de autodescoberta e n\u00e3o um objetivo final.<\/li>\n\n\n\n<li><strong>Use recursos auxiliares<\/strong>: Se achar \u00fatil, pode usar <strong>m\u00fasicas relaxantes<\/strong>, <strong>sons da natureza<\/strong> ou <strong>medita\u00e7\u00f5es guiadas<\/strong> para ajudar a focar a mente, especialmente nos primeiros dias de pr\u00e1tica.<\/li>\n\n\n\n<li><strong>Medite com regularidade<\/strong>: A chave para colher os benef\u00edcios da medita\u00e7\u00e3o \u00e9 a consist\u00eancia. Tente meditar todos os dias, mesmo que por apenas 5 minutos.<\/li>\n\n\n\n<li><strong>Pratique a gratid\u00e3o<\/strong>: Ao final de cada sess\u00e3o, dedique um momento para refletir sobre os aspectos positivos da sua vida e a experi\u00eancia de meditar.<\/li>\n<\/ul>\n\n\n\n<h2 class=\"wp-block-heading\"><strong>Medita\u00e7\u00e3o \u00e9 Simples, Poderosa e Transformadora<\/strong><\/h2>\n\n\n\n<p>Meditar n\u00e3o precisa ser complicado. Ao simplificar a pr\u00e1tica, voc\u00ea a torna mais acess\u00edvel e f\u00e1cil de incorporar no seu dia a dia. Ao focar na respira\u00e7\u00e3o, na aten\u00e7\u00e3o plena e no desapego dos pensamentos, voc\u00ea pode experimentar uma profunda transforma\u00e7\u00e3o pessoal, desenvolvendo uma mente mais tranquila, um cora\u00e7\u00e3o mais aberto e uma vida mais equilibrada.<\/p>\n\n\n\n<p>A beleza da medita\u00e7\u00e3o est\u00e1 em sua simplicidade. N\u00e3o importa onde voc\u00ea esteja em sua jornada, o mais importante \u00e9 come\u00e7ar. N\u00e3o h\u00e1 &#8220;maneira certa&#8221; de meditar, apenas a experi\u00eancia aut\u00eantica de estar no momento presente. Cada respira\u00e7\u00e3o, cada momento de calma, cada passo na pr\u00e1tica da medita\u00e7\u00e3o contribui para a constru\u00e7\u00e3o de uma vida mais consciente, plena e serena.<\/p>\n\n\n\n<p><strong>Simplifique, pratique e experimente os benef\u00edcios de uma mente mais tranquila e um cora\u00e7\u00e3o mais equilibrado.<\/strong><\/p>\n\n\n\n<p><\/p>\n\n\n\n<p><\/p>\n\n\n\n<p><mark style=\"background-color:rgba(0, 0, 0, 0);color:#ffffff\" class=\"has-inline-color\">.<\/mark><\/p>\n\n\n\n<p><mark style=\"background-color:rgba(0, 0, 0, 0);color:#ffffff\" class=\"has-inline-color\">.<\/mark><\/p>\n\n\n\n<p>\ud83c\udfa7 <strong>Playlist completa desse epis\u00f3dio no Youtube!<\/strong><\/p>\n\n\n\n<figure class=\"wp-block-embed is-type-video is-provider-youtube wp-block-embed-youtube wp-embed-aspect-16-9 wp-has-aspect-ratio\"><div class=\"wp-block-embed__wrapper\">\n<iframe loading=\"lazy\" title=\"Meditantes PodCast #37\" width=\"500\" height=\"281\" src=\"https:\/\/www.youtube.com\/embed\/videoseries?list=PLjXLCSmO7rtruk1ndxkoDDqxhn4i_EjDb\" frameborder=\"0\" allow=\"accelerometer; autoplay; clipboard-write; encrypted-media; gyroscope; picture-in-picture; web-share\" referrerpolicy=\"strict-origin-when-cross-origin\" allowfullscreen><\/iframe>\n<\/div><\/figure>\n\n\n\n<p><mark style=\"background-color:rgba(0, 0, 0, 0);color:#ffffff\" class=\"has-inline-color\">.<\/mark><\/p>\n\n\n\n<p><mark style=\"background-color:rgba(0, 0, 0, 0);color:#ffffff\" class=\"has-inline-color\">.<\/mark><\/p>\n\n\n\n<p>\ud83c\udfa7 <strong>Playlist completa desse epis\u00f3dio no Spotify<\/strong><\/p>\n\n\n\n<figure class=\"wp-block-embed is-type-rich is-provider-spotify wp-block-embed-spotify wp-embed-aspect-21-9 wp-has-aspect-ratio\"><div class=\"wp-block-embed__wrapper\">\n<iframe title=\"Spotify Embed: Meditantes PodCast #37\" style=\"border-radius: 12px\" width=\"100%\" height=\"352\" frameborder=\"0\" allowfullscreen allow=\"autoplay; clipboard-write; encrypted-media; fullscreen; picture-in-picture\" loading=\"lazy\" src=\"https:\/\/open.spotify.com\/embed\/playlist\/0h6mCNkNiKJ0VM4UlIfn7z?utm_source=oembed\"><\/iframe>\n<\/div><\/figure>\n\n\n\n<p><mark style=\"background-color:rgba(0, 0, 0, 0);color:#ffffff\" class=\"has-inline-color\">.<\/mark><\/p>\n\n\n\n<p><strong>Gostou?&nbsp;Comenta, compartilha\u2026<\/strong><\/p>\n\n\n\n<p><\/p>\n","protected":false},"excerpt":{"rendered":"<p>Simplificar a medita\u00e7\u00e3o \u00e9 desvendar sua ess\u00eancia mais pura: um momento de conex\u00e3o com o presente, livre de complexidade e&hellip;<\/p>\n","protected":false},"author":1,"featured_media":0,"comment_status":"open","ping_status":"open","sticky":false,"template":"","format":"standard","meta":{"footnotes":""},"categories":[18,4,130],"tags":[],"class_list":["post-3900","post","type-post","status-publish","format-standard","hentry","category-temporada01","category-meditantes-podcast","category-meditantes-podcast-37"],"_links":{"self":[{"href":"https:\/\/meditantes.com.br\/news\/index.php?rest_route=\/wp\/v2\/posts\/3900","targetHints":{"allow":["GET"]}}],"collection":[{"href":"https:\/\/meditantes.com.br\/news\/index.php?rest_route=\/wp\/v2\/posts"}],"about":[{"href":"https:\/\/meditantes.com.br\/news\/index.php?rest_route=\/wp\/v2\/types\/post"}],"author":[{"embeddable":true,"href":"https:\/\/meditantes.com.br\/news\/index.php?rest_route=\/wp\/v2\/users\/1"}],"replies":[{"embeddable":true,"href":"https:\/\/meditantes.com.br\/news\/index.php?rest_route=%2Fwp%2Fv2%2Fcomments&post=3900"}],"version-history":[{"count":1,"href":"https:\/\/meditantes.com.br\/news\/index.php?rest_route=\/wp\/v2\/posts\/3900\/revisions"}],"predecessor-version":[{"id":3902,"href":"https:\/\/meditantes.com.br\/news\/index.php?rest_route=\/wp\/v2\/posts\/3900\/revisions\/3902"}],"wp:attachment":[{"href":"https:\/\/meditantes.com.br\/news\/index.php?rest_route=%2Fwp%2Fv2%2Fmedia&parent=3900"}],"wp:term":[{"taxonomy":"category","embeddable":true,"href":"https:\/\/meditantes.com.br\/news\/index.php?rest_route=%2Fwp%2Fv2%2Fcategories&post=3900"},{"taxonomy":"post_tag","embeddable":true,"href":"https:\/\/meditantes.com.br\/news\/index.php?rest_route=%2Fwp%2Fv2%2Ftags&post=3900"}],"curies":[{"name":"wp","href":"https:\/\/api.w.org\/{rel}","templated":true}]}}