{"id":3908,"date":"2023-12-11T18:04:00","date_gmt":"2023-12-11T18:04:00","guid":{"rendered":"https:\/\/meditantes.com.br\/news\/?p=3908"},"modified":"2024-11-20T12:40:53","modified_gmt":"2024-11-20T12:40:53","slug":"as-praticas-formais-e-informais-da-meditacao","status":"publish","type":"post","link":"https:\/\/meditantes.com.br\/news\/?p=3908","title":{"rendered":"As Pr\u00e1ticas Formais e Informais da Medita\u00e7\u00e3o"},"content":{"rendered":"\n<p><em>As pr\u00e1ticas formais e informais da medita\u00e7\u00e3o s\u00e3o caminhos complementares para o despertar da consci\u00eancia plena. Enquanto as pr\u00e1ticas formais, como a medita\u00e7\u00e3o sentada ou o uso de mantras, nos oferecem um espa\u00e7o estruturado para cultivar a aten\u00e7\u00e3o, as pr\u00e1ticas informais surgem nas a\u00e7\u00f5es cotidianas, transformando cada momento em uma oportunidade de presen\u00e7a. Ambas as formas t\u00eam o poder de nos conectar com o aqui e agora, despertando uma percep\u00e7\u00e3o mais profunda de quem somos e do que nos rodeia. Ao integrar essas duas pr\u00e1ticas, podemos expandir nossa capacidade de viver de maneira mais consciente, equilibrada e aut\u00eantica, em cada respira\u00e7\u00e3o e gesto.<\/em><\/p>\n\n\n\n<p><\/p>\n\n\n\n<p><mark style=\"background-color:rgba(0, 0, 0, 0);color:#ffffff\" class=\"has-inline-color\">.<\/mark><\/p>\n\n\n\n<p><mark style=\"background-color:rgba(0, 0, 0, 0);color:#ffffff\" class=\"has-inline-color\">.<\/mark><\/p>\n\n\n\n<figure class=\"wp-block-embed is-type-video is-provider-youtube wp-block-embed-youtube wp-embed-aspect-16-9 wp-has-aspect-ratio\"><div class=\"wp-block-embed__wrapper\">\n<iframe loading=\"lazy\" title=\"As Pr\u00e1ticas Formais e Informais da Medita\u00e7\u00e3o - Meditantes PodCast #37\" width=\"500\" height=\"281\" src=\"https:\/\/www.youtube.com\/embed\/HByZv7haVJ8?list=PLjXLCSmO7rtruk1ndxkoDDqxhn4i_EjDb\" frameborder=\"0\" allow=\"accelerometer; autoplay; clipboard-write; encrypted-media; gyroscope; picture-in-picture; web-share\" referrerpolicy=\"strict-origin-when-cross-origin\" allowfullscreen><\/iframe>\n<\/div><\/figure>\n\n\n\n<p><mark style=\"background-color:rgba(0, 0, 0, 0);color:#ffffff\" class=\"has-inline-color\">.<\/mark><\/p>\n\n\n\n<p><mark style=\"background-color:rgba(0, 0, 0, 0);color:#ffffff\" class=\"has-inline-color\">.<\/mark><\/p>\n\n\n\n<p><\/p>\n\n\n\n<h1 class=\"wp-block-heading\">Integrando a Consci\u00eancia no Cotidiano<\/h1>\n\n\n\n<p>A medita\u00e7\u00e3o \u00e9 uma ferramenta transformadora que tem sido utilizada por mil\u00eanios para alcan\u00e7ar estados profundos de clareza mental, paz interior e autoconhecimento. No entanto, a medita\u00e7\u00e3o n\u00e3o se limita a uma \u00fanica forma ou pr\u00e1tica. Ela pode ser experimentada de maneiras formais, como t\u00e9cnicas estruturadas, ou informais, no dia a dia, ao integrar a consci\u00eancia plena em nossas a\u00e7\u00f5es cotidianas. Ambas as abordagens t\u00eam seu valor e oferecem maneiras distintas de cultivar a presen\u00e7a e a conex\u00e3o consigo mesmo.<\/p>\n\n\n\n<p>Neste artigo, exploraremos as <strong>pr\u00e1ticas formais e informais da medita\u00e7\u00e3o<\/strong>, destacando suas caracter\u00edsticas, benef\u00edcios e como elas podem ser aplicadas para transformar sua vida, promovendo bem-estar e profundidade em cada momento.<\/p>\n\n\n\n<h2 class=\"wp-block-heading\">1. <strong>Pr\u00e1ticas Formais de Medita\u00e7\u00e3o: Estrutura e Inten\u00e7\u00e3o<\/strong><\/h2>\n\n\n\n<h3 class=\"wp-block-heading\"><strong>O Que S\u00e3o Pr\u00e1ticas Formais de Medita\u00e7\u00e3o?<\/strong><\/h3>\n\n\n\n<p>As pr\u00e1ticas formais de medita\u00e7\u00e3o s\u00e3o t\u00e9cnicas espec\u00edficas que exigem tempo, ambiente dedicado e uma postura definida. Elas normalmente envolvem um foco concentrado, seja na respira\u00e7\u00e3o, em um mantra ou em uma visualiza\u00e7\u00e3o. Durante a pr\u00e1tica formal, o meditador estabelece uma inten\u00e7\u00e3o clara e cria um espa\u00e7o onde pode se afastar das distra\u00e7\u00f5es externas para se conectar com o interior.<\/p>\n\n\n\n<p>Essas pr\u00e1ticas t\u00eam uma estrutura que, muitas vezes, \u00e9 guiada por ensinamentos tradicionais ou modernos, com a presen\u00e7a de um instrutor ou um m\u00e9todo que norteia o processo. Exemplos t\u00edpicos de pr\u00e1ticas formais incluem:<\/p>\n\n\n\n<ul class=\"wp-block-list\">\n<li><strong>Medita\u00e7\u00e3o de Aten\u00e7\u00e3o Plena (Mindfulness)<\/strong>: Focar a aten\u00e7\u00e3o no momento presente, observando pensamentos, sensa\u00e7\u00f5es e emo\u00e7\u00f5es sem julgamentos.<\/li>\n\n\n\n<li><strong>Medita\u00e7\u00e3o com Mantra (Japa Yoga)<\/strong>: Repeti\u00e7\u00e3o de palavras ou frases espec\u00edficas, como o mantra &#8220;Om&#8221;, para cultivar concentra\u00e7\u00e3o e purifica\u00e7\u00e3o mental.<\/li>\n\n\n\n<li><strong>Medita\u00e7\u00e3o Zazen (Zen)<\/strong>: T\u00e9cnica tradicional zen que envolve uma postura sentada firme e aten\u00e7\u00e3o \u00e0 respira\u00e7\u00e3o, com o objetivo de alcan\u00e7ar a clareza mental.<\/li>\n\n\n\n<li><strong>Medita\u00e7\u00e3o de Visualiza\u00e7\u00e3o<\/strong>: Foco em imagens ou cen\u00e1rios internos, com a inten\u00e7\u00e3o de promover cura, inspira\u00e7\u00e3o ou autoconhecimento.<\/li>\n\n\n\n<li><strong>Medita\u00e7\u00e3o Transcendental (MT)<\/strong>: Uso de mantras espec\u00edficos para alcan\u00e7ar um estado profundo de relaxamento e percep\u00e7\u00e3o expandida.<\/li>\n<\/ul>\n\n\n\n<h3 class=\"wp-block-heading\"><strong>Benef\u00edcios das Pr\u00e1ticas Formais<\/strong><\/h3>\n\n\n\n<p>As pr\u00e1ticas formais de medita\u00e7\u00e3o t\u00eam uma s\u00e9rie de benef\u00edcios que contribuem para o equil\u00edbrio f\u00edsico, mental e espiritual. Entre os principais benef\u00edcios est\u00e3o:<\/p>\n\n\n\n<ul class=\"wp-block-list\">\n<li><strong>Redu\u00e7\u00e3o do Estresse e Ansiedade<\/strong>: As pr\u00e1ticas formais, especialmente a medita\u00e7\u00e3o mindfulness, s\u00e3o eficazes na redu\u00e7\u00e3o dos n\u00edveis de estresse e na promo\u00e7\u00e3o do bem-estar emocional.<\/li>\n\n\n\n<li><strong>Desenvolvimento da Concentra\u00e7\u00e3o e Clareza Mental<\/strong>: Atrav\u00e9s da repeti\u00e7\u00e3o de um mantra ou da aten\u00e7\u00e3o plena, as pr\u00e1ticas formais ajudam a fortalecer a mente, promovendo maior clareza e foco.<\/li>\n\n\n\n<li><strong>Autoconhecimento Profundo<\/strong>: Ao estabelecer uma pr\u00e1tica regular, a medita\u00e7\u00e3o formal possibilita o aprofundamento no autoconhecimento, permitindo ao praticante explorar aspectos internos da mente e das emo\u00e7\u00f5es.<\/li>\n\n\n\n<li><strong>Expans\u00e3o da Consci\u00eancia<\/strong>: T\u00e9cnicas como a Medita\u00e7\u00e3o Transcendental ou Zazen podem ajudar a expandir a percep\u00e7\u00e3o e a consci\u00eancia de formas sutis e espirituais.<\/li>\n\n\n\n<li><strong>Equil\u00edbrio Energ\u00e9tico e Cura<\/strong>: Muitas tradi\u00e7\u00f5es, como o yoga, afirmam que pr\u00e1ticas formais podem equilibrar os centros de energia do corpo (chakras), promovendo a sa\u00fade f\u00edsica e mental.<\/li>\n<\/ul>\n\n\n\n<h3 class=\"wp-block-heading\"><strong>Como Incorporar Pr\u00e1ticas Formais na Sua Vida<\/strong><\/h3>\n\n\n\n<p>Embora as pr\u00e1ticas formais requeiram mais tempo e disciplina, elas podem ser altamente transformadoras quando realizadas regularmente. Para integrar essas pr\u00e1ticas na sua rotina, considere os seguintes passos:<\/p>\n\n\n\n<ol class=\"wp-block-list\">\n<li><strong>Escolha uma T\u00e9cnica que Ressoe com Voc\u00ea<\/strong>: Experimente diferentes pr\u00e1ticas formais, como a medita\u00e7\u00e3o mindfulness, medita\u00e7\u00e3o com mantra, ou visualiza\u00e7\u00e3o, e veja qual delas ressoa mais com sua personalidade e necessidades.<\/li>\n\n\n\n<li><strong>Estabele\u00e7a um Espa\u00e7o Dedicado<\/strong>: Crie um ambiente tranquilo onde voc\u00ea possa meditar sem interrup\u00e7\u00f5es. Isso ajuda a sinalizar \u00e0 sua mente que \u00e9 hora de se concentrar.<\/li>\n\n\n\n<li><strong>Defina um Tempo Regular<\/strong>: Tente meditar por pelo menos 15 a 30 minutos por dia. A regularidade \u00e9 a chave para colher os benef\u00edcios da medita\u00e7\u00e3o.<\/li>\n\n\n\n<li><strong>Pratique Sem Pressa<\/strong>: A medita\u00e7\u00e3o n\u00e3o \u00e9 uma competi\u00e7\u00e3o. Permita-se a oportunidade de estar presente e experimentar a pr\u00e1tica sem expectativas ou press\u00f5es.<\/li>\n<\/ol>\n\n\n\n<h2 class=\"wp-block-heading\">2. <strong>Pr\u00e1ticas Informais de Medita\u00e7\u00e3o: Integrando a Consci\u00eancia no Cotidiano<\/strong><\/h2>\n\n\n\n<h3 class=\"wp-block-heading\"><strong>O Que S\u00e3o Pr\u00e1ticas Informais de Medita\u00e7\u00e3o?<\/strong><\/h3>\n\n\n\n<p>As pr\u00e1ticas informais de medita\u00e7\u00e3o se referem \u00e0 aplica\u00e7\u00e3o de princ\u00edpios meditativos em atividades cotidianas. Elas n\u00e3o exigem um espa\u00e7o espec\u00edfico ou um tempo dedicado, mas sim a <strong>inten\u00e7\u00e3o de estar presente e consciente no momento<\/strong>. Essas pr\u00e1ticas envolvem cultivar a aten\u00e7\u00e3o plena (mindfulness) em atividades di\u00e1rias, como comer, caminhar, trabalhar ou conversar com os outros.<\/p>\n\n\n\n<p>Ao integrar a medita\u00e7\u00e3o nas a\u00e7\u00f5es cotidianas, transformamos at\u00e9 os momentos mais simples em pr\u00e1ticas de <strong>conex\u00e3o e autocompreens\u00e3o<\/strong>. A ideia \u00e9 estar consciente do que estamos fazendo, sem nos perdermos no fluxo autom\u00e1tico de pensamentos.<\/p>\n\n\n\n<h3 class=\"wp-block-heading\"><strong>Exemplos de Pr\u00e1ticas Informais de Medita\u00e7\u00e3o<\/strong><\/h3>\n\n\n\n<ul class=\"wp-block-list\">\n<li><strong>Caminhada Consciente<\/strong>: Caminhar com aten\u00e7\u00e3o plena, sentindo cada passo, a respira\u00e7\u00e3o e os movimentos do corpo. \u00c9 uma pr\u00e1tica simples que pode ser realizada a qualquer momento, seja em um parque ou na sua caminhada di\u00e1ria.<\/li>\n\n\n\n<li><strong>Comer com Aten\u00e7\u00e3o Plena<\/strong>: Comer devagar, prestando aten\u00e7\u00e3o em cada sabor, textura e sensa\u00e7\u00e3o. Isso ajuda a desenvolver uma rela\u00e7\u00e3o mais saud\u00e1vel com a alimenta\u00e7\u00e3o e com o momento presente.<\/li>\n\n\n\n<li><strong>Trabalho como Medita\u00e7\u00e3o<\/strong>: Focar completamente em uma tarefa de cada vez, evitando distra\u00e7\u00f5es e dando aten\u00e7\u00e3o total ao trabalho que est\u00e1 sendo realizado. Isso pode ser aplicado tanto no trabalho profissional quanto em tarefas dom\u00e9sticas.<\/li>\n\n\n\n<li><strong>Medita\u00e7\u00e3o ao Interagir com os Outros<\/strong>: Durante conversas, ser plenamente atento e presente com o outro, ouvindo sem interrup\u00e7\u00f5es e respondendo com empatia. Isso fortalece os relacionamentos e promove uma comunica\u00e7\u00e3o mais genu\u00edna.<\/li>\n\n\n\n<li><strong>Medita\u00e7\u00e3o de Respira\u00e7\u00e3o<\/strong>: A pr\u00e1tica simples de focar na respira\u00e7\u00e3o, em momentos de estresse ou tens\u00e3o, para centrar a mente e reduzir a ansiedade.<\/li>\n<\/ul>\n\n\n\n<h3 class=\"wp-block-heading\"><strong>Benef\u00edcios das Pr\u00e1ticas Informais<\/strong><\/h3>\n\n\n\n<p>As pr\u00e1ticas informais de medita\u00e7\u00e3o oferecem muitos dos mesmos benef\u00edcios das pr\u00e1ticas formais, mas com a vantagem de serem mais acess\u00edveis e aplic\u00e1veis no dia a dia. Os benef\u00edcios incluem:<\/p>\n\n\n\n<ul class=\"wp-block-list\">\n<li><strong>Redu\u00e7\u00e3o do Estresse e Aumento da Calma<\/strong>: Ao integrar a aten\u00e7\u00e3o plena em nossas atividades cotidianas, podemos reduzir rapidamente os n\u00edveis de estresse, especialmente em situa\u00e7\u00f5es desafiadoras.<\/li>\n\n\n\n<li><strong>Maior Conex\u00e3o com o Corpo e Mente<\/strong>: Ao estarmos presentes nas a\u00e7\u00f5es que realizamos, somos mais conscientes das sensa\u00e7\u00f5es f\u00edsicas e emocionais, o que nos ajuda a reagir de maneira mais equilibrada.<\/li>\n\n\n\n<li><strong>Aumento da Produtividade<\/strong>: Praticar a medita\u00e7\u00e3o enquanto trabalhamos pode aumentar nossa capacidade de concentra\u00e7\u00e3o e melhorar a qualidade de nossas tarefas, tornando-nos mais produtivos e eficientes.<\/li>\n\n\n\n<li><strong>Desenvolvimento da Compaix\u00e3o e Empatia<\/strong>: A presen\u00e7a atenta durante as intera\u00e7\u00f5es com os outros ajuda a cultivar a compaix\u00e3o e o respeito pelas necessidades e sentimentos do outro.<\/li>\n\n\n\n<li><strong>Estabelecimento de uma Nova Perspectiva de Vida<\/strong>: Ao praticarmos medita\u00e7\u00e3o informal, come\u00e7amos a viver com mais profundidade, encontrando momentos de paz e sabedoria em atividades simples.<\/li>\n<\/ul>\n\n\n\n<h3 class=\"wp-block-heading\"><strong>Como Incorporar Pr\u00e1ticas Informais na Sua Vida<\/strong><\/h3>\n\n\n\n<p>As pr\u00e1ticas informais podem ser introduzidas de forma simples, mas t\u00eam um impacto profundo. Aqui est\u00e3o algumas sugest\u00f5es:<\/p>\n\n\n\n<ol class=\"wp-block-list\">\n<li><strong>Pratique a Aten\u00e7\u00e3o Plena em Pequenos Momentos<\/strong>: Durante o dia, sempre que perceber que sua mente est\u00e1 dispersa, volte sua aten\u00e7\u00e3o para o momento presente. Respire profundamente, observe seus sentimentos ou se concentre nos seus movimentos.<\/li>\n\n\n\n<li><strong>Fa\u00e7a Uma Coisa de Cada Vez<\/strong>: Evite a multitarefa, pois ela pode dispersar a aten\u00e7\u00e3o e aumentar o estresse. Dedique-se completamente a cada tarefa, por mais simples que seja.<\/li>\n\n\n\n<li><strong>Escute Com Plenitude<\/strong>: Ao conversar com algu\u00e9m, d\u00ea toda a sua aten\u00e7\u00e3o \u00e0 pessoa, sem interrup\u00e7\u00f5es ou distra\u00e7\u00f5es. Isso promove uma escuta ativa e um relacionamento mais profundo.<\/li>\n\n\n\n<li><strong>Crie Pequenos Rituais de Aten\u00e7\u00e3o<\/strong>: Transforme pequenas a\u00e7\u00f5es, como tomar um caf\u00e9 ou arrumar a casa, em momentos de medita\u00e7\u00e3o, prestando aten\u00e7\u00e3o em cada detalhe e a\u00e7\u00e3o.<\/li>\n<\/ol>\n\n\n\n<h2 class=\"wp-block-heading\"><strong>A Integra\u00e7\u00e3o da Medita\u00e7\u00e3o na Vida<\/strong><\/h2>\n\n\n\n<p>A medita\u00e7\u00e3o n\u00e3o \u00e9 algo que precisa ser separado da vida cotidiana, mas uma pr\u00e1tica que deve ser integrada em todos os momentos. As <strong>pr\u00e1ticas formais<\/strong> de medita\u00e7\u00e3o oferecem uma base estruturada para cultivar a aten\u00e7\u00e3o e a consci\u00eancia, enquanto as <strong>pr\u00e1ticas informais<\/strong> nos permitem aplicar esses princ\u00edpios em cada aspecto de nossas vidas di\u00e1rias.<\/p>\n\n\n\n<p>Juntas, essas abordagens criam um ciclo de crescimento e transforma\u00e7\u00e3o que eleva a nossa capacidade de estar presente, reduzir o estresse, melhorar a sa\u00fade mental e emocional e cultivar uma profunda sensa\u00e7\u00e3o de bem-estar.<\/p>\n\n\n\n<p>A chave para uma vida plena e equilibrada est\u00e1 em encontrar o equil\u00edbrio entre as pr\u00e1ticas formais e informais, permitindo que a medita\u00e7\u00e3o n\u00e3o seja apenas uma pr\u00e1tica isolada, mas um modo de viver. Assim, em cada respira\u00e7\u00e3o, em cada movimento e em cada pensamento, podemos estar mais conscientes, mais conectados e mais em paz com o mundo ao nosso redor e dentro de n\u00f3s.<\/p>\n\n\n\n<p><\/p>\n\n\n\n<p><\/p>\n\n\n\n<p><mark style=\"background-color:rgba(0, 0, 0, 0);color:#ffffff\" class=\"has-inline-color\">.<\/mark><\/p>\n\n\n\n<p><mark style=\"background-color:rgba(0, 0, 0, 0);color:#ffffff\" class=\"has-inline-color\">.<\/mark><\/p>\n\n\n\n<p>\ud83c\udfa7 <strong>Playlist completa desse epis\u00f3dio no Youtube!<\/strong><\/p>\n\n\n\n<figure class=\"wp-block-embed is-type-video is-provider-youtube wp-block-embed-youtube wp-embed-aspect-16-9 wp-has-aspect-ratio\"><div class=\"wp-block-embed__wrapper\">\n<iframe loading=\"lazy\" title=\"Meditantes PodCast #37\" width=\"500\" height=\"281\" src=\"https:\/\/www.youtube.com\/embed\/videoseries?list=PLjXLCSmO7rtruk1ndxkoDDqxhn4i_EjDb\" frameborder=\"0\" allow=\"accelerometer; autoplay; clipboard-write; encrypted-media; gyroscope; picture-in-picture; web-share\" referrerpolicy=\"strict-origin-when-cross-origin\" allowfullscreen><\/iframe>\n<\/div><\/figure>\n\n\n\n<p><mark style=\"background-color:rgba(0, 0, 0, 0);color:#ffffff\" class=\"has-inline-color\">.<\/mark><\/p>\n\n\n\n<p><mark style=\"background-color:rgba(0, 0, 0, 0);color:#ffffff\" class=\"has-inline-color\">.<\/mark><\/p>\n\n\n\n<p>\ud83c\udfa7 <strong>Playlist completa desse epis\u00f3dio no Spotify<\/strong><\/p>\n\n\n\n<figure class=\"wp-block-embed is-type-rich is-provider-spotify wp-block-embed-spotify wp-embed-aspect-21-9 wp-has-aspect-ratio\"><div class=\"wp-block-embed__wrapper\">\n<iframe title=\"Spotify Embed: Meditantes PodCast #37\" style=\"border-radius: 12px\" width=\"100%\" height=\"352\" frameborder=\"0\" allowfullscreen allow=\"autoplay; clipboard-write; encrypted-media; fullscreen; picture-in-picture\" loading=\"lazy\" src=\"https:\/\/open.spotify.com\/embed\/playlist\/0h6mCNkNiKJ0VM4UlIfn7z?utm_source=oembed\"><\/iframe>\n<\/div><\/figure>\n\n\n\n<p><mark style=\"background-color:rgba(0, 0, 0, 0);color:#ffffff\" class=\"has-inline-color\">.<\/mark><\/p>\n\n\n\n<p><strong>Gostou?&nbsp;Comenta, compartilha\u2026<\/strong><\/p>\n\n\n\n<p><\/p>\n","protected":false},"excerpt":{"rendered":"<p>As pr\u00e1ticas formais e informais da medita\u00e7\u00e3o s\u00e3o caminhos complementares para o despertar da consci\u00eancia plena. Enquanto as pr\u00e1ticas formais,&hellip;<\/p>\n","protected":false},"author":1,"featured_media":0,"comment_status":"open","ping_status":"open","sticky":false,"template":"","format":"standard","meta":{"footnotes":""},"categories":[18,4,130],"tags":[],"class_list":["post-3908","post","type-post","status-publish","format-standard","hentry","category-temporada01","category-meditantes-podcast","category-meditantes-podcast-37"],"_links":{"self":[{"href":"https:\/\/meditantes.com.br\/news\/index.php?rest_route=\/wp\/v2\/posts\/3908","targetHints":{"allow":["GET"]}}],"collection":[{"href":"https:\/\/meditantes.com.br\/news\/index.php?rest_route=\/wp\/v2\/posts"}],"about":[{"href":"https:\/\/meditantes.com.br\/news\/index.php?rest_route=\/wp\/v2\/types\/post"}],"author":[{"embeddable":true,"href":"https:\/\/meditantes.com.br\/news\/index.php?rest_route=\/wp\/v2\/users\/1"}],"replies":[{"embeddable":true,"href":"https:\/\/meditantes.com.br\/news\/index.php?rest_route=%2Fwp%2Fv2%2Fcomments&post=3908"}],"version-history":[{"count":1,"href":"https:\/\/meditantes.com.br\/news\/index.php?rest_route=\/wp\/v2\/posts\/3908\/revisions"}],"predecessor-version":[{"id":3909,"href":"https:\/\/meditantes.com.br\/news\/index.php?rest_route=\/wp\/v2\/posts\/3908\/revisions\/3909"}],"wp:attachment":[{"href":"https:\/\/meditantes.com.br\/news\/index.php?rest_route=%2Fwp%2Fv2%2Fmedia&parent=3908"}],"wp:term":[{"taxonomy":"category","embeddable":true,"href":"https:\/\/meditantes.com.br\/news\/index.php?rest_route=%2Fwp%2Fv2%2Fcategories&post=3908"},{"taxonomy":"post_tag","embeddable":true,"href":"https:\/\/meditantes.com.br\/news\/index.php?rest_route=%2Fwp%2Fv2%2Ftags&post=3908"}],"curies":[{"name":"wp","href":"https:\/\/api.w.org\/{rel}","templated":true}]}}