{"id":3932,"date":"2023-12-25T18:02:00","date_gmt":"2023-12-25T18:02:00","guid":{"rendered":"https:\/\/meditantes.com.br\/news\/?p=3932"},"modified":"2024-11-20T13:22:51","modified_gmt":"2024-11-20T13:22:51","slug":"meditacao-e-trabalho-espiritual","status":"publish","type":"post","link":"https:\/\/meditantes.com.br\/news\/?p=3932","title":{"rendered":"Medita\u00e7\u00e3o \u00e9 Trabalho Espiritual"},"content":{"rendered":"\n<p>Meditar \u00e9 mais do que uma pr\u00e1tica de relaxamento ou autocuidado; \u00e9 um trabalho espiritual profundo, uma jornada interna de autotransforma\u00e7\u00e3o e conex\u00e3o com o divino. Atrav\u00e9s da medita\u00e7\u00e3o, podemos transcender as distra\u00e7\u00f5es mundanas e nos sintonizar com nossa ess\u00eancia mais pura, acessando estados elevados de consci\u00eancia e clareza. Cada momento de quietude e aten\u00e7\u00e3o plena \u00e9 uma oportunidade para purificar a mente, curar o cora\u00e7\u00e3o e expandir a alma. Nesse processo, n\u00e3o s\u00f3 cultivamos paz e serenidade, mas tamb\u00e9m abrimos o caminho para o despertar espiritual, tornando a medita\u00e7\u00e3o uma pr\u00e1tica essencial no desenvolvimento de uma vida mais plena e alinhada com o prop\u00f3sito maior.<\/p>\n\n\n\n<p><\/p>\n\n\n\n<p><mark style=\"background-color:rgba(0, 0, 0, 0);color:#ffffff\" class=\"has-inline-color\">.<\/mark><\/p>\n\n\n\n<p><mark style=\"background-color:rgba(0, 0, 0, 0);color:#ffffff\" class=\"has-inline-color\">.<\/mark><\/p>\n\n\n\n<figure class=\"wp-block-embed is-type-video is-provider-youtube wp-block-embed-youtube wp-embed-aspect-16-9 wp-has-aspect-ratio\"><div class=\"wp-block-embed__wrapper\">\n<iframe loading=\"lazy\" title=\"Medita\u00e7\u00e3o \u00e9 Trabalho Espiritual - Meditantes PodCast #39\" width=\"500\" height=\"281\" src=\"https:\/\/www.youtube.com\/embed\/TjgxLcgbOIA?list=PLjXLCSmO7rtp3qF5QcR4WLObVieo29GZ3\" frameborder=\"0\" allow=\"accelerometer; autoplay; clipboard-write; encrypted-media; gyroscope; picture-in-picture; web-share\" referrerpolicy=\"strict-origin-when-cross-origin\" allowfullscreen><\/iframe>\n<\/div><\/figure>\n\n\n\n<p><mark style=\"background-color:rgba(0, 0, 0, 0);color:#ffffff\" class=\"has-inline-color\">.<\/mark><\/p>\n\n\n\n<p><mark style=\"background-color:rgba(0, 0, 0, 0);color:#ffffff\" class=\"has-inline-color\">.<\/mark><\/p>\n\n\n\n<p><\/p>\n\n\n\n<h1 class=\"wp-block-heading\">Medita\u00e7\u00e3o \u00e9 Trabalho Espiritual<\/h1>\n\n\n\n<p>A pr\u00e1tica da medita\u00e7\u00e3o, em suas diversas formas, tem ganhado popularidade mundialmente, sendo adotada por muitas pessoas como uma t\u00e9cnica de redu\u00e7\u00e3o de estresse, aumento de foco e bem-estar emocional. No entanto, al\u00e9m dos benef\u00edcios psicof\u00edsicos, existe um entendimento mais profundo e transformador da medita\u00e7\u00e3o que vai muito al\u00e9m de uma t\u00e9cnica de relaxamento: <strong>a medita\u00e7\u00e3o como trabalho espiritual<\/strong>.<\/p>\n\n\n\n<p>Neste artigo, vamos explorar como a medita\u00e7\u00e3o pode ser entendida e vivenciada como uma pr\u00e1tica espiritual essencial, com um potencial transformador profundo, capaz de nos conectar com o divino, com nossa ess\u00eancia e com a realidade que transcende a mente racional. A medita\u00e7\u00e3o, quando vista sob essa \u00f3tica, se torna um verdadeiro <strong>trabalho espiritual<\/strong> \u2014 uma jornada que nos conduz ao autoconhecimento, \u00e0 eleva\u00e7\u00e3o da consci\u00eancia e \u00e0 integra\u00e7\u00e3o com a Fonte divina.<\/p>\n\n\n\n<h2 class=\"wp-block-heading\">O que \u00e9 Trabalho Espiritual?<\/h2>\n\n\n\n<p>Antes de entender como a medita\u00e7\u00e3o se encaixa como trabalho espiritual, \u00e9 importante refletirmos sobre o conceito de <strong>trabalho espiritual<\/strong>. Esse termo pode soar estranho para aqueles que associam a espiritualidade a pr\u00e1ticas passivas ou meditativas isoladas. No entanto, trabalho espiritual \u00e9 <strong>qualquer a\u00e7\u00e3o ou pr\u00e1tica que tenha como objetivo a transforma\u00e7\u00e3o interna do ser humano<\/strong>, a transmuta\u00e7\u00e3o de velhos padr\u00f5es, a purifica\u00e7\u00e3o do ego e a eleva\u00e7\u00e3o da alma.<\/p>\n\n\n\n<p>No trabalho espiritual, o foco \u00e9 a <strong>realiza\u00e7\u00e3o do ser divino dentro de n\u00f3s<\/strong>, a <strong>cura<\/strong> e o <strong>despertar de nossa natureza mais pura e elevada<\/strong>. N\u00e3o se trata de um trabalho f\u00edsico ou material, mas de um <strong>esfor\u00e7o consciente para transcender os limites do ego<\/strong> e se abrir para a verdade universal.<\/p>\n\n\n\n<h2 class=\"wp-block-heading\">A Medita\u00e7\u00e3o como Caminho de Transforma\u00e7\u00e3o Interior<\/h2>\n\n\n\n<p>A medita\u00e7\u00e3o, enquanto t\u00e9cnica de introspec\u00e7\u00e3o e contempla\u00e7\u00e3o, pode ser encarada como um trabalho espiritual profundo, porque <strong>nos leva a um processo cont\u00ednuo de auto-observa\u00e7\u00e3o<\/strong> e transforma\u00e7\u00e3o. Quando meditamos, estamos, muitas vezes, confrontando nossas sombras, nossas cren\u00e7as limitantes, e at\u00e9 mesmo as proje\u00e7\u00f5es do nosso ego. Meditar n\u00e3o \u00e9 apenas sentar em sil\u00eancio e observar a respira\u00e7\u00e3o \u2014 \u00e9 um <strong>processo de purifica\u00e7\u00e3o espiritual<\/strong>, onde buscamos acessar a paz interior e, ao mesmo tempo, deixamos para tr\u00e1s as camadas de condicionamentos e limita\u00e7\u00f5es.<\/p>\n\n\n\n<h3 class=\"wp-block-heading\">1. <strong>Desapego e Ren\u00fancia ao Ego<\/strong><\/h3>\n\n\n\n<p>O trabalho espiritual da medita\u00e7\u00e3o come\u00e7a com a <strong>ren\u00fancia ao ego<\/strong>. Cada vez que nos sentamos para meditar, somos convidados a parar a roda incessante de pensamentos, desejos e emo\u00e7\u00f5es que nos ligam ao nosso ego e \u00e0 nossa identidade superficial. Nesse processo, ao silenciarmos a mente, damos espa\u00e7o para a <strong>consci\u00eancia pura<\/strong>, a qual est\u00e1 al\u00e9m da mente condicionada e da identidade limitada.<\/p>\n\n\n\n<p>Este processo \u00e9 um <strong>desapego gradual<\/strong>, no qual aprendemos a soltar o controle do que achamos que somos e come\u00e7amos a <strong>nos abrir para a experi\u00eancia do que realmente somos<\/strong> \u2014 seres espirituais em jornada de autodescoberta e uni\u00e3o com o divino. A cada sess\u00e3o meditativa, o ego perde um pouco de seu poder, e a alma, que est\u00e1 em nosso interior, se expande.<\/p>\n\n\n\n<h3 class=\"wp-block-heading\">2. <strong>Purifica\u00e7\u00e3o das Emo\u00e7\u00f5es e Pensamentos<\/strong><\/h3>\n\n\n\n<p>A medita\u00e7\u00e3o tamb\u00e9m atua como uma poderosa ferramenta de purifica\u00e7\u00e3o emocional e mental. Ao sentarmos em sil\u00eancio, muitas vezes enfrentamos uma avalanche de pensamentos, medos, ansiedades e emo\u00e7\u00f5es reprimidas. Esses elementos s\u00e3o resqu\u00edcios do nosso passado, que est\u00e3o armazenados no subconsciente e que, muitas vezes, nos limitam em nossa jornada espiritual.<\/p>\n\n\n\n<p>O trabalho espiritual da medita\u00e7\u00e3o consiste em <strong>permitir que essas emo\u00e7\u00f5es venham \u00e0 tona<\/strong> sem julg\u00e1-las ou se identificar com elas, permitindo que se dissolvam naturalmente. Este processo de <strong>observa\u00e7\u00e3o imparcial<\/strong> \u00e9 uma forma de <strong>libera\u00e7\u00e3o<\/strong>, pois, ao n\u00e3o reagirmos \u00e0s nossas emo\u00e7\u00f5es, come\u00e7amos a transmut\u00e1-las, liberando-as de nossa energia vital.<\/p>\n\n\n\n<h3 class=\"wp-block-heading\">3. <strong>A Conex\u00e3o com o Divino<\/strong><\/h3>\n\n\n\n<p>Uma das dimens\u00f5es mais profundas da medita\u00e7\u00e3o \u00e9 a <strong>conex\u00e3o direta com o divino<\/strong>. Ao trabalharmos espiritualmente na medita\u00e7\u00e3o, estamos permitindo que a presen\u00e7a divina se manifeste em nosso ser. Isso n\u00e3o significa que estamos buscando algo fora de n\u00f3s, mas sim acessando a <strong>ess\u00eancia divina que j\u00e1 reside dentro de n\u00f3s<\/strong>. A medita\u00e7\u00e3o \u00e9, portanto, uma ferramenta de <strong>conscientiza\u00e7\u00e3o de nossa natureza espiritual<\/strong>, o que nos permite experimentar a paz que transcende o entendimento humano.<\/p>\n\n\n\n<p>Ao fazer esse trabalho de medita\u00e7\u00e3o, n\u00e3o estamos apenas procurando respostas externas, mas nos tornando cada vez mais conscientes da <strong>verdade interna<\/strong> \u2014 de que somos uma express\u00e3o \u00fanica do divino, em conex\u00e3o com a totalidade do universo. A medita\u00e7\u00e3o, neste contexto, \u00e9 um caminho direto para <strong>viver essa verdade<\/strong>, tornando-nos mais compassivos, amorosos e presentes em nossas vidas di\u00e1rias.<\/p>\n\n\n\n<h2 class=\"wp-block-heading\">O Processo Gradual do Trabalho Espiritual atrav\u00e9s da Medita\u00e7\u00e3o<\/h2>\n\n\n\n<p>Assim como qualquer trabalho espiritual, a medita\u00e7\u00e3o n\u00e3o \u00e9 um processo que acontece de maneira instant\u00e2nea. Ao contr\u00e1rio, ela envolve <strong>disciplina<\/strong>, <strong>paci\u00eancia<\/strong> e <strong>persist\u00eancia<\/strong>. N\u00e3o podemos esperar que mudan\u00e7as profundas ocorram de um dia para o outro, mas, \u00e0 medida que avan\u00e7amos na pr\u00e1tica, come\u00e7amos a sentir os efeitos da medita\u00e7\u00e3o em nossas vidas.<\/p>\n\n\n\n<h3 class=\"wp-block-heading\">1. <strong>O Despertar Espiritual<\/strong><\/h3>\n\n\n\n<p>Com o tempo, a pr\u00e1tica da medita\u00e7\u00e3o promove o <strong>despertar espiritual<\/strong>, um processo cont\u00ednuo de <strong>expans\u00e3o da consci\u00eancia<\/strong>. Meditar n\u00e3o \u00e9 apenas uma t\u00e9cnica de relaxamento, mas uma pr\u00e1tica de <strong>despertar para a realidade maior<\/strong>. Ela nos ajuda a compreender que h\u00e1 mais na vida do que a rotina di\u00e1ria e os desafios mundanos, permitindo-nos <strong>acessar uma percep\u00e7\u00e3o mais ampla<\/strong> do nosso papel no universo.<\/p>\n\n\n\n<p>A medita\u00e7\u00e3o nos ajuda a <strong>desvendar camadas de nossa consci\u00eancia<\/strong> que estavam antes ocultas, promovendo uma <strong>vis\u00e3o clara<\/strong> e um <strong>entendimento mais profundo<\/strong> da nossa verdadeira natureza e do prop\u00f3sito divino para nossas vidas.<\/p>\n\n\n\n<h3 class=\"wp-block-heading\">2. <strong>A Unidade com o Todo<\/strong><\/h3>\n\n\n\n<p>No trabalho espiritual da medita\u00e7\u00e3o, o objetivo final n\u00e3o \u00e9 apenas o autoconhecimento, mas tamb\u00e9m a <strong>integra\u00e7\u00e3o com o todo<\/strong>. \u00c0 medida que vamos nos conhecendo mais profundamente, come\u00e7amos a perceber que todos somos parte de uma <strong>uni\u00e3o c\u00f3smica<\/strong>, conectados por uma energia que transcende todas as limita\u00e7\u00f5es f\u00edsicas e materiais.<\/p>\n\n\n\n<p>A medita\u00e7\u00e3o nos conduz a essa percep\u00e7\u00e3o de <strong>unidade<\/strong>, permitindo que possamos agir no mundo de uma maneira mais altru\u00edsta e compassiva, pois percebemos que o outro n\u00e3o \u00e9 separado de n\u00f3s, mas faz parte da mesma ess\u00eancia divina. Esse \u00e9 um dos maiores frutos do trabalho espiritual realizado atrav\u00e9s da medita\u00e7\u00e3o: o nascimento de uma <strong>maior consci\u00eancia coletiva<\/strong>, onde a busca individual pelo crescimento espiritual se expande para o bem-estar de toda a humanidade.<\/p>\n\n\n\n<h2 class=\"wp-block-heading\">Medita\u00e7\u00e3o como um Caminho Profundo de Trabalho Espiritual<\/h2>\n\n\n\n<p>Em \u00faltima an\u00e1lise, a medita\u00e7\u00e3o \u00e9 muito mais do que uma pr\u00e1tica de bem-estar ou relaxamento. Ela \u00e9, de fato, um <strong>trabalho espiritual profundo<\/strong>, onde a mente \u00e9 treinada para ir al\u00e9m das suas limita\u00e7\u00f5es e a alma \u00e9 convidada a experimentar o divino. Esse trabalho exige dedica\u00e7\u00e3o, paci\u00eancia e comprometimento, mas os frutos s\u00e3o profundos e transformadores, n\u00e3o apenas para o indiv\u00edduo, mas tamb\u00e9m para a sociedade como um todo.<\/p>\n\n\n\n<p>Quando entendemos a medita\u00e7\u00e3o como <strong>um trabalho espiritual<\/strong>, ela se torna uma pr\u00e1tica di\u00e1ria que vai muito al\u00e9m de um simples momento de tranquilidade. Ela \u00e9 um caminho para a <strong>liberta\u00e7\u00e3o interior<\/strong>, para a <strong>cura das emo\u00e7\u00f5es<\/strong> e para o <strong>despertar da verdadeira natureza espiritual<\/strong> que reside em todos n\u00f3s.<\/p>\n\n\n\n<p>Portanto, ao sentarmos para meditar, devemos lembrar que n\u00e3o estamos apenas praticando uma t\u00e9cnica, mas <strong>trabalhando espiritualmente<\/strong> para <strong>transformar nossa vida<\/strong> e nos <strong>alinharmos com a sabedoria e o amor divino<\/strong>. A medita\u00e7\u00e3o \u00e9, sem d\u00favida, uma das mais poderosas ferramentas que temos \u00e0 nossa disposi\u00e7\u00e3o para crescer espiritualmente, viver com mais prop\u00f3sito e experimentar a paz verdadeira.<\/p>\n\n\n\n<p><\/p>\n\n\n\n<p><\/p>\n\n\n\n<p><mark style=\"background-color:rgba(0, 0, 0, 0);color:#ffffff\" class=\"has-inline-color\">.<\/mark><\/p>\n\n\n\n<p><mark style=\"background-color:rgba(0, 0, 0, 0);color:#ffffff\" class=\"has-inline-color\">.<\/mark><\/p>\n\n\n\n<p>\ud83c\udfa7 <strong>Playlist completa desse epis\u00f3dio no Youtube!<\/strong><\/p>\n\n\n\n<figure class=\"wp-block-embed is-type-video is-provider-youtube wp-block-embed-youtube wp-embed-aspect-16-9 wp-has-aspect-ratio\"><div class=\"wp-block-embed__wrapper\">\n<iframe loading=\"lazy\" title=\"Meditantes PodCast #39\" width=\"500\" height=\"281\" src=\"https:\/\/www.youtube.com\/embed\/videoseries?list=PLjXLCSmO7rtp3qF5QcR4WLObVieo29GZ3\" frameborder=\"0\" allow=\"accelerometer; autoplay; clipboard-write; encrypted-media; gyroscope; picture-in-picture; web-share\" referrerpolicy=\"strict-origin-when-cross-origin\" allowfullscreen><\/iframe>\n<\/div><\/figure>\n\n\n\n<p><mark style=\"background-color:rgba(0, 0, 0, 0);color:#ffffff\" class=\"has-inline-color\">.<\/mark><\/p>\n\n\n\n<p><mark style=\"background-color:rgba(0, 0, 0, 0);color:#ffffff\" class=\"has-inline-color\">.<\/mark><\/p>\n\n\n\n<p>\ud83c\udfa7 <strong>Playlist completa desse epis\u00f3dio no Spotify<\/strong><\/p>\n\n\n\n<figure class=\"wp-block-embed is-type-rich is-provider-spotify wp-block-embed-spotify wp-embed-aspect-21-9 wp-has-aspect-ratio\"><div class=\"wp-block-embed__wrapper\">\n<iframe title=\"Spotify Embed: Meditantes PodCast #39\" style=\"border-radius: 12px\" width=\"100%\" height=\"352\" frameborder=\"0\" allowfullscreen allow=\"autoplay; clipboard-write; encrypted-media; fullscreen; picture-in-picture\" loading=\"lazy\" src=\"https:\/\/open.spotify.com\/embed\/playlist\/0JPk6pvKzDrmz9iWxTUMsL?utm_source=oembed\"><\/iframe>\n<\/div><\/figure>\n\n\n\n<p><mark style=\"background-color:rgba(0, 0, 0, 0);color:#ffffff\" class=\"has-inline-color\">.<\/mark><\/p>\n\n\n\n<p><strong>Gostou?&nbsp;Comenta, compartilha\u2026<\/strong><\/p>\n\n\n\n<p><\/p>\n","protected":false},"excerpt":{"rendered":"<p>Meditar \u00e9 mais do que uma pr\u00e1tica de relaxamento ou autocuidado; \u00e9 um trabalho espiritual profundo, uma jornada interna de&hellip;<\/p>\n","protected":false},"author":1,"featured_media":0,"comment_status":"open","ping_status":"open","sticky":false,"template":"","format":"standard","meta":{"footnotes":""},"categories":[18,4,132],"tags":[],"class_list":["post-3932","post","type-post","status-publish","format-standard","hentry","category-temporada01","category-meditantes-podcast","category-meditantes-podcast-39"],"_links":{"self":[{"href":"https:\/\/meditantes.com.br\/news\/index.php?rest_route=\/wp\/v2\/posts\/3932","targetHints":{"allow":["GET"]}}],"collection":[{"href":"https:\/\/meditantes.com.br\/news\/index.php?rest_route=\/wp\/v2\/posts"}],"about":[{"href":"https:\/\/meditantes.com.br\/news\/index.php?rest_route=\/wp\/v2\/types\/post"}],"author":[{"embeddable":true,"href":"https:\/\/meditantes.com.br\/news\/index.php?rest_route=\/wp\/v2\/users\/1"}],"replies":[{"embeddable":true,"href":"https:\/\/meditantes.com.br\/news\/index.php?rest_route=%2Fwp%2Fv2%2Fcomments&post=3932"}],"version-history":[{"count":1,"href":"https:\/\/meditantes.com.br\/news\/index.php?rest_route=\/wp\/v2\/posts\/3932\/revisions"}],"predecessor-version":[{"id":3933,"href":"https:\/\/meditantes.com.br\/news\/index.php?rest_route=\/wp\/v2\/posts\/3932\/revisions\/3933"}],"wp:attachment":[{"href":"https:\/\/meditantes.com.br\/news\/index.php?rest_route=%2Fwp%2Fv2%2Fmedia&parent=3932"}],"wp:term":[{"taxonomy":"category","embeddable":true,"href":"https:\/\/meditantes.com.br\/news\/index.php?rest_route=%2Fwp%2Fv2%2Fcategories&post=3932"},{"taxonomy":"post_tag","embeddable":true,"href":"https:\/\/meditantes.com.br\/news\/index.php?rest_route=%2Fwp%2Fv2%2Ftags&post=3932"}],"curies":[{"name":"wp","href":"https:\/\/api.w.org\/{rel}","templated":true}]}}