{"id":3936,"date":"2023-12-25T18:04:00","date_gmt":"2023-12-25T18:04:00","guid":{"rendered":"https:\/\/meditantes.com.br\/news\/?p=3936"},"modified":"2024-11-20T13:28:26","modified_gmt":"2024-11-20T13:28:26","slug":"a-origem-da-meditacao-crista","status":"publish","type":"post","link":"https:\/\/meditantes.com.br\/news\/?p=3936","title":{"rendered":"A Origem da Medita\u00e7\u00e3o Crist\u00e3"},"content":{"rendered":"\n<p><em>A Medita\u00e7\u00e3o Crist\u00e3 tem suas ra\u00edzes profundas nas pr\u00e1ticas espirituais da Igreja primitiva, onde os crist\u00e3os buscavam a uni\u00e3o com Deus atrav\u00e9s do sil\u00eancio, da ora\u00e7\u00e3o contemplativa e da reflex\u00e3o sobre as Escrituras. Diferente de outras tradi\u00e7\u00f5es meditativas, a Medita\u00e7\u00e3o Crist\u00e3 \u00e9 uma pr\u00e1tica de entrega, onde o cora\u00e7\u00e3o se abre para escutar a voz divina e se alinhar com a vontade de Deus. Inspirada pela tradi\u00e7\u00e3o mon\u00e1stica, especialmente no monaquismo do deserto, essa medita\u00e7\u00e3o busca transformar a mente e o esp\u00edrito, afastando as distra\u00e7\u00f5es e permitindo que o praticante experimente a paz que excede todo entendimento. \u00c9 uma jornada interior que, ao conectar-se com o divino, revela a beleza da alma e a profundidade do amor de Deus.<\/em><\/p>\n\n\n\n<p><\/p>\n\n\n\n<p><mark style=\"background-color:rgba(0, 0, 0, 0);color:#ffffff\" class=\"has-inline-color\">.<\/mark><\/p>\n\n\n\n<p><mark style=\"background-color:rgba(0, 0, 0, 0);color:#ffffff\" class=\"has-inline-color\">.<\/mark><\/p>\n\n\n\n<figure class=\"wp-block-embed is-type-video is-provider-youtube wp-block-embed-youtube wp-embed-aspect-16-9 wp-has-aspect-ratio\"><div class=\"wp-block-embed__wrapper\">\n<iframe loading=\"lazy\" title=\"A Origem da Medita\u00e7\u00e3o Crist\u00e3 - Meditantes PodCast #39\" width=\"500\" height=\"281\" src=\"https:\/\/www.youtube.com\/embed\/GBhrkUPdrHk?list=PLjXLCSmO7rtp3qF5QcR4WLObVieo29GZ3\" frameborder=\"0\" allow=\"accelerometer; autoplay; clipboard-write; encrypted-media; gyroscope; picture-in-picture; web-share\" referrerpolicy=\"strict-origin-when-cross-origin\" allowfullscreen><\/iframe>\n<\/div><\/figure>\n\n\n\n<p><mark style=\"background-color:rgba(0, 0, 0, 0);color:#ffffff\" class=\"has-inline-color\">.<\/mark><\/p>\n\n\n\n<p><mark style=\"background-color:rgba(0, 0, 0, 0);color:#ffffff\" class=\"has-inline-color\">.<\/mark><\/p>\n\n\n\n<p><\/p>\n\n\n\n<h1 class=\"wp-block-heading\">A Origem da Medita\u00e7\u00e3o Crist\u00e3<\/h1>\n\n\n\n<p>A medita\u00e7\u00e3o crist\u00e3, em sua ess\u00eancia, \u00e9 uma pr\u00e1tica de profunda conex\u00e3o com Deus, uma jornada espiritual voltada para o sil\u00eancio interior e a escuta atenta da voz divina. Embora muitas pessoas associem a medita\u00e7\u00e3o \u00e0s tradi\u00e7\u00f5es orientais, a <strong>medita\u00e7\u00e3o crist\u00e3<\/strong> tem ra\u00edzes profundas nas Escrituras e nas pr\u00e1ticas dos primeiros crist\u00e3os. Este artigo explora a origem e a evolu\u00e7\u00e3o da medita\u00e7\u00e3o dentro da tradi\u00e7\u00e3o crist\u00e3, destacando sua import\u00e2ncia hist\u00f3rica, espiritual e pr\u00e1tica para os crist\u00e3os de todas as \u00e9pocas.<\/p>\n\n\n\n<h2 class=\"wp-block-heading\">A Medita\u00e7\u00e3o Crist\u00e3 nas Escrituras<\/h2>\n\n\n\n<p>A B\u00edblia, embora n\u00e3o mencione diretamente o termo &#8220;medita\u00e7\u00e3o&#8221; como \u00e9 entendido nas tradi\u00e7\u00f5es orientais, cont\u00e9m in\u00fameras refer\u00eancias \u00e0 pr\u00e1tica do <strong>sil\u00eancio e da contempla\u00e7\u00e3o<\/strong>. O conceito de meditar no contexto crist\u00e3o est\u00e1 intimamente ligado \u00e0 pr\u00e1tica de <strong>refletir profundamente sobre a palavra de Deus<\/strong> e de se <strong>concentrar no relacionamento com o Criador<\/strong>.<\/p>\n\n\n\n<p>Em v\u00e1rias passagens b\u00edblicas, vemos figuras que se retiram para momentos de solitude e ora\u00e7\u00e3o profunda. Exemplos disso s\u00e3o os momentos em que <strong>Jesus se retira para orar<\/strong>, como em Lucas 5:16, ou os <strong>salmos de Davi<\/strong>, que expressam a busca constante pela presen\u00e7a de Deus em meio ao sil\u00eancio e \u00e0 reflex\u00e3o.<\/p>\n\n\n\n<p>Um dos vers\u00edculos mais emblem\u00e1ticos sobre medita\u00e7\u00e3o na B\u00edblia \u00e9 encontrado no <strong>Salmo 1:2<\/strong>, que diz: \u201cAntes, o seu prazer est\u00e1 na lei do Senhor, e na sua lei medita de dia e de noite.\u201d Aqui, a medita\u00e7\u00e3o \u00e9 retratada como um estado cont\u00ednuo de imers\u00e3o na palavra de Deus, refletindo sobre seus ensinamentos e permitindo que eles moldem a vida do crist\u00e3o.<\/p>\n\n\n\n<h2 class=\"wp-block-heading\">O Monasticismo e a Pr\u00e1tica Crist\u00e3 de Medita\u00e7\u00e3o<\/h2>\n\n\n\n<p>A origem mais expl\u00edcita da medita\u00e7\u00e3o crist\u00e3, como pr\u00e1tica sistem\u00e1tica, remonta ao <strong>monasticismo crist\u00e3o<\/strong>. Nos primeiros s\u00e9culos do cristianismo, especialmente a partir do <strong>s\u00e9culo IV<\/strong>, monjes e eremitas come\u00e7aram a retirar-se para o deserto, buscando uma vida de ora\u00e7\u00e3o e reflex\u00e3o solit\u00e1ria. Influenciados pela vida de Jesus e pelas tradi\u00e7\u00f5es da Igreja primitiva, esses crist\u00e3os entenderam que o sil\u00eancio e a medita\u00e7\u00e3o eram fundamentais para se conectar de forma mais profunda com Deus.<\/p>\n\n\n\n<p>Entre os principais primeiros praticantes da medita\u00e7\u00e3o crist\u00e3 est\u00e3o os <strong>Padres do Deserto<\/strong>, como <strong>Ant\u00e3o do Deserto<\/strong> e <strong>Pac\u00f4mio<\/strong>, que estabeleceram comunidades mon\u00e1sticas onde a ora\u00e7\u00e3o e o retiro espiritual eram essenciais. Eles praticavam o que ficou conhecido como <strong>ora\u00e7\u00e3o do cora\u00e7\u00e3o<\/strong>, uma forma de medita\u00e7\u00e3o focada na repeti\u00e7\u00e3o do nome de Jesus ou de ora\u00e7\u00f5es curtas, com o objetivo de <strong>purificar a mente e o cora\u00e7\u00e3o<\/strong>, trazendo o fiel para uma experi\u00eancia de uni\u00e3o com Deus.<\/p>\n\n\n\n<p>A pr\u00e1tica da <strong>ora\u00e7\u00e3o mental<\/strong> ou da <strong>ora\u00e7\u00e3o interior<\/strong> tamb\u00e9m come\u00e7ou a ser sistematizada pelos m\u00edsticos e te\u00f3logos crist\u00e3os, como <strong>Ev\u00e1grio P\u00f3ntico<\/strong> e <strong>Jo\u00e3o Cassiano<\/strong>. Eles propuseram que a verdadeira medita\u00e7\u00e3o crist\u00e3 n\u00e3o era apenas uma reflex\u00e3o intelectual, mas uma pr\u00e1tica espiritual que envolvia o cora\u00e7\u00e3o, a mente e o corpo, criando uma atmosfera interna de <strong>amor e abertura \u00e0 presen\u00e7a divina<\/strong>.<\/p>\n\n\n\n<h2 class=\"wp-block-heading\">A Medita\u00e7\u00e3o Crist\u00e3 no Contexto da Ora\u00e7\u00e3o<\/h2>\n\n\n\n<p>Embora a medita\u00e7\u00e3o crist\u00e3 tenha evolu\u00eddo ao longo dos s\u00e9culos, ela sempre foi entendida como uma forma de <strong>ora\u00e7\u00e3o silenciosa<\/strong>. A medita\u00e7\u00e3o crist\u00e3 n\u00e3o busca simplesmente o relaxamento mental ou a busca de estados alterados de consci\u00eancia, como em algumas tradi\u00e7\u00f5es orientais, mas sim uma <strong>profunda intimidade com Deus<\/strong>. Ao contr\u00e1rio de uma t\u00e9cnica para aliviar a mente ou os sentidos, a medita\u00e7\u00e3o crist\u00e3 se baseia em <strong>cultivar um relacionamento pessoal com Deus<\/strong> e <strong>contemplar a sua verdade<\/strong>.<\/p>\n\n\n\n<p>De fato, um dos <strong>aspectos centrais da medita\u00e7\u00e3o crist\u00e3<\/strong> \u00e9 a pr\u00e1tica de meditar nas Escrituras, onde o crist\u00e3o reflete e se permite ser tocado pelas palavras da B\u00edblia. A <strong>leitura orante das Escrituras<\/strong>, tamb\u00e9m conhecida como <strong>Lectio Divina<\/strong>, \u00e9 um dos m\u00e9todos mais tradicionais de medita\u00e7\u00e3o crist\u00e3. Nesse processo, o fiel l\u00ea um trecho das Escrituras, medita sobre seu significado, ora sobre ele e, finalmente, contempla sua aplica\u00e7\u00e3o em sua vida di\u00e1ria.<\/p>\n\n\n\n<p>Al\u00e9m disso, a repeti\u00e7\u00e3o de mantras crist\u00e3os, como a ora\u00e7\u00e3o <strong>&#8220;Jesus, Filho de Deus, tem piedade de mim, pecador&#8221;<\/strong>, tamb\u00e9m \u00e9 uma forma de medita\u00e7\u00e3o crist\u00e3. Essa pr\u00e1tica ajuda a manter a mente focada e o cora\u00e7\u00e3o aberto \u00e0 experi\u00eancia da presen\u00e7a divina.<\/p>\n\n\n\n<h2 class=\"wp-block-heading\">A Influ\u00eancia dos M\u00edsticos Crist\u00e3os<\/h2>\n\n\n\n<p>Os <strong>m\u00edsticos crist\u00e3os<\/strong> desempenharam um papel crucial no desenvolvimento da medita\u00e7\u00e3o crist\u00e3. No <strong>medievalismo<\/strong>, figuras como <strong>S\u00e3o Jo\u00e3o da Cruz<\/strong>, <strong>Santa Teresa de \u00c1vila<\/strong>, e <strong>Meister Eckhart<\/strong> foram pioneiros na pr\u00e1tica de uma <strong>medita\u00e7\u00e3o contemplativa profunda<\/strong>, baseada na uni\u00e3o com Deus atrav\u00e9s da ora\u00e7\u00e3o silenciosa. Eles enfatizaram que a verdadeira medita\u00e7\u00e3o crist\u00e3 n\u00e3o \u00e9 algo que pode ser \u201ccontrolado\u201d ou feito com a inten\u00e7\u00e3o de atingir um estado mental espec\u00edfico, mas sim algo que <strong>surge espontaneamente do encontro com Deus<\/strong>.<\/p>\n\n\n\n<p>Para esses m\u00edsticos, a medita\u00e7\u00e3o crist\u00e3 tem como objetivo <strong>purificar a alma<\/strong> e conduzir o fiel a uma <strong>experi\u00eancia direta com o amor de Deus<\/strong>, desafiando o ego e as distra\u00e7\u00f5es mundanas. <strong>S\u00e3o Jo\u00e3o da Cruz<\/strong>, por exemplo, descreve em suas obras a experi\u00eancia de <strong>\u201cnoite escura da alma\u201d<\/strong>, um per\u00edodo de desola\u00e7\u00e3o espiritual que, paradoxalmente, pode levar o crist\u00e3o a uma profunda experi\u00eancia de uni\u00e3o com Deus.<\/p>\n\n\n\n<h2 class=\"wp-block-heading\">A Medita\u00e7\u00e3o Crist\u00e3 Hoje: Reconex\u00e3o com a Tradi\u00e7\u00e3o<\/h2>\n\n\n\n<p>Nos tempos modernos, a medita\u00e7\u00e3o crist\u00e3 est\u00e1 passando por um renascimento, \u00e0 medida que muitos crist\u00e3os redescobrem as riquezas da <strong>ora\u00e7\u00e3o silenciosa<\/strong> e da <strong>contempla\u00e7\u00e3o<\/strong>. Em uma era de sobrecarga de informa\u00e7\u00f5es e agita\u00e7\u00e3o mental, a busca pelo sil\u00eancio interior e pela paz de esp\u00edrito tem levado muitas pessoas a explorar pr\u00e1ticas espirituais mais profundas. A medita\u00e7\u00e3o crist\u00e3, com seu foco na <strong>presen\u00e7a de Deus<\/strong> e na <strong>intimidade com o divino<\/strong>, oferece um caminho de retorno a uma espiritualidade centrada no cora\u00e7\u00e3o.<\/p>\n\n\n\n<p>\u00c9 importante destacar que a medita\u00e7\u00e3o crist\u00e3 n\u00e3o precisa ser vista como oposta a outras formas de medita\u00e7\u00e3o, como as orientais. Muitos crist\u00e3os t\u00eam encontrado valor na <strong>integra\u00e7\u00e3o de pr\u00e1ticas contemplativas<\/strong> de diferentes tradi\u00e7\u00f5es, sem que isso comprometa a autenticidade da sua f\u00e9. O que importa \u00e9 que a medita\u00e7\u00e3o crist\u00e3 se mant\u00e9m firme na busca por um relacionamento direto com Deus, alimentado pela <strong>ora\u00e7\u00e3o<\/strong>, <strong>leitura das Escrituras<\/strong> e <strong>sil\u00eancio contemplativo<\/strong>.<\/p>\n\n\n\n<h2 class=\"wp-block-heading\"><\/h2>\n\n\n\n<p>A <strong>medita\u00e7\u00e3o crist\u00e3<\/strong> tem uma rica hist\u00f3ria que remonta aos primeiros dias do cristianismo e continua a ser uma pr\u00e1tica vital e transformadora at\u00e9 hoje. Sua origem, profundamente entrela\u00e7ada com as Escrituras e com a pr\u00e1tica do monasticismo, reflete um compromisso com o <strong>sil\u00eancio e a contempla\u00e7\u00e3o<\/strong>. Ao longo dos s\u00e9culos, a medita\u00e7\u00e3o crist\u00e3 se desenvolveu e se aprofundou, tornando-se uma pr\u00e1tica espiritual que busca <strong>conectar o fiel com Deus<\/strong>, n\u00e3o por meio de t\u00e9cnicas ou m\u00e9todos externos, mas atrav\u00e9s de um <strong>encontro interior<\/strong>.<\/p>\n\n\n\n<p>Em sua ess\u00eancia, a medita\u00e7\u00e3o crist\u00e3 \u00e9 um caminho de <strong>amor, presen\u00e7a e uni\u00e3o com o divino<\/strong>. Ao meditar, o crist\u00e3o busca transcender as distra\u00e7\u00f5es da mente e alcan\u00e7ar uma experi\u00eancia mais profunda de <strong>conex\u00e3o com Deus<\/strong>, refletindo sobre suas palavras e permitindo que a presen\u00e7a divina o transforme. Assim, a medita\u00e7\u00e3o crist\u00e3 continua a ser uma <strong>pr\u00e1tica poderosa de transforma\u00e7\u00e3o espiritual<\/strong>, convidando todos a <strong>silenciar o mundo externo e ouvir a voz de Deus<\/strong>.<\/p>\n\n\n\n<p><\/p>\n\n\n\n<p><\/p>\n\n\n\n<p><mark style=\"background-color:rgba(0, 0, 0, 0);color:#ffffff\" class=\"has-inline-color\">.<\/mark><\/p>\n\n\n\n<p><mark style=\"background-color:rgba(0, 0, 0, 0);color:#ffffff\" class=\"has-inline-color\">.<\/mark><\/p>\n\n\n\n<p>\ud83c\udfa7 <strong>Playlist completa desse epis\u00f3dio no Youtube!<\/strong><\/p>\n\n\n\n<figure class=\"wp-block-embed is-type-video is-provider-youtube wp-block-embed-youtube wp-embed-aspect-16-9 wp-has-aspect-ratio\"><div class=\"wp-block-embed__wrapper\">\n<iframe loading=\"lazy\" title=\"Meditantes PodCast #39\" width=\"500\" height=\"281\" src=\"https:\/\/www.youtube.com\/embed\/videoseries?list=PLjXLCSmO7rtp3qF5QcR4WLObVieo29GZ3\" frameborder=\"0\" allow=\"accelerometer; autoplay; clipboard-write; encrypted-media; gyroscope; picture-in-picture; web-share\" referrerpolicy=\"strict-origin-when-cross-origin\" allowfullscreen><\/iframe>\n<\/div><\/figure>\n\n\n\n<p><mark style=\"background-color:rgba(0, 0, 0, 0);color:#ffffff\" class=\"has-inline-color\">.<\/mark><\/p>\n\n\n\n<p><mark style=\"background-color:rgba(0, 0, 0, 0);color:#ffffff\" class=\"has-inline-color\">.<\/mark><\/p>\n\n\n\n<p>\ud83c\udfa7 <strong>Playlist completa desse epis\u00f3dio no Spotify<\/strong><\/p>\n\n\n\n<figure class=\"wp-block-embed is-type-rich is-provider-spotify wp-block-embed-spotify wp-embed-aspect-21-9 wp-has-aspect-ratio\"><div class=\"wp-block-embed__wrapper\">\n<iframe title=\"Spotify Embed: Meditantes PodCast #39\" style=\"border-radius: 12px\" width=\"100%\" height=\"352\" frameborder=\"0\" allowfullscreen allow=\"autoplay; clipboard-write; encrypted-media; fullscreen; picture-in-picture\" loading=\"lazy\" src=\"https:\/\/open.spotify.com\/embed\/playlist\/0JPk6pvKzDrmz9iWxTUMsL?utm_source=oembed\"><\/iframe>\n<\/div><\/figure>\n\n\n\n<p><mark style=\"background-color:rgba(0, 0, 0, 0);color:#ffffff\" class=\"has-inline-color\">.<\/mark><\/p>\n\n\n\n<p><strong>Gostou?&nbsp;Comenta, compartilha\u2026<\/strong><\/p>\n\n\n\n<p><\/p>\n","protected":false},"excerpt":{"rendered":"<p>A Medita\u00e7\u00e3o Crist\u00e3 tem suas ra\u00edzes profundas nas pr\u00e1ticas espirituais da Igreja primitiva, onde os crist\u00e3os buscavam a uni\u00e3o com&hellip;<\/p>\n","protected":false},"author":1,"featured_media":0,"comment_status":"open","ping_status":"open","sticky":false,"template":"","format":"standard","meta":{"footnotes":""},"categories":[18,4,132],"tags":[],"class_list":["post-3936","post","type-post","status-publish","format-standard","hentry","category-temporada01","category-meditantes-podcast","category-meditantes-podcast-39"],"_links":{"self":[{"href":"https:\/\/meditantes.com.br\/news\/index.php?rest_route=\/wp\/v2\/posts\/3936","targetHints":{"allow":["GET"]}}],"collection":[{"href":"https:\/\/meditantes.com.br\/news\/index.php?rest_route=\/wp\/v2\/posts"}],"about":[{"href":"https:\/\/meditantes.com.br\/news\/index.php?rest_route=\/wp\/v2\/types\/post"}],"author":[{"embeddable":true,"href":"https:\/\/meditantes.com.br\/news\/index.php?rest_route=\/wp\/v2\/users\/1"}],"replies":[{"embeddable":true,"href":"https:\/\/meditantes.com.br\/news\/index.php?rest_route=%2Fwp%2Fv2%2Fcomments&post=3936"}],"version-history":[{"count":1,"href":"https:\/\/meditantes.com.br\/news\/index.php?rest_route=\/wp\/v2\/posts\/3936\/revisions"}],"predecessor-version":[{"id":3937,"href":"https:\/\/meditantes.com.br\/news\/index.php?rest_route=\/wp\/v2\/posts\/3936\/revisions\/3937"}],"wp:attachment":[{"href":"https:\/\/meditantes.com.br\/news\/index.php?rest_route=%2Fwp%2Fv2%2Fmedia&parent=3936"}],"wp:term":[{"taxonomy":"category","embeddable":true,"href":"https:\/\/meditantes.com.br\/news\/index.php?rest_route=%2Fwp%2Fv2%2Fcategories&post=3936"},{"taxonomy":"post_tag","embeddable":true,"href":"https:\/\/meditantes.com.br\/news\/index.php?rest_route=%2Fwp%2Fv2%2Ftags&post=3936"}],"curies":[{"name":"wp","href":"https:\/\/api.w.org\/{rel}","templated":true}]}}