{"id":3946,"date":"2024-01-01T18:03:00","date_gmt":"2024-01-01T18:03:00","guid":{"rendered":"https:\/\/meditantes.com.br\/news\/?p=3946"},"modified":"2024-11-20T13:41:08","modified_gmt":"2024-11-20T13:41:08","slug":"meditacao-e-conexao-com-a-fonte","status":"publish","type":"post","link":"https:\/\/meditantes.com.br\/news\/?p=3946","title":{"rendered":"Medita\u00e7\u00e3o \u00e9 Conex\u00e3o com a Fonte"},"content":{"rendered":"\n<p><em>Meditar \u00e9 um convite para nos conectarmos com a Fonte, o ponto de origem que transcende a mente limitada e nos conecta com algo maior que n\u00f3s mesmos. Nesse espa\u00e7o de sil\u00eancio profundo, somos guiados a ultrapassar as distra\u00e7\u00f5es do cotidiano e a perceber a presen\u00e7a da ess\u00eancia divina que permeia tudo. A medita\u00e7\u00e3o nos abre a possibilidade de voltar \u00e0 nossa verdadeira natureza, onde a paz, a sabedoria e o amor se revelam de maneira pura e incondicional. Ao nos conectar com essa Fonte, experimentamos a unidade e a harmonia que est\u00e3o al\u00e9m das ilus\u00f5es da separa\u00e7\u00e3o, trazendo clareza e prop\u00f3sito para nossa jornada.<\/em><\/p>\n\n\n\n<p><\/p>\n\n\n\n<p><mark style=\"background-color:rgba(0, 0, 0, 0);color:#ffffff\" class=\"has-inline-color\">.<\/mark><\/p>\n\n\n\n<p><mark style=\"background-color:rgba(0, 0, 0, 0);color:#ffffff\" class=\"has-inline-color\">.<\/mark><\/p>\n\n\n\n<figure class=\"wp-block-embed is-type-video is-provider-youtube wp-block-embed-youtube wp-embed-aspect-16-9 wp-has-aspect-ratio\"><div class=\"wp-block-embed__wrapper\">\n<iframe loading=\"lazy\" title=\"Medita\u00e7\u00e3o \u00e9 Conex\u00e3o com a Fonte - Meditantes PodCast #40\" width=\"500\" height=\"281\" src=\"https:\/\/www.youtube.com\/embed\/ze80U0XdggU?list=PLjXLCSmO7rtoFg0caSu1lYGkfD4xI6s0t\" frameborder=\"0\" allow=\"accelerometer; autoplay; clipboard-write; encrypted-media; gyroscope; picture-in-picture; web-share\" referrerpolicy=\"strict-origin-when-cross-origin\" allowfullscreen><\/iframe>\n<\/div><\/figure>\n\n\n\n<p><mark style=\"background-color:rgba(0, 0, 0, 0);color:#ffffff\" class=\"has-inline-color\">.<\/mark><\/p>\n\n\n\n<p><mark style=\"background-color:rgba(0, 0, 0, 0);color:#ffffff\" class=\"has-inline-color\">.<\/mark><\/p>\n\n\n\n<p><\/p>\n\n\n\n<h1 class=\"wp-block-heading\">A Jornada do Ser ao Infinito<\/h1>\n\n\n\n<p>A medita\u00e7\u00e3o, em sua ess\u00eancia mais pura, n\u00e3o \u00e9 apenas uma pr\u00e1tica mental ou t\u00e9cnica para alcan\u00e7ar paz interior. Ela \u00e9, acima de tudo, um <strong>portal para a conex\u00e3o profunda com a Fonte<\/strong> \u2014 a energia primordial, a intelig\u00eancia universal, o princ\u00edpio criador que permeia todo o universo. Essa Fonte, que muitos chamam de Deus, Tao, Energia Universal, Consci\u00eancia C\u00f3smica ou Esp\u00edrito, \u00e9 a origem de tudo o que existe, e a medita\u00e7\u00e3o nos permite nos reconectar com essa ess\u00eancia divina e ilimitada. Ao mergulharmos profundamente em nossa pr\u00e1tica meditativa, acessamos n\u00e3o apenas uma sensa\u00e7\u00e3o de tranquilidade, mas uma <strong>experi\u00eancia direta e viva de uni\u00e3o com a Fonte<\/strong>.<\/p>\n\n\n\n<p>Neste artigo, exploraremos como a medita\u00e7\u00e3o serve como uma ferramenta para acessar essa conex\u00e3o primordial, compreendendo seu poder transformador e a profundidade da experi\u00eancia que ela oferece.<\/p>\n\n\n\n<h2 class=\"wp-block-heading\">O Que \u00e9 a Fonte?<\/h2>\n\n\n\n<p>A Fonte \u00e9 muitas vezes descrita como a origem de toda a vida, a energia universal de onde tudo emerge. Pode ser compreendida de v\u00e1rias maneiras, dependendo da tradi\u00e7\u00e3o espiritual ou religiosa, mas, em ess\u00eancia, \u00e9 o <strong>princ\u00edpio criador que sustenta e interconecta todo o cosmos<\/strong>. A Fonte \u00e9 tanto interior quanto exterior, um campo de potencial infinito onde toda a cria\u00e7\u00e3o se origina.<\/p>\n\n\n\n<ul class=\"wp-block-list\">\n<li><strong>Na tradi\u00e7\u00e3o crist\u00e3<\/strong>, a Fonte pode ser vista como Deus, o Criador que est\u00e1 em tudo, em todas as coisas.<\/li>\n\n\n\n<li><strong>No hindu\u00edsmo<\/strong>, \u00e9 o Brahman, a realidade suprema, eterna e imut\u00e1vel.<\/li>\n\n\n\n<li><strong>Na filosofia tao\u00edsta<\/strong>, \u00e9 o Tao, o fluxo natural e harmonioso da vida que conecta todas as coisas.<\/li>\n\n\n\n<li><strong>No budismo<\/strong>, a Fonte pode ser entendida como a <strong>Verdade Universal<\/strong> ou a <strong>Consci\u00eancia desperta<\/strong>.<\/li>\n<\/ul>\n\n\n\n<p>Independentemente do nome ou da tradi\u00e7\u00e3o, a Fonte \u00e9 <strong>a base de toda a exist\u00eancia<\/strong>, o ponto de origem de todos os seres, e a medita\u00e7\u00e3o serve como o meio de nos reconectarmos a essa realidade fundamental.<\/p>\n\n\n\n<h2 class=\"wp-block-heading\">Medita\u00e7\u00e3o: O Caminho Para a Conex\u00e3o<\/h2>\n\n\n\n<p>Meditar \u00e9, portanto, mais do que apenas silenciar a mente. \u00c9 um processo de <strong>alinhamento e integra\u00e7\u00e3o<\/strong> com essa Fonte infinita. Quando praticamos medita\u00e7\u00e3o, somos convidados a <strong>desprender-nos das limita\u00e7\u00f5es do ego<\/strong> e da mente l\u00f3gica, permitindo-nos entrar em contato com a realidade mais profunda que transcende o eu individual. Nesse estado, a consci\u00eancia se expande e se funde com algo maior, algo <strong>infinito e imut\u00e1vel<\/strong>.<\/p>\n\n\n\n<h3 class=\"wp-block-heading\">O Despertar da Consci\u00eancia<\/h3>\n\n\n\n<p>A medita\u00e7\u00e3o nos permite <strong>despertar da ilus\u00e3o de separa\u00e7\u00e3o<\/strong> e perceber que somos, na verdade, uma express\u00e3o da Fonte. N\u00e3o estamos desconectados do todo, mas somos uma parte essencial dele. Quando meditamos com inten\u00e7\u00e3o e aten\u00e7\u00e3o plena, nossa mente se torna um reflexo da pr\u00f3pria Fonte, e nossa alma se alinha com sua verdade profunda.<\/p>\n\n\n\n<p>Meditar \u00e9, nesse sentido, um <strong>processo de lembran\u00e7a<\/strong>: recordamos quem realmente somos, n\u00e3o como um ser isolado, mas como uma manifesta\u00e7\u00e3o da divindade que permeia todo o cosmos. Esse despertar \u00e9 uma experi\u00eancia transcendental que nos leva al\u00e9m da mente, do corpo e da emo\u00e7\u00e3o, para um estado de pura consci\u00eancia, onde a separa\u00e7\u00e3o entre o eu e o universo come\u00e7a a se dissolver.<\/p>\n\n\n\n<h3 class=\"wp-block-heading\">A Jornada Interior<\/h3>\n\n\n\n<p>A medita\u00e7\u00e3o proporciona uma jornada interior profunda, onde os pensamentos e as emo\u00e7\u00f5es s\u00e3o apenas observados, e a mente entra em um estado de <strong>presen\u00e7a<\/strong>. Ao fazer isso, nos conectamos com a energia da Fonte \u2014 uma energia de amor incondicional, sabedoria eterna e paz profunda. <strong>O sil\u00eancio interior que surge na medita\u00e7\u00e3o \u00e9 o espa\u00e7o onde a voz da Fonte pode ser ouvida<\/strong>, nos guiando, nos curando e nos mostrando o caminho.<\/p>\n\n\n\n<h3 class=\"wp-block-heading\">O Processo de Purifica\u00e7\u00e3o<\/h3>\n\n\n\n<p>\u00c0 medida que nos aprofundamos na pr\u00e1tica da medita\u00e7\u00e3o, come\u00e7amos a perceber que muitos de nossos bloqueios e limita\u00e7\u00f5es s\u00e3o criados por padr\u00f5es mentais e emo\u00e7\u00f5es n\u00e3o resolvidas. A medita\u00e7\u00e3o, portanto, n\u00e3o \u00e9 apenas sobre alcan\u00e7ar uma sensa\u00e7\u00e3o moment\u00e2nea de paz, mas tamb\u00e9m sobre <strong>purificar a mente e o cora\u00e7\u00e3o<\/strong>, limpando a poeira que nos impede de ver claramente a nossa verdadeira natureza.<\/p>\n\n\n\n<p>Esse processo de purifica\u00e7\u00e3o \u00e9, de certo modo, uma prepara\u00e7\u00e3o para a conex\u00e3o com a Fonte. A medita\u00e7\u00e3o nos permite <strong>liberar velhas cren\u00e7as, traumas e apegos<\/strong> que nos mant\u00eam afastados da nossa ess\u00eancia divina. Quando essas camadas de separa\u00e7\u00e3o s\u00e3o dissolvidas, a conex\u00e3o com a Fonte torna-se mais clara e natural, permitindo que a luz do nosso ser verdadeiro brilhe com mais intensidade.<\/p>\n\n\n\n<h2 class=\"wp-block-heading\">Os Benef\u00edcios da Conex\u00e3o com a Fonte<\/h2>\n\n\n\n<p>A pr\u00e1tica meditativa de conex\u00e3o com a Fonte traz benef\u00edcios profundos que se estendem para todas as \u00e1reas da vida. Aqui est\u00e3o alguns dos principais benef\u00edcios dessa pr\u00e1tica:<\/p>\n\n\n\n<h3 class=\"wp-block-heading\">1. <strong>Paz Profunda e Sustentada<\/strong><\/h3>\n\n\n\n<p>A conex\u00e3o com a Fonte traz uma sensa\u00e7\u00e3o de paz profunda que vai al\u00e9m das circunst\u00e2ncias externas. <strong>Quando estamos em sintonia com o divino, a paz n\u00e3o depende do que acontece ao nosso redor, mas de nossa percep\u00e7\u00e3o interna e da harmonia com a verdade universal.<\/strong><\/p>\n\n\n\n<h3 class=\"wp-block-heading\">2. <strong>Sabedoria e Clareza<\/strong><\/h3>\n\n\n\n<p>Quando nos conectamos com a Fonte, acessamos uma sabedoria intuitiva e profunda que transcende a l\u00f3gica e a raz\u00e3o. A medita\u00e7\u00e3o nos permite <strong>abrir espa\u00e7o para que essa sabedoria se manifeste<\/strong>, guiando-nos em nossas decis\u00f5es, clareando nossa vis\u00e3o e nos permitindo tomar decis\u00f5es mais alinhadas com nosso prop\u00f3sito superior.<\/p>\n\n\n\n<h3 class=\"wp-block-heading\">3. <strong>Transforma\u00e7\u00e3o Interior<\/strong><\/h3>\n\n\n\n<p>A medita\u00e7\u00e3o nos conecta com a nossa ess\u00eancia divina, e essa conex\u00e3o resulta em uma <strong>transforma\u00e7\u00e3o interior profunda<\/strong>. Conforme alinhamos nossa vida com a Fonte, nosso comportamento, nossos relacionamentos e nossa vis\u00e3o de mundo se tornam mais compassivos, equilibrados e elevados. As mudan\u00e7as come\u00e7am a acontecer de dentro para fora, \u00e0 medida que <strong>vivemos mais em harmonia com o fluxo universal<\/strong>.<\/p>\n\n\n\n<h3 class=\"wp-block-heading\">4. <strong>Cura Emocional e Espiritual<\/strong><\/h3>\n\n\n\n<p>A medita\u00e7\u00e3o nos permite entrar em contato com nosso eu profundo, onde as feridas emocionais podem ser curadas e as limita\u00e7\u00f5es espirituais dissolvidas. Quando meditamos, <strong>a energia da Fonte pode agir como um b\u00e1lsamo curativo<\/strong>, trazendo a cura para as partes de n\u00f3s que estavam bloqueadas ou feridas, restaurando nossa integridade e equil\u00edbrio.<\/p>\n\n\n\n<h2 class=\"wp-block-heading\">Como Meditar Para Conectar-se com a Fonte?<\/h2>\n\n\n\n<p>A pr\u00e1tica da medita\u00e7\u00e3o para conex\u00e3o com a Fonte envolve um processo simples, mas profundo. Aqui est\u00e3o algumas orienta\u00e7\u00f5es para come\u00e7ar:<\/p>\n\n\n\n<h3 class=\"wp-block-heading\">1. <strong>Encontre um Espa\u00e7o Silencioso<\/strong><\/h3>\n\n\n\n<p>Escolha um local tranquilo e sem distra\u00e7\u00f5es. A paz externa facilita a paz interna e permite que voc\u00ea se concentre na sua jornada interna.<\/p>\n\n\n\n<h3 class=\"wp-block-heading\">2. <strong>Respira\u00e7\u00e3o Consciente<\/strong><\/h3>\n\n\n\n<p>Comece focando na sua respira\u00e7\u00e3o. A respira\u00e7\u00e3o \u00e9 a ponte entre o corpo e a mente, e nos ajuda a ancorar a aten\u00e7\u00e3o no presente. Respire profundamente, sentindo o fluxo da vida entrar e sair de seu corpo. Deixe que cada respira\u00e7\u00e3o seja uma lembran\u00e7a da presen\u00e7a da Fonte em sua vida.<\/p>\n\n\n\n<h3 class=\"wp-block-heading\">3. <strong>Inten\u00e7\u00e3o de Conex\u00e3o<\/strong><\/h3>\n\n\n\n<p>Ao come\u00e7ar sua medita\u00e7\u00e3o, defina a inten\u00e7\u00e3o de se conectar com a Fonte. Pode ser \u00fatil visualizar ou sentir que voc\u00ea est\u00e1 <strong>sendo envolvido por uma luz divina<\/strong>, ou simplesmente lembrar que voc\u00ea \u00e9 uma express\u00e3o da energia universal. Abra-se para a experi\u00eancia de uni\u00e3o com o todo.<\/p>\n\n\n\n<h3 class=\"wp-block-heading\">4. <strong>Deixe a Mente Silenciar<\/strong><\/h3>\n\n\n\n<p>Embora os pensamentos surjam durante a medita\u00e7\u00e3o, n\u00e3o os rejeite nem se identifique com eles. Deixe-os passar como nuvens no c\u00e9u. Focar na respira\u00e7\u00e3o ou em um mantra simples, como \u201cEu sou\u201d, pode ajudar a <strong>silenciar a mente e permitir que voc\u00ea se conecte com a energia da Fonte<\/strong>.<\/p>\n\n\n\n<h3 class=\"wp-block-heading\">5. <strong>Confie no Processo<\/strong><\/h3>\n\n\n\n<p>A medita\u00e7\u00e3o n\u00e3o \u00e9 algo que deve ser for\u00e7ado. Confie que, com a pr\u00e1tica regular, voc\u00ea naturalmente se conectar\u00e1 com a Fonte. A medita\u00e7\u00e3o \u00e9 uma jornada, n\u00e3o uma meta a ser alcan\u00e7ada. A paci\u00eancia e a perseveran\u00e7a s\u00e3o fundamentais.<\/p>\n\n\n\n<h2 class=\"wp-block-heading\">A Medita\u00e7\u00e3o Como um Portal de Conex\u00e3o<\/h2>\n\n\n\n<p>Meditar \u00e9 muito mais do que uma t\u00e9cnica para acalmar a mente ou reduzir o estresse. \u00c9 uma jornada de reconex\u00e3o com a Fonte, com a ess\u00eancia divina que reside em cada um de n\u00f3s. Ao meditar, voc\u00ea se alinha com a verdade universal, experimenta uma paz profunda e uma sabedoria que transcendem o ego e as limita\u00e7\u00f5es do mundo material.<\/p>\n\n\n\n<p>A medita\u00e7\u00e3o \u00e9 um <strong>caminho de autodescoberta, cura e ilumina\u00e7\u00e3o<\/strong>, permitindo que voc\u00ea se torne um canal para a energia da Fonte. Ao cultivar essa pr\u00e1tica, voc\u00ea n\u00e3o s\u00f3 transforma sua pr\u00f3pria vida, mas tamb\u00e9m contribui para o bem-estar coletivo, espalhando luz, amor e sabedoria pelo mundo.<\/p>\n\n\n\n<p>Portanto, a medita\u00e7\u00e3o \u00e9, sem d\u00favida, <strong>o caminho de volta para casa<\/strong> \u2014 a casa que nunca foi deixada, a ess\u00eancia divina que sempre esteve presente dentro de voc\u00ea.<\/p>\n\n\n\n<p><\/p>\n\n\n\n<p><\/p>\n\n\n\n<p><mark style=\"background-color:rgba(0, 0, 0, 0);color:#ffffff\" class=\"has-inline-color\">.<\/mark><\/p>\n\n\n\n<p><mark style=\"background-color:rgba(0, 0, 0, 0);color:#ffffff\" class=\"has-inline-color\">.<\/mark><\/p>\n\n\n\n<p>\ud83c\udfa7 <strong>Playlist completa desse epis\u00f3dio no Youtube!<\/strong><\/p>\n\n\n\n<figure class=\"wp-block-embed is-type-video is-provider-youtube wp-block-embed-youtube wp-embed-aspect-16-9 wp-has-aspect-ratio\"><div class=\"wp-block-embed__wrapper\">\n<iframe loading=\"lazy\" title=\"Meditantes PodCast #40\" width=\"500\" height=\"281\" src=\"https:\/\/www.youtube.com\/embed\/videoseries?list=PLjXLCSmO7rtoFg0caSu1lYGkfD4xI6s0t\" frameborder=\"0\" allow=\"accelerometer; autoplay; clipboard-write; encrypted-media; gyroscope; picture-in-picture; web-share\" referrerpolicy=\"strict-origin-when-cross-origin\" allowfullscreen><\/iframe>\n<\/div><\/figure>\n\n\n\n<p><mark style=\"background-color:rgba(0, 0, 0, 0);color:#ffffff\" class=\"has-inline-color\">.<\/mark><\/p>\n\n\n\n<p><mark style=\"background-color:rgba(0, 0, 0, 0);color:#ffffff\" class=\"has-inline-color\">.<\/mark><\/p>\n\n\n\n<p>\ud83c\udfa7 <strong>Playlist completa desse epis\u00f3dio no Spotify<\/strong><\/p>\n\n\n\n<figure class=\"wp-block-embed is-type-rich is-provider-spotify wp-block-embed-spotify wp-embed-aspect-21-9 wp-has-aspect-ratio\"><div class=\"wp-block-embed__wrapper\">\n<iframe title=\"Spotify Embed: Meditantes PodCast #40\" style=\"border-radius: 12px\" width=\"100%\" height=\"352\" frameborder=\"0\" allowfullscreen allow=\"autoplay; clipboard-write; encrypted-media; fullscreen; picture-in-picture\" loading=\"lazy\" src=\"https:\/\/open.spotify.com\/embed\/playlist\/6Y5jYmXzFDnm0h4kaKOlPN?utm_source=oembed\"><\/iframe>\n<\/div><\/figure>\n\n\n\n<p><mark style=\"background-color:rgba(0, 0, 0, 0);color:#ffffff\" class=\"has-inline-color\">.<\/mark><\/p>\n\n\n\n<p><strong>Gostou?&nbsp;Comenta, compartilha\u2026<\/strong><\/p>\n\n\n\n<p><\/p>\n","protected":false},"excerpt":{"rendered":"<p>Meditar \u00e9 um convite para nos conectarmos com a Fonte, o ponto de origem que transcende a mente limitada e&hellip;<\/p>\n","protected":false},"author":1,"featured_media":0,"comment_status":"open","ping_status":"open","sticky":false,"template":"","format":"standard","meta":{"footnotes":""},"categories":[18,4,133],"tags":[],"class_list":["post-3946","post","type-post","status-publish","format-standard","hentry","category-temporada01","category-meditantes-podcast","category-meditantes-podcast-40"],"_links":{"self":[{"href":"https:\/\/meditantes.com.br\/news\/index.php?rest_route=\/wp\/v2\/posts\/3946","targetHints":{"allow":["GET"]}}],"collection":[{"href":"https:\/\/meditantes.com.br\/news\/index.php?rest_route=\/wp\/v2\/posts"}],"about":[{"href":"https:\/\/meditantes.com.br\/news\/index.php?rest_route=\/wp\/v2\/types\/post"}],"author":[{"embeddable":true,"href":"https:\/\/meditantes.com.br\/news\/index.php?rest_route=\/wp\/v2\/users\/1"}],"replies":[{"embeddable":true,"href":"https:\/\/meditantes.com.br\/news\/index.php?rest_route=%2Fwp%2Fv2%2Fcomments&post=3946"}],"version-history":[{"count":1,"href":"https:\/\/meditantes.com.br\/news\/index.php?rest_route=\/wp\/v2\/posts\/3946\/revisions"}],"predecessor-version":[{"id":3947,"href":"https:\/\/meditantes.com.br\/news\/index.php?rest_route=\/wp\/v2\/posts\/3946\/revisions\/3947"}],"wp:attachment":[{"href":"https:\/\/meditantes.com.br\/news\/index.php?rest_route=%2Fwp%2Fv2%2Fmedia&parent=3946"}],"wp:term":[{"taxonomy":"category","embeddable":true,"href":"https:\/\/meditantes.com.br\/news\/index.php?rest_route=%2Fwp%2Fv2%2Fcategories&post=3946"},{"taxonomy":"post_tag","embeddable":true,"href":"https:\/\/meditantes.com.br\/news\/index.php?rest_route=%2Fwp%2Fv2%2Ftags&post=3946"}],"curies":[{"name":"wp","href":"https:\/\/api.w.org\/{rel}","templated":true}]}}