{"id":3952,"date":"2024-01-08T18:00:00","date_gmt":"2024-01-08T18:00:00","guid":{"rendered":"https:\/\/meditantes.com.br\/news\/?p=3952"},"modified":"2024-11-20T13:59:04","modified_gmt":"2024-11-20T13:59:04","slug":"meditacao-para-idosos-com-liliana-centurine-meditantes-podcast-41","status":"publish","type":"post","link":"https:\/\/meditantes.com.br\/news\/?p=3952","title":{"rendered":"Medita\u00e7\u00e3o para Idosos com Liliana Centurine &#8211; Meditantes PodCast #41"},"content":{"rendered":"\n<p>A Medita\u00e7\u00e3o para idosos \u00e9 uma pr\u00e1tica de autodescoberta e rejuvenescimento, que vai al\u00e9m da tranquilidade mental, oferecendo benef\u00edcios profundos para o corpo e a alma. Para aqueles com mais de 60 anos, a medita\u00e7\u00e3o se torna uma poderosa ferramenta para manter a mente \u00e1gil, reduzir o estresse e cultivar um sentido renovado de prop\u00f3sito e paz interior. Ao se conectar com o momento presente, os idosos n\u00e3o s\u00f3 promovem a sa\u00fade emocional e f\u00edsica, mas tamb\u00e9m criam um espa\u00e7o de gratid\u00e3o e serenidade, descobrindo uma nova forma de viver com mais leveza e plenitude.<\/p>\n\n\n\n<p><\/p>\n\n\n\n<p><mark style=\"background-color:rgba(0, 0, 0, 0);color:#ffffff\" class=\"has-inline-color\">.<\/mark><\/p>\n\n\n\n<p><mark style=\"background-color:rgba(0, 0, 0, 0);color:#ffffff\" class=\"has-inline-color\">.<\/mark><\/p>\n\n\n\n<figure class=\"wp-block-embed is-type-video is-provider-youtube wp-block-embed-youtube wp-embed-aspect-16-9 wp-has-aspect-ratio\"><div class=\"wp-block-embed__wrapper\">\n<iframe loading=\"lazy\" title=\"Medita\u00e7\u00e3o para Idosos - Meditantes PodCast #41\" width=\"500\" height=\"281\" src=\"https:\/\/www.youtube.com\/embed\/ghi8BchvclA?list=PLjXLCSmO7rtql89DIapgHrqg1rCJ0mdfT\" frameborder=\"0\" allow=\"accelerometer; autoplay; clipboard-write; encrypted-media; gyroscope; picture-in-picture; web-share\" referrerpolicy=\"strict-origin-when-cross-origin\" allowfullscreen><\/iframe>\n<\/div><\/figure>\n\n\n\n<p><mark style=\"background-color:rgba(0, 0, 0, 0);color:#ffffff\" class=\"has-inline-color\">.<\/mark><\/p>\n\n\n\n<p><mark style=\"background-color:rgba(0, 0, 0, 0);color:#ffffff\" class=\"has-inline-color\">.<\/mark><\/p>\n\n\n\n<p><\/p>\n\n\n\n<p>A medita\u00e7\u00e3o \u00e9 uma pr\u00e1tica universal, capaz de transformar vidas em qualquer fase da exist\u00eancia. Para os idosos, aqueles com mais de 60 anos, a medita\u00e7\u00e3o oferece uma rica oportunidade de aprimorar o bem-estar f\u00edsico, mental e espiritual. \u00c0 medida que o tempo avan\u00e7a, o corpo e a mente enfrentam desafios pr\u00f3prios dessa fase da vida, mas \u00e9 justamente atrav\u00e9s de pr\u00e1ticas como a medita\u00e7\u00e3o que \u00e9 poss\u00edvel encontrar uma nova forma de viver, com mais qualidade, serenidade e conex\u00e3o.<\/p>\n\n\n\n<p>Neste artigo, vamos explorar como a medita\u00e7\u00e3o pode beneficiar os idosos, as pr\u00e1ticas mais adequadas para essa faixa et\u00e1ria e como essa jornada de medita\u00e7\u00e3o pode ser profundamente transformadora, promovendo sa\u00fade, paz interior e rejuvenescimento emocional.<\/p>\n\n\n\n<h3 class=\"wp-block-heading\"><strong>Os Benef\u00edcios da Medita\u00e7\u00e3o para Idosos<\/strong><\/h3>\n\n\n\n<p>A medita\u00e7\u00e3o \u00e9 uma pr\u00e1tica milenar que traz benef\u00edcios comprovados para todas as idades, mas para os idosos, suas qualidades terap\u00eauticas s\u00e3o especialmente valiosas. Com o passar dos anos, os idosos podem enfrentar desafios como a diminui\u00e7\u00e3o da mobilidade, a solid\u00e3o, o estresse, a ansiedade, problemas de mem\u00f3ria e at\u00e9 mesmo doen\u00e7as f\u00edsicas e mentais, como a artrite e a depress\u00e3o. A medita\u00e7\u00e3o se apresenta como uma poderosa ferramenta para lidar com esses desafios e melhorar a qualidade de vida de forma hol\u00edstica.<\/p>\n\n\n\n<h4 class=\"wp-block-heading\"><strong>1. Redu\u00e7\u00e3o do Estresse e Ansiedade<\/strong><\/h4>\n\n\n\n<p>Um dos maiores benef\u00edcios da medita\u00e7\u00e3o para idosos \u00e9 a redu\u00e7\u00e3o do estresse e da ansiedade. A medita\u00e7\u00e3o proporciona uma pausa na mente, permitindo que os idosos se desconectem das preocupa\u00e7\u00f5es cotidianas. Isso promove um estado de tranquilidade e paz interior, fundamental para aqueles que podem estar lidando com preocupa\u00e7\u00f5es relacionadas \u00e0 sa\u00fade, perdas familiares ou outras dificuldades.<\/p>\n\n\n\n<p><strong>Como funciona:<\/strong> Ao meditar, a pessoa entra em um estado de relaxamento profundo, onde a atividade mental diminui e as ondas cerebrais se tornam mais lentas e calmas. Isso contribui para a redu\u00e7\u00e3o dos n\u00edveis de cortisol (horm\u00f4nio do estresse) e promove uma sensa\u00e7\u00e3o geral de bem-estar.<\/p>\n\n\n\n<h4 class=\"wp-block-heading\"><strong>2. Melhora da Sa\u00fade Mental e Preven\u00e7\u00e3o de Doen\u00e7as Neurodegenerativas<\/strong><\/h4>\n\n\n\n<p>A pr\u00e1tica regular de medita\u00e7\u00e3o tem sido associada \u00e0 melhoria da fun\u00e7\u00e3o cerebral e \u00e0 preven\u00e7\u00e3o de doen\u00e7as neurodegenerativas, como o Alzheimer. Estudos indicam que a medita\u00e7\u00e3o pode aumentar a plasticidade cerebral, ajudando a fortalecer as conex\u00f5es neurais e at\u00e9 mesmo a aumentar a mem\u00f3ria e a concentra\u00e7\u00e3o. Para os idosos, isso \u00e9 especialmente importante, pois a medita\u00e7\u00e3o pode melhorar a sa\u00fade cognitiva, promovendo a clareza mental.<\/p>\n\n\n\n<p><strong>Como funciona:<\/strong> A medita\u00e7\u00e3o aumenta a espessura do c\u00f3rtex cerebral, particularmente em \u00e1reas relacionadas \u00e0 mem\u00f3ria e ao controle da aten\u00e7\u00e3o, o que ajuda a melhorar a capacidade de concentra\u00e7\u00e3o e mem\u00f3ria em geral.<\/p>\n\n\n\n<h4 class=\"wp-block-heading\"><strong>3. Al\u00edvio de Dores Cr\u00f4nicas e Melhor Controle de Doen\u00e7as<\/strong><\/h4>\n\n\n\n<p>A medita\u00e7\u00e3o pode tamb\u00e9m ser um grande aliado no controle de dores cr\u00f4nicas e em doen\u00e7as como artrite, diabetes e hipertens\u00e3o. Ela promove uma diminui\u00e7\u00e3o na percep\u00e7\u00e3o da dor, permitindo que o idoso lide melhor com as limita\u00e7\u00f5es f\u00edsicas que a idade pode trazer.<\/p>\n\n\n\n<p><strong>Como funciona:<\/strong> Ao focar na respira\u00e7\u00e3o e em sensa\u00e7\u00f5es corporais, a medita\u00e7\u00e3o ensina o indiv\u00edduo a se desconectar da dor, percebendo-a de maneira diferente. Al\u00e9m disso, estudos mostram que a pr\u00e1tica de mindfulness (aten\u00e7\u00e3o plena) pode reduzir a intensidade da dor e melhorar a resposta emocional \u00e0 condi\u00e7\u00e3o.<\/p>\n\n\n\n<h4 class=\"wp-block-heading\"><strong>4. Melhora na Qualidade do Sono<\/strong><\/h4>\n\n\n\n<p>A ins\u00f4nia e os dist\u00farbios do sono s\u00e3o comuns entre os idosos. A medita\u00e7\u00e3o ajuda a acalmar a mente, diminuindo a agita\u00e7\u00e3o mental que frequentemente impede o sono reparador. T\u00e9cnicas meditativas, como a aten\u00e7\u00e3o plena e a visualiza\u00e7\u00e3o, podem ser \u00fateis para induzir um estado de relaxamento profundo, facilitando o sono e a recupera\u00e7\u00e3o.<\/p>\n\n\n\n<p><strong>Como funciona:<\/strong> A pr\u00e1tica de t\u00e9cnicas de relaxamento, como o foco na respira\u00e7\u00e3o ou medita\u00e7\u00f5es guiadas, ativa o sistema nervoso parassimp\u00e1tico, que reduz a ansiedade e prepara o corpo para o sono.<\/p>\n\n\n\n<h4 class=\"wp-block-heading\"><strong>5. Promo\u00e7\u00e3o da Paz Interior e Equil\u00edbrio Emocional<\/strong><\/h4>\n\n\n\n<p>Para os idosos, que muitas vezes enfrentam perdas significativas, como a perda de amigos ou familiares, ou mesmo quest\u00f5es existenciais sobre o prop\u00f3sito da vida, a medita\u00e7\u00e3o oferece uma via para a cura emocional. Ao focar no momento presente, a pr\u00e1tica meditativa ajuda a liberar a tristeza e as emo\u00e7\u00f5es negativas, promovendo uma sensa\u00e7\u00e3o de conex\u00e3o com a vida e com os outros.<\/p>\n\n\n\n<p><strong>Como funciona:<\/strong> A medita\u00e7\u00e3o ajuda a aumentar a autoconsci\u00eancia e a aceita\u00e7\u00e3o. O idoso aprende a lidar com suas emo\u00e7\u00f5es de uma maneira mais equilibrada, o que contribui para uma sensa\u00e7\u00e3o de paz interior.<\/p>\n\n\n\n<h3 class=\"wp-block-heading\"><strong>Pr\u00e1ticas de Medita\u00e7\u00e3o para Idosos<\/strong><\/h3>\n\n\n\n<p>A medita\u00e7\u00e3o para idosos pode ser adaptada para atender \u00e0s necessidades e limita\u00e7\u00f5es dessa faixa et\u00e1ria. A seguir, apresentamos algumas das pr\u00e1ticas mais eficazes e acess\u00edveis para os mais velhos.<\/p>\n\n\n\n<h4 class=\"wp-block-heading\"><strong>1. Medita\u00e7\u00e3o da Respira\u00e7\u00e3o<\/strong><\/h4>\n\n\n\n<p>A medita\u00e7\u00e3o da respira\u00e7\u00e3o \u00e9 uma das formas mais simples e poderosas de medita\u00e7\u00e3o, ideal para iniciantes e para aqueles que preferem uma pr\u00e1tica mais tranquila e acess\u00edvel. Focar na respira\u00e7\u00e3o ajuda a centrar a mente e promove um estado de relaxamento profundo.<\/p>\n\n\n\n<p><strong>Como praticar:<\/strong> Encontre uma posi\u00e7\u00e3o confort\u00e1vel, de prefer\u00eancia sentado, com a coluna reta e os p\u00e9s no ch\u00e3o. Respire lentamente e de forma consciente, observando a entrada e a sa\u00edda do ar. Se a mente se distrair, gentilmente traga a aten\u00e7\u00e3o de volta para a respira\u00e7\u00e3o.<\/p>\n\n\n\n<h4 class=\"wp-block-heading\"><strong>2. Medita\u00e7\u00e3o Guiada<\/strong><\/h4>\n\n\n\n<p>A medita\u00e7\u00e3o guiada \u00e9 ideal para idosos que talvez n\u00e3o se sintam t\u00e3o \u00e0 vontade em meditar sozinhos. Existem v\u00e1rias grava\u00e7\u00f5es e v\u00eddeos de medita\u00e7\u00f5es guiadas, onde um instrutor orienta passo a passo o processo, proporcionando uma experi\u00eancia mais imersiva.<\/p>\n\n\n\n<p><strong>Como praticar:<\/strong> Use \u00e1udios de medita\u00e7\u00e3o guiada, que podem ser encontrados em aplicativos de medita\u00e7\u00e3o ou plataformas online. Siga as instru\u00e7\u00f5es do guia para visualizar cen\u00e1rios tranquilos ou praticar a respira\u00e7\u00e3o, sempre com a inten\u00e7\u00e3o de relaxar profundamente.<\/p>\n\n\n\n<h4 class=\"wp-block-heading\"><strong>3. Mindfulness (Aten\u00e7\u00e3o Plena)<\/strong><\/h4>\n\n\n\n<p>O mindfulness ou aten\u00e7\u00e3o plena \u00e9 uma pr\u00e1tica de estar totalmente presente no momento, observando os pensamentos, sentimentos e sensa\u00e7\u00f5es sem julgamento. Essa pr\u00e1tica \u00e9 especialmente \u00fatil para idosos que buscam uma maneira de se conectar com o presente e aliviar o estresse do dia a dia.<\/p>\n\n\n\n<p><strong>Como praticar:<\/strong> No cotidiano, pratique estar totalmente presente enquanto faz atividades simples, como comer, caminhar ou tomar banho. Preste aten\u00e7\u00e3o nos detalhes, nas sensa\u00e7\u00f5es e nos sentimentos que surgem, mantendo a mente quieta e focada no momento.<\/p>\n\n\n\n<h4 class=\"wp-block-heading\"><strong>4. Medita\u00e7\u00e3o de Gratid\u00e3o<\/strong><\/h4>\n\n\n\n<p>A medita\u00e7\u00e3o de gratid\u00e3o envolve focar em tudo o que voc\u00ea \u00e9 grato em sua vida. Para os idosos, isso pode ser uma maneira muito eficaz de cultivar uma mentalidade positiva e melhorar o estado emocional.<\/p>\n\n\n\n<p><strong>Como praticar:<\/strong> Feche os olhos e reflita sobre as coisas pelas quais voc\u00ea \u00e9 grato. Pode ser algo simples, como um bom dia de sol, a companhia de um amigo ou a sa\u00fade. Sinta no cora\u00e7\u00e3o a gratid\u00e3o por cada uma dessas coisas.<\/p>\n\n\n\n<h3 class=\"wp-block-heading\"><strong>Como Iniciar e Manter uma Pr\u00e1tica de Medita\u00e7\u00e3o<\/strong><\/h3>\n\n\n\n<p>Para come\u00e7ar a meditar, o idoso n\u00e3o precisa de muita experi\u00eancia ou preparo. Apenas algumas orienta\u00e7\u00f5es e pr\u00e1tica constante podem levar a grandes transforma\u00e7\u00f5es. Aqui est\u00e3o algumas dicas:<\/p>\n\n\n\n<ol class=\"wp-block-list\">\n<li><strong>Comece devagar<\/strong>: Inicie com sess\u00f5es curtas, de 5 a 10 minutos, e aumente gradualmente o tempo conforme se sentir confort\u00e1vel.<\/li>\n\n\n\n<li><strong>Encontre um hor\u00e1rio adequado<\/strong>: Escolha um momento tranquilo do dia, como de manh\u00e3 ou antes de dormir, para meditar.<\/li>\n\n\n\n<li><strong>Crie uma rotina<\/strong>: A pr\u00e1tica regular traz resultados mais profundos. Tente meditar todos os dias, se poss\u00edvel.<\/li>\n\n\n\n<li><strong>Seja paciente<\/strong>: O processo de medita\u00e7\u00e3o \u00e9 gradual. N\u00e3o se preocupe se n\u00e3o sentir resultados imediatos. O importante \u00e9 a persist\u00eancia.<\/li>\n<\/ol>\n\n\n\n<h3 class=\"wp-block-heading\"><strong>A Medita\u00e7\u00e3o como Caminho para uma Vida Mais Plena<\/strong><\/h3>\n\n\n\n<p>A medita\u00e7\u00e3o \u00e9 uma pr\u00e1tica universal que pode enriquecer a vida dos idosos, proporcionando benef\u00edcios imensos para a sa\u00fade mental, emocional e f\u00edsica. \u00c0 medida que envelhecemos, a medita\u00e7\u00e3o se torna uma ferramenta indispens\u00e1vel para manter a mente tranquila, o corpo saud\u00e1vel e o esp\u00edrito vibrante. Ao adotar uma pr\u00e1tica regular de medita\u00e7\u00e3o, os idosos podem n\u00e3o s\u00f3 melhorar a qualidade de vida, mas tamb\u00e9m transformar a pr\u00f3pria experi\u00eancia da idade avan\u00e7ada, com mais serenidade, gratid\u00e3o e conex\u00e3o com o presente.<\/p>\n\n\n\n<p><\/p>\n\n\n\n<p><\/p>\n\n\n\n<p><mark style=\"background-color:rgba(0, 0, 0, 0);color:#ffffff\" class=\"has-inline-color\">.<\/mark><\/p>\n\n\n\n<p><mark style=\"background-color:rgba(0, 0, 0, 0);color:#ffffff\" class=\"has-inline-color\">.<\/mark><\/p>\n\n\n\n<p>\ud83c\udfa7 <strong>Playlist completa desse epis\u00f3dio no Youtube!<\/strong><\/p>\n\n\n\n<figure class=\"wp-block-embed is-type-video is-provider-youtube wp-block-embed-youtube wp-embed-aspect-16-9 wp-has-aspect-ratio\"><div class=\"wp-block-embed__wrapper\">\n<iframe loading=\"lazy\" title=\"Meditantes PodCast #41\" width=\"500\" height=\"281\" src=\"https:\/\/www.youtube.com\/embed\/videoseries?list=PLjXLCSmO7rtql89DIapgHrqg1rCJ0mdfT\" frameborder=\"0\" allow=\"accelerometer; autoplay; clipboard-write; encrypted-media; gyroscope; picture-in-picture; web-share\" referrerpolicy=\"strict-origin-when-cross-origin\" allowfullscreen><\/iframe>\n<\/div><\/figure>\n\n\n\n<p><mark style=\"background-color:rgba(0, 0, 0, 0);color:#ffffff\" class=\"has-inline-color\">.<\/mark><\/p>\n\n\n\n<p><mark style=\"background-color:rgba(0, 0, 0, 0);color:#ffffff\" class=\"has-inline-color\">.<\/mark><\/p>\n\n\n\n<p>\ud83c\udfa7 <strong>Playlist completa desse epis\u00f3dio no Spotify<\/strong><\/p>\n\n\n\n<figure class=\"wp-block-embed is-type-rich is-provider-spotify wp-block-embed-spotify wp-embed-aspect-21-9 wp-has-aspect-ratio\"><div class=\"wp-block-embed__wrapper\">\n<iframe title=\"Spotify Embed: Meditantes PodCast #41\" style=\"border-radius: 12px\" width=\"100%\" height=\"352\" frameborder=\"0\" allowfullscreen allow=\"autoplay; clipboard-write; encrypted-media; fullscreen; picture-in-picture\" loading=\"lazy\" src=\"https:\/\/open.spotify.com\/embed\/playlist\/3MeWPfuv1XD5ciJnjvtbQP?utm_source=oembed\"><\/iframe>\n<\/div><\/figure>\n\n\n\n<p><mark style=\"background-color:rgba(0, 0, 0, 0);color:#ffffff\" class=\"has-inline-color\">.<\/mark><\/p>\n\n\n\n<p><strong>Gostou?&nbsp;Comenta, compartilha\u2026<\/strong><\/p>\n\n\n\n<p><\/p>\n","protected":false},"excerpt":{"rendered":"<p>A Medita\u00e7\u00e3o para idosos \u00e9 uma pr\u00e1tica de autodescoberta e rejuvenescimento, que vai al\u00e9m da tranquilidade mental, oferecendo benef\u00edcios profundos&hellip;<\/p>\n","protected":false},"author":1,"featured_media":0,"comment_status":"open","ping_status":"open","sticky":false,"template":"","format":"standard","meta":{"footnotes":""},"categories":[18,4,134],"tags":[],"class_list":["post-3952","post","type-post","status-publish","format-standard","hentry","category-temporada01","category-meditantes-podcast","category-meditantes-podcast-41"],"_links":{"self":[{"href":"https:\/\/meditantes.com.br\/news\/index.php?rest_route=\/wp\/v2\/posts\/3952","targetHints":{"allow":["GET"]}}],"collection":[{"href":"https:\/\/meditantes.com.br\/news\/index.php?rest_route=\/wp\/v2\/posts"}],"about":[{"href":"https:\/\/meditantes.com.br\/news\/index.php?rest_route=\/wp\/v2\/types\/post"}],"author":[{"embeddable":true,"href":"https:\/\/meditantes.com.br\/news\/index.php?rest_route=\/wp\/v2\/users\/1"}],"replies":[{"embeddable":true,"href":"https:\/\/meditantes.com.br\/news\/index.php?rest_route=%2Fwp%2Fv2%2Fcomments&post=3952"}],"version-history":[{"count":2,"href":"https:\/\/meditantes.com.br\/news\/index.php?rest_route=\/wp\/v2\/posts\/3952\/revisions"}],"predecessor-version":[{"id":3955,"href":"https:\/\/meditantes.com.br\/news\/index.php?rest_route=\/wp\/v2\/posts\/3952\/revisions\/3955"}],"wp:attachment":[{"href":"https:\/\/meditantes.com.br\/news\/index.php?rest_route=%2Fwp%2Fv2%2Fmedia&parent=3952"}],"wp:term":[{"taxonomy":"category","embeddable":true,"href":"https:\/\/meditantes.com.br\/news\/index.php?rest_route=%2Fwp%2Fv2%2Fcategories&post=3952"},{"taxonomy":"post_tag","embeddable":true,"href":"https:\/\/meditantes.com.br\/news\/index.php?rest_route=%2Fwp%2Fv2%2Ftags&post=3952"}],"curies":[{"name":"wp","href":"https:\/\/api.w.org\/{rel}","templated":true}]}}