{"id":3954,"date":"2024-01-08T18:01:00","date_gmt":"2024-01-08T18:01:00","guid":{"rendered":"https:\/\/meditantes.com.br\/news\/?p=3954"},"modified":"2024-11-20T14:44:56","modified_gmt":"2024-11-20T14:44:56","slug":"a-meditacao-veio-dos-convites-do-deserto","status":"publish","type":"post","link":"https:\/\/meditantes.com.br\/news\/?p=3954","title":{"rendered":"A Medita\u00e7\u00e3o veio dos Convites do Deserto"},"content":{"rendered":"\n<p><em>A medita\u00e7\u00e3o, com suas ra\u00edzes profundas e antigas, nasceu dos convites silenciosos e serenos do deserto, onde a imensid\u00e3o do vazio e o sil\u00eancio absoluto se tornaram mestres que guiavam os buscadores \u00e0 verdadeira ess\u00eancia do ser. Nesses espa\u00e7os de quietude e reflex\u00e3o, os antigos s\u00e1bios, longe das distra\u00e7\u00f5es do mundo, encontraram o convite para mergulhar em si mesmos, transcendendo as limita\u00e7\u00f5es da mente e alcan\u00e7ando a profundidade da paz interior. Como um rio calmo que corre sob a superf\u00edcie do deserto, a medita\u00e7\u00e3o \u00e9 o retorno a esse lugar primordial, onde a conex\u00e3o com o divino e a verdade se torna clara, simples e transformadora.<\/em><\/p>\n\n\n\n<p><\/p>\n\n\n\n<p><mark style=\"background-color:rgba(0, 0, 0, 0);color:#ffffff\" class=\"has-inline-color\">.<\/mark><\/p>\n\n\n\n<p><mark style=\"background-color:rgba(0, 0, 0, 0);color:#ffffff\" class=\"has-inline-color\">.<\/mark><\/p>\n\n\n\n<figure class=\"wp-block-embed is-type-video is-provider-youtube wp-block-embed-youtube wp-embed-aspect-16-9 wp-has-aspect-ratio\"><div class=\"wp-block-embed__wrapper\">\n<iframe loading=\"lazy\" title=\"A Medita\u00e7\u00e3o veio dos Convites do Deserto - Meditantes PodCast #41\" width=\"500\" height=\"281\" src=\"https:\/\/www.youtube.com\/embed\/YkMdxfz6Ts4?list=PLjXLCSmO7rtql89DIapgHrqg1rCJ0mdfT\" frameborder=\"0\" allow=\"accelerometer; autoplay; clipboard-write; encrypted-media; gyroscope; picture-in-picture; web-share\" referrerpolicy=\"strict-origin-when-cross-origin\" allowfullscreen><\/iframe>\n<\/div><\/figure>\n\n\n\n<p><mark style=\"background-color:rgba(0, 0, 0, 0);color:#ffffff\" class=\"has-inline-color\">.<\/mark><\/p>\n\n\n\n<p><mark style=\"background-color:rgba(0, 0, 0, 0);color:#ffffff\" class=\"has-inline-color\">.<\/mark><\/p>\n\n\n\n<p><\/p>\n\n\n\n<h3 class=\"wp-block-heading\"><strong>Uma Jornada Espiritual de Reflex\u00e3o e Autoconhecimento<\/strong><\/h3>\n\n\n\n<p>A medita\u00e7\u00e3o, como pr\u00e1tica de introspec\u00e7\u00e3o e transforma\u00e7\u00e3o interior, tem suas ra\u00edzes em diversas tradi\u00e7\u00f5es espirituais ao redor do mundo. Contudo, um aspecto muitas vezes esquecido de sua origem remonta aos \u201cConvites do Deserto\u201d \u2013 um conceito profundo, m\u00edstico e ancestral que surge das experi\u00eancias de retiro e isolamento espiritual. O deserto, em muitas tradi\u00e7\u00f5es religiosas, \u00e9 visto n\u00e3o apenas como um lugar geogr\u00e1fico, mas tamb\u00e9m como um espa\u00e7o simb\u00f3lico de purifica\u00e7\u00e3o, sil\u00eancio e reconex\u00e3o com o divino.<\/p>\n\n\n\n<p>Neste artigo, exploraremos como a pr\u00e1tica de medita\u00e7\u00e3o tem suas origens nos convites m\u00edsticos do deserto, como esse cen\u00e1rio serviu como um laborat\u00f3rio espiritual para a transforma\u00e7\u00e3o humana e como esses convites continuam a ser uma fonte de inspira\u00e7\u00e3o para os praticantes de medita\u00e7\u00e3o at\u00e9 hoje.<\/p>\n\n\n\n<h3 class=\"wp-block-heading\"><strong>O Deserto como S\u00edmbolo Espiritual<\/strong><\/h3>\n\n\n\n<p>O deserto, em muitas tradi\u00e7\u00f5es religiosas e espirituais, n\u00e3o \u00e9 apenas uma extens\u00e3o \u00e1rida e est\u00e9ril, mas um espa\u00e7o sagrado onde o ser humano \u00e9 chamado a se confrontar com sua pr\u00f3pria ess\u00eancia, sem distra\u00e7\u00f5es externas. \u00c9 um lugar de isolamento, mas tamb\u00e9m de profunda renova\u00e7\u00e3o espiritual. A jornada pelo deserto \u00e9, simbolicamente, a jornada interior de busca pelo autoconhecimento e pela conex\u00e3o com o divino.<\/p>\n\n\n\n<h4 class=\"wp-block-heading\"><strong>1. A Tradi\u00e7\u00e3o Judaico-Crist\u00e3: O Deserto como Lugar de Encontro com Deus<\/strong><\/h4>\n\n\n\n<p>Na tradi\u00e7\u00e3o crist\u00e3, a hist\u00f3ria do deserto \u00e9 central para compreender o processo de medita\u00e7\u00e3o e introspec\u00e7\u00e3o. O pr\u00f3prio Jesus, ap\u00f3s o batismo, se retirou para o deserto, onde passou 40 dias em jejum e ora\u00e7\u00e3o, enfrentando tenta\u00e7\u00f5es e encontrando o chamado divino para sua miss\u00e3o. Este retiro no deserto \u00e9 considerado um dos momentos mais significativos de sua vida, pois ele se separou do mundo exterior para entrar em contato com o divino de maneira profunda e direta.<\/p>\n\n\n\n<p>Al\u00e9m de Jesus, muitas figuras do Antigo Testamento, como Mois\u00e9s e os profetas, tamb\u00e9m passaram per\u00edodos no deserto. O deserto, portanto, se torna um cen\u00e1rio de transcend\u00eancia, onde as distra\u00e7\u00f5es do mundo s\u00e3o deixadas para tr\u00e1s, e a alma pode se purificar e se renovar.<\/p>\n\n\n\n<h4 class=\"wp-block-heading\"><strong>2. O Deserto e os Primeiros Monges Crist\u00e3os: A Medita\u00e7\u00e3o como Caminho de Purifica\u00e7\u00e3o<\/strong><\/h4>\n\n\n\n<p>Nos primeiros s\u00e9culos do cristianismo, o deserto foi um local de escolha para os primeiros eremitas e monges. Santo Ant\u00e3o, por exemplo, \u00e9 considerado o fundador do monaquismo crist\u00e3o e retirou-se para o deserto eg\u00edpcio, onde passou a maior parte de sua vida em ora\u00e7\u00e3o e medita\u00e7\u00e3o, buscando a uni\u00e3o com Deus. Os chamados \u201cPadres do Deserto\u201d foram figuras espirituais que se afastaram da sociedade para buscar a santidade por meio do sil\u00eancio, da contempla\u00e7\u00e3o e da medita\u00e7\u00e3o profunda.<\/p>\n\n\n\n<p>Esses monges e eremitas viviam em condi\u00e7\u00f5es extremas, mas viam o deserto como o local ideal para desenvolverem sua pr\u00e1tica de medita\u00e7\u00e3o, longe das distra\u00e7\u00f5es da vida cotidiana. Para eles, a medita\u00e7\u00e3o n\u00e3o era apenas uma pr\u00e1tica mental, mas uma experi\u00eancia integral de corpo, mente e esp\u00edrito, um caminho para purificar as inten\u00e7\u00f5es e aproximar-se do divino.<\/p>\n\n\n\n<h4 class=\"wp-block-heading\"><strong>3. A Pr\u00e1tica do Deserto: Uma Reflex\u00e3o Contemplativa<\/strong><\/h4>\n\n\n\n<p>No contexto isl\u00e2mico, o deserto tamb\u00e9m tem uma forte conex\u00e3o com o misticismo e a medita\u00e7\u00e3o. O Isl\u00e3 Sufi, por exemplo, busca no deserto um espa\u00e7o de encontro com a verdade divina. Os sufis praticam uma medita\u00e7\u00e3o profunda e introspectiva, buscando a uni\u00e3o com o divino atrav\u00e9s do sil\u00eancio e da reflex\u00e3o interna. Para eles, o deserto simboliza a pureza, onde o ego \u00e9 despojado e a alma se prepara para a experi\u00eancia direta de Deus.<\/p>\n\n\n\n<p>Os mestres sufis muitas vezes retiravam-se para locais isolados, longe da vida mundana, para meditar, refletir e buscar a conex\u00e3o com a realidade transcendental. O deserto, com suas vastas e silenciosas paisagens, representava um estado de vazio onde a presen\u00e7a divina poderia ser experimentada de maneira mais intensa.<\/p>\n\n\n\n<h3 class=\"wp-block-heading\"><strong>A Medita\u00e7\u00e3o como Resposta aos Convites do Deserto<\/strong><\/h3>\n\n\n\n<p>Os \u201cConvites do Deserto\u201d n\u00e3o se limitam apenas a um local f\u00edsico, mas se estendem para um convite interno, uma chamada espiritual para a introspec\u00e7\u00e3o. A medita\u00e7\u00e3o, nesse contexto, surge como uma resposta a esse convite. Ao retirar-se do mundo externo e adentrar o deserto interior, o indiv\u00edduo \u00e9 convidado a silenciar sua mente e ouvir as mensagens profundas que emergem do seu ser mais \u00edntimo.<\/p>\n\n\n\n<h4 class=\"wp-block-heading\"><strong>1. O Sil\u00eancio como Pr\u00e1tica Espiritual<\/strong><\/h4>\n\n\n\n<p>O deserto simboliza o sil\u00eancio absoluto, um estado onde as palavras e os sons se dissolvem, permitindo ao meditador acessar uma dimens\u00e3o mais profunda da consci\u00eancia. Esse sil\u00eancio n\u00e3o \u00e9 apenas a aus\u00eancia de ru\u00eddo externo, mas a quietude da mente, onde os pensamentos e as preocupa\u00e7\u00f5es se aquietam. A medita\u00e7\u00e3o, neste contexto, \u00e9 o caminho para alcan\u00e7ar esse estado de sil\u00eancio interior, onde a verdadeira sabedoria pode emergir.<\/p>\n\n\n\n<h4 class=\"wp-block-heading\"><strong>2. A Purifica\u00e7\u00e3o pelo Vazio<\/strong><\/h4>\n\n\n\n<p>Assim como o deserto \u00e9 visto como um lugar de purifica\u00e7\u00e3o espiritual, a medita\u00e7\u00e3o tamb\u00e9m \u00e9 um processo de purifica\u00e7\u00e3o da mente e das emo\u00e7\u00f5es. Ao se retirar da agita\u00e7\u00e3o do mundo, a mente pode ser limpa de condicionamentos, cren\u00e7as limitantes e preocupa\u00e7\u00f5es. A pr\u00e1tica meditativa permite ao indiv\u00edduo entrar em contato com o vazio que existe dentro de si, um espa\u00e7o onde a alma pode se renovar, longe das distra\u00e7\u00f5es e influ\u00eancias externas.<\/p>\n\n\n\n<h4 class=\"wp-block-heading\"><strong>3. Enfrentando as Tempestades Internas<\/strong><\/h4>\n\n\n\n<p>No deserto, o clima pode ser imprevis\u00edvel, com tempestades repentinas e fortes rajadas de vento. De maneira semelhante, a medita\u00e7\u00e3o nos convida a enfrentar nossas pr\u00f3prias tempestades internas: emo\u00e7\u00f5es reprimidas, medos e inseguran\u00e7as. Ao meditar, o indiv\u00edduo se torna mais consciente de suas rea\u00e7\u00f5es e pensamentos, permitindo-lhe navegar pelas dificuldades internas com maior clareza e serenidade.<\/p>\n\n\n\n<p>A pr\u00e1tica da medita\u00e7\u00e3o \u00e9 um convite para enfrentar os desafios internos de maneira tranquila, sem se deixar levar pela turbul\u00eancia emocional. Como no deserto, onde a perseveran\u00e7a e a paci\u00eancia s\u00e3o necess\u00e1rias para sobreviver, a medita\u00e7\u00e3o tamb\u00e9m exige persist\u00eancia e autoconhecimento para atravessar os tempos dif\u00edceis.<\/p>\n\n\n\n<h3 class=\"wp-block-heading\"><strong>O Deserto e a Ilumina\u00e7\u00e3o Interior: Uma Jornada Transformadora<\/strong><\/h3>\n\n\n\n<p>A jornada para o deserto, seja f\u00edsica ou metaf\u00f3rica, \u00e9, em \u00faltima inst\u00e2ncia, uma jornada de transforma\u00e7\u00e3o. A medita\u00e7\u00e3o, como resposta a esse chamado, proporciona um caminho para alcan\u00e7ar uma compreens\u00e3o mais profunda da vida e de nosso prop\u00f3sito. Ao adentrarmos o deserto interior, somos despojados de nossas m\u00e1scaras e dos adornos da vida cotidiana, ficando nu diante de n\u00f3s mesmos.<\/p>\n\n\n\n<p>Ao seguir essa jornada de introspec\u00e7\u00e3o e medita\u00e7\u00e3o, o praticante \u00e9 guiado pela luz interior, atingindo um estado de clareza e ilumina\u00e7\u00e3o. O deserto, embora \u00e1rido e desolado, cont\u00e9m a promessa de um renascimento, de uma transforma\u00e7\u00e3o profunda que nos permite conectar com algo maior do que n\u00f3s mesmos.<\/p>\n\n\n\n<h3 class=\"wp-block-heading\"><strong> O Deserto como Convite para a Medita\u00e7\u00e3o Profunda<\/strong><\/h3>\n\n\n\n<p>A medita\u00e7\u00e3o, como pr\u00e1tica de autoconhecimento e espiritualidade, tem profundas ra\u00edzes nos &#8220;Convites do Deserto&#8221;. Em diversas tradi\u00e7\u00f5es espirituais, o deserto \u00e9 mais do que um local f\u00edsico; \u00e9 um espa\u00e7o simb\u00f3lico de purifica\u00e7\u00e3o, introspec\u00e7\u00e3o e conex\u00e3o com o divino. Assim como os antigos eremitas e mestres espirituais se retiraram para o deserto em busca de ilumina\u00e7\u00e3o e paz interior, a medita\u00e7\u00e3o continua a ser um convite para n\u00f3s, hoje, a fazer o mesmo.<\/p>\n\n\n\n<p>O deserto, em sua vastid\u00e3o silenciosa, nos ensina que, ao nos afastarmos das distra\u00e7\u00f5es do mundo, podemos encontrar a verdadeira paz interior e a conex\u00e3o com algo transcendental. A medita\u00e7\u00e3o \u00e9 o caminho que nos leva a essa experi\u00eancia profunda e transformadora, revelando a sabedoria e a clareza que surgem quando silenciamos a mente e ouvimos o chamado do deserto.<\/p>\n\n\n\n<p><\/p>\n\n\n\n<p><\/p>\n\n\n\n<p><mark style=\"background-color:rgba(0, 0, 0, 0);color:#ffffff\" class=\"has-inline-color\">.<\/mark><\/p>\n\n\n\n<p><mark style=\"background-color:rgba(0, 0, 0, 0);color:#ffffff\" class=\"has-inline-color\">.<\/mark><\/p>\n\n\n\n<p>\ud83c\udfa7 <strong>Playlist completa desse epis\u00f3dio no Youtube!<\/strong><\/p>\n\n\n\n<figure class=\"wp-block-embed is-type-video is-provider-youtube wp-block-embed-youtube wp-embed-aspect-16-9 wp-has-aspect-ratio\"><div class=\"wp-block-embed__wrapper\">\n<iframe loading=\"lazy\" title=\"Meditantes PodCast #41\" width=\"500\" height=\"281\" src=\"https:\/\/www.youtube.com\/embed\/videoseries?list=PLjXLCSmO7rtql89DIapgHrqg1rCJ0mdfT\" frameborder=\"0\" allow=\"accelerometer; autoplay; clipboard-write; encrypted-media; gyroscope; picture-in-picture; web-share\" referrerpolicy=\"strict-origin-when-cross-origin\" allowfullscreen><\/iframe>\n<\/div><\/figure>\n\n\n\n<p><mark style=\"background-color:rgba(0, 0, 0, 0);color:#ffffff\" class=\"has-inline-color\">.<\/mark><\/p>\n\n\n\n<p><mark style=\"background-color:rgba(0, 0, 0, 0);color:#ffffff\" class=\"has-inline-color\">.<\/mark><\/p>\n\n\n\n<p>\ud83c\udfa7 <strong>Playlist completa desse epis\u00f3dio no Spotify<\/strong><\/p>\n\n\n\n<figure class=\"wp-block-embed is-type-rich is-provider-spotify wp-block-embed-spotify wp-embed-aspect-21-9 wp-has-aspect-ratio\"><div class=\"wp-block-embed__wrapper\">\n<iframe title=\"Spotify Embed: Meditantes PodCast #41\" style=\"border-radius: 12px\" width=\"100%\" height=\"352\" frameborder=\"0\" allowfullscreen allow=\"autoplay; clipboard-write; encrypted-media; fullscreen; picture-in-picture\" loading=\"lazy\" src=\"https:\/\/open.spotify.com\/embed\/playlist\/3MeWPfuv1XD5ciJnjvtbQP?utm_source=oembed\"><\/iframe>\n<\/div><\/figure>\n\n\n\n<p><mark style=\"background-color:rgba(0, 0, 0, 0);color:#ffffff\" class=\"has-inline-color\">.<\/mark><\/p>\n\n\n\n<p><strong>Gostou?&nbsp;Comenta, compartilha\u2026<\/strong><\/p>\n\n\n\n<p><\/p>\n","protected":false},"excerpt":{"rendered":"<p>A medita\u00e7\u00e3o, com suas ra\u00edzes profundas e antigas, nasceu dos convites silenciosos e serenos do deserto, onde a imensid\u00e3o do&hellip;<\/p>\n","protected":false},"author":1,"featured_media":0,"comment_status":"open","ping_status":"open","sticky":false,"template":"","format":"standard","meta":{"footnotes":""},"categories":[18,4,134],"tags":[],"class_list":["post-3954","post","type-post","status-publish","format-standard","hentry","category-temporada01","category-meditantes-podcast","category-meditantes-podcast-41"],"_links":{"self":[{"href":"https:\/\/meditantes.com.br\/news\/index.php?rest_route=\/wp\/v2\/posts\/3954","targetHints":{"allow":["GET"]}}],"collection":[{"href":"https:\/\/meditantes.com.br\/news\/index.php?rest_route=\/wp\/v2\/posts"}],"about":[{"href":"https:\/\/meditantes.com.br\/news\/index.php?rest_route=\/wp\/v2\/types\/post"}],"author":[{"embeddable":true,"href":"https:\/\/meditantes.com.br\/news\/index.php?rest_route=\/wp\/v2\/users\/1"}],"replies":[{"embeddable":true,"href":"https:\/\/meditantes.com.br\/news\/index.php?rest_route=%2Fwp%2Fv2%2Fcomments&post=3954"}],"version-history":[{"count":2,"href":"https:\/\/meditantes.com.br\/news\/index.php?rest_route=\/wp\/v2\/posts\/3954\/revisions"}],"predecessor-version":[{"id":3960,"href":"https:\/\/meditantes.com.br\/news\/index.php?rest_route=\/wp\/v2\/posts\/3954\/revisions\/3960"}],"wp:attachment":[{"href":"https:\/\/meditantes.com.br\/news\/index.php?rest_route=%2Fwp%2Fv2%2Fmedia&parent=3954"}],"wp:term":[{"taxonomy":"category","embeddable":true,"href":"https:\/\/meditantes.com.br\/news\/index.php?rest_route=%2Fwp%2Fv2%2Fcategories&post=3954"},{"taxonomy":"post_tag","embeddable":true,"href":"https:\/\/meditantes.com.br\/news\/index.php?rest_route=%2Fwp%2Fv2%2Ftags&post=3954"}],"curies":[{"name":"wp","href":"https:\/\/api.w.org\/{rel}","templated":true}]}}