{"id":3961,"date":"2024-01-08T18:03:00","date_gmt":"2024-01-08T18:03:00","guid":{"rendered":"https:\/\/meditantes.com.br\/news\/?p=3961"},"modified":"2024-11-20T14:52:04","modified_gmt":"2024-11-20T14:52:04","slug":"atencao-aos-seus-ruidos-mentais","status":"publish","type":"post","link":"https:\/\/meditantes.com.br\/news\/?p=3961","title":{"rendered":"Aten\u00e7\u00e3o aos seus Ru\u00eddos Mentais"},"content":{"rendered":"\n<p><em>Os ru\u00eddos mentais s\u00e3o como ecos incessantes que obscurecem a quietude de nosso ser, desviando-nos do momento presente. Ao trazer aten\u00e7\u00e3o a esses ru\u00eddos, reconhecemos que eles n\u00e3o nos definem, mas s\u00e3o apenas nuvens passageiras no vasto c\u00e9u da consci\u00eancia. Escut\u00e1-los sem resist\u00eancia \u00e9 o primeiro passo para dissolv\u00ea-los, permitindo que a mente se aquiete e revele sua natureza profunda. Nesse sil\u00eancio restaurador, encontramos a clareza e a serenidade que tanto buscamos, aprendendo que a paz est\u00e1 em acolher, n\u00e3o em combater.<\/em><\/p>\n\n\n\n<p><\/p>\n\n\n\n<p><mark style=\"background-color:rgba(0, 0, 0, 0);color:#ffffff\" class=\"has-inline-color\">.<\/mark><\/p>\n\n\n\n<p><mark style=\"background-color:rgba(0, 0, 0, 0);color:#ffffff\" class=\"has-inline-color\">.<\/mark><\/p>\n\n\n\n<figure class=\"wp-block-embed is-type-video is-provider-youtube wp-block-embed-youtube wp-embed-aspect-16-9 wp-has-aspect-ratio\"><div class=\"wp-block-embed__wrapper\">\n<iframe loading=\"lazy\" title=\"Aten\u00e7\u00e3o aos seus Ru\u00eddos Mentais - Meditantes PodCast #41\" width=\"500\" height=\"281\" src=\"https:\/\/www.youtube.com\/embed\/BGlJQqKeXhE?list=PLjXLCSmO7rtql89DIapgHrqg1rCJ0mdfT\" frameborder=\"0\" allow=\"accelerometer; autoplay; clipboard-write; encrypted-media; gyroscope; picture-in-picture; web-share\" referrerpolicy=\"strict-origin-when-cross-origin\" allowfullscreen><\/iframe>\n<\/div><\/figure>\n\n\n\n<p><mark style=\"background-color:rgba(0, 0, 0, 0);color:#ffffff\" class=\"has-inline-color\">.<\/mark><\/p>\n\n\n\n<p><mark style=\"background-color:rgba(0, 0, 0, 0);color:#ffffff\" class=\"has-inline-color\">.<\/mark><\/p>\n\n\n\n<p><\/p>\n\n\n\n<p><strong>A Porta para a Paz Interior<\/strong><\/p>\n\n\n\n<p>A mente humana \u00e9 um espa\u00e7o vibrante de pensamentos, mem\u00f3rias e sentimentos que, muitas vezes, operam como uma tempestade incessante de ru\u00eddos mentais. Esses ru\u00eddos s\u00e3o as vozes internas que discutem, planejam, julgam e revivem situa\u00e7\u00f5es. Embora sejam naturais, eles frequentemente obscurecem a clareza e a paz que buscamos. A aten\u00e7\u00e3o a esses ru\u00eddos, entretanto, n\u00e3o \u00e9 um convite para combat\u00ea-los, mas para compreend\u00ea-los e transcend\u00ea-los.<\/p>\n\n\n\n<p>Os ru\u00eddos mentais nascem da inquieta\u00e7\u00e3o do ego, do desejo de controle e da busca por seguran\u00e7a em um mundo de incertezas. Eles se manifestam como preocupa\u00e7\u00f5es com o futuro, arrependimentos sobre o passado ou uma cr\u00edtica constante ao momento presente. Reconhecer essa atividade mental \u00e9 o primeiro passo para quebrar o ciclo de identifica\u00e7\u00e3o com os pensamentos e abrir espa\u00e7o para o sil\u00eancio transformador.<\/p>\n\n\n\n<h3 class=\"wp-block-heading\"><strong>O Poder da Aten\u00e7\u00e3o<\/strong><\/h3>\n\n\n\n<p>A aten\u00e7\u00e3o plena, ou mindfulness, \u00e9 a chave para lidar com os ru\u00eddos mentais. Quando paramos para observar, sem julgar, os pensamentos que passam por nossa mente, come\u00e7amos a criar uma dist\u00e2ncia saud\u00e1vel entre o \u201ceu\u201d e os pensamentos. Essa pr\u00e1tica n\u00e3o elimina os ru\u00eddos, mas nos ensina a escut\u00e1-los sem sermos controlados por eles.<\/p>\n\n\n\n<p>Ao prestar aten\u00e7\u00e3o aos ru\u00eddos mentais, podemos identificar padr\u00f5es repetitivos, cren\u00e7as limitantes e medos subjacentes. Essa conscientiza\u00e7\u00e3o nos permite reavaliar esses padr\u00f5es e escolher respostas mais conscientes e construtivas.<\/p>\n\n\n\n<h3 class=\"wp-block-heading\"><strong>Transformando Ru\u00eddos em Sil\u00eancio<\/strong><\/h3>\n\n\n\n<ol class=\"wp-block-list\">\n<li><strong>Aceita\u00e7\u00e3o como Primeira Etapa:<\/strong><br>N\u00e3o tente calar a mente \u00e0 for\u00e7a. Resista ao impulso de se irritar com os pensamentos incessantes. Em vez disso, aceite-os como parte da experi\u00eancia humana. Reconhe\u00e7a sua presen\u00e7a sem se envolver emocionalmente.<\/li>\n\n\n\n<li><strong>Concentre-se na Respira\u00e7\u00e3o:<\/strong><br>A respira\u00e7\u00e3o \u00e9 um ponto de ancoragem natural que ajuda a silenciar o tumulto interno. Inspire e expire conscientemente, observando cada respira\u00e7\u00e3o como um fluxo cont\u00ednuo de energia que acalma o ru\u00eddo e traz voc\u00ea ao momento presente.<\/li>\n\n\n\n<li><strong>Pr\u00e1ticas Regulares de Medita\u00e7\u00e3o:<\/strong><br>Dedicar alguns minutos por dia \u00e0 medita\u00e7\u00e3o proporciona o treinamento necess\u00e1rio para ouvir os ru\u00eddos da mente sem se perder neles. Escolha um foco, como um mantra ou uma visualiza\u00e7\u00e3o, para ajudar a direcionar sua aten\u00e7\u00e3o.<\/li>\n\n\n\n<li><strong>Identifique os Gatilhos:<\/strong><br>Muitas vezes, os ru\u00eddos mentais s\u00e3o exacerbados por situa\u00e7\u00f5es externas ou internas, como estresse, ansiedade ou expectativas irrealistas. Reconhecer esses gatilhos nos ajuda a enfrent\u00e1-los com mais compaix\u00e3o e clareza.<\/li>\n<\/ol>\n\n\n\n<h3 class=\"wp-block-heading\"><strong>Al\u00e9m dos Ru\u00eddos: O Sil\u00eancio Interior<\/strong><\/h3>\n\n\n\n<p>O sil\u00eancio interior n\u00e3o \u00e9 a aus\u00eancia de pensamentos, mas a habilidade de ouvir al\u00e9m deles. \u00c9 o estado em que o barulho da mente perde sua intensidade e revela um espa\u00e7o de quietude e presen\u00e7a. Nesse espa\u00e7o, descobrimos insights profundos, for\u00e7a interior e um senso de unidade com a vida.<\/p>\n\n\n\n<p>Quando come\u00e7amos a prestar aten\u00e7\u00e3o aos ru\u00eddos mentais, descobrimos que eles n\u00e3o s\u00e3o nossos inimigos. Pelo contr\u00e1rio, s\u00e3o mestres disfar\u00e7ados, apontando para \u00e1reas onde precisamos crescer, curar ou soltar. Cada ru\u00eddo \u00e9 uma oportunidade de voltar ao presente, de aprofundar a conex\u00e3o com o nosso ser mais aut\u00eantico.<\/p>\n\n\n\n<h3 class=\"wp-block-heading\"><strong>O Convite \u00e0 Consci\u00eancia<\/strong><\/h3>\n\n\n\n<p>A aten\u00e7\u00e3o aos ru\u00eddos mentais \u00e9 um convite \u00e0 consci\u00eancia plena. \u00c9 a jornada de sair do piloto autom\u00e1tico e entrar em um estado de presen\u00e7a genu\u00edna. Ao observarmos a mente sem nos perdermos nela, damos um passo em dire\u00e7\u00e3o \u00e0 liberdade interior, onde a paz e a clareza n\u00e3o s\u00e3o mais meros ideais, mas experi\u00eancias reais.<\/p>\n\n\n\n<p>Lembre-se: os ru\u00eddos mentais s\u00e3o parte da jornada, mas n\u00e3o definem quem voc\u00ea \u00e9. Voc\u00ea \u00e9 o espa\u00e7o silencioso onde esses pensamentos v\u00eam e v\u00e3o. Ao se conectar com essa verdade, voc\u00ea descobre que a verdadeira paz n\u00e3o est\u00e1 em calar a mente, mas em ouvi-la sem deixar que ela dite o rumo de sua vida.<\/p>\n\n\n\n<p><\/p>\n\n\n\n<p><\/p>\n\n\n\n<p><mark style=\"background-color:rgba(0, 0, 0, 0);color:#ffffff\" class=\"has-inline-color\">.<\/mark><\/p>\n\n\n\n<p><mark style=\"background-color:rgba(0, 0, 0, 0);color:#ffffff\" class=\"has-inline-color\">.<\/mark><\/p>\n\n\n\n<p>\ud83c\udfa7 <strong>Playlist completa desse epis\u00f3dio no Youtube!<\/strong><\/p>\n\n\n\n<figure class=\"wp-block-embed is-type-video is-provider-youtube wp-block-embed-youtube wp-embed-aspect-16-9 wp-has-aspect-ratio\"><div class=\"wp-block-embed__wrapper\">\n<iframe loading=\"lazy\" title=\"Meditantes PodCast #41\" width=\"500\" height=\"281\" src=\"https:\/\/www.youtube.com\/embed\/videoseries?list=PLjXLCSmO7rtql89DIapgHrqg1rCJ0mdfT\" frameborder=\"0\" allow=\"accelerometer; autoplay; clipboard-write; encrypted-media; gyroscope; picture-in-picture; web-share\" referrerpolicy=\"strict-origin-when-cross-origin\" allowfullscreen><\/iframe>\n<\/div><\/figure>\n\n\n\n<p><mark style=\"background-color:rgba(0, 0, 0, 0);color:#ffffff\" class=\"has-inline-color\">.<\/mark><\/p>\n\n\n\n<p><mark style=\"background-color:rgba(0, 0, 0, 0);color:#ffffff\" class=\"has-inline-color\">.<\/mark><\/p>\n\n\n\n<p>\ud83c\udfa7 <strong>Playlist completa desse epis\u00f3dio no Spotify<\/strong><\/p>\n\n\n\n<figure class=\"wp-block-embed is-type-rich is-provider-spotify wp-block-embed-spotify wp-embed-aspect-21-9 wp-has-aspect-ratio\"><div class=\"wp-block-embed__wrapper\">\n<iframe title=\"Spotify Embed: Meditantes PodCast #41\" style=\"border-radius: 12px\" width=\"100%\" height=\"352\" frameborder=\"0\" allowfullscreen allow=\"autoplay; clipboard-write; encrypted-media; fullscreen; picture-in-picture\" loading=\"lazy\" src=\"https:\/\/open.spotify.com\/embed\/playlist\/3MeWPfuv1XD5ciJnjvtbQP?utm_source=oembed\"><\/iframe>\n<\/div><\/figure>\n\n\n\n<p><mark style=\"background-color:rgba(0, 0, 0, 0);color:#ffffff\" class=\"has-inline-color\">.<\/mark><\/p>\n\n\n\n<p><strong>Gostou?&nbsp;Comenta, compartilha\u2026<\/strong><\/p>\n\n\n\n<p><\/p>\n","protected":false},"excerpt":{"rendered":"<p>Os ru\u00eddos mentais s\u00e3o como ecos incessantes que obscurecem a quietude de nosso ser, desviando-nos do momento presente. Ao trazer&hellip;<\/p>\n","protected":false},"author":1,"featured_media":0,"comment_status":"open","ping_status":"open","sticky":false,"template":"","format":"standard","meta":{"footnotes":""},"categories":[18,4,134],"tags":[],"class_list":["post-3961","post","type-post","status-publish","format-standard","hentry","category-temporada01","category-meditantes-podcast","category-meditantes-podcast-41"],"_links":{"self":[{"href":"https:\/\/meditantes.com.br\/news\/index.php?rest_route=\/wp\/v2\/posts\/3961","targetHints":{"allow":["GET"]}}],"collection":[{"href":"https:\/\/meditantes.com.br\/news\/index.php?rest_route=\/wp\/v2\/posts"}],"about":[{"href":"https:\/\/meditantes.com.br\/news\/index.php?rest_route=\/wp\/v2\/types\/post"}],"author":[{"embeddable":true,"href":"https:\/\/meditantes.com.br\/news\/index.php?rest_route=\/wp\/v2\/users\/1"}],"replies":[{"embeddable":true,"href":"https:\/\/meditantes.com.br\/news\/index.php?rest_route=%2Fwp%2Fv2%2Fcomments&post=3961"}],"version-history":[{"count":3,"href":"https:\/\/meditantes.com.br\/news\/index.php?rest_route=\/wp\/v2\/posts\/3961\/revisions"}],"predecessor-version":[{"id":3968,"href":"https:\/\/meditantes.com.br\/news\/index.php?rest_route=\/wp\/v2\/posts\/3961\/revisions\/3968"}],"wp:attachment":[{"href":"https:\/\/meditantes.com.br\/news\/index.php?rest_route=%2Fwp%2Fv2%2Fmedia&parent=3961"}],"wp:term":[{"taxonomy":"category","embeddable":true,"href":"https:\/\/meditantes.com.br\/news\/index.php?rest_route=%2Fwp%2Fv2%2Fcategories&post=3961"},{"taxonomy":"post_tag","embeddable":true,"href":"https:\/\/meditantes.com.br\/news\/index.php?rest_route=%2Fwp%2Fv2%2Ftags&post=3961"}],"curies":[{"name":"wp","href":"https:\/\/api.w.org\/{rel}","templated":true}]}}