{"id":3975,"date":"2024-01-15T18:01:00","date_gmt":"2024-01-15T18:01:00","guid":{"rendered":"https:\/\/meditantes.com.br\/news\/?p=3975"},"modified":"2024-11-20T15:01:05","modified_gmt":"2024-11-20T15:01:05","slug":"meditou-nas-cavernas-nos-himalaias","status":"publish","type":"post","link":"https:\/\/meditantes.com.br\/news\/?p=3975","title":{"rendered":"Meditou nas Cavernas nos Himalaias\u00a0"},"content":{"rendered":"\n<p><em>Meditar nas cavernas dos Himalaias \u00e9 adentrar um espa\u00e7o de sil\u00eancio profundo e introspec\u00e7\u00e3o, onde a vastid\u00e3o da natureza se torna um espelho para a alma. Em um cen\u00e1rio remoto e imponente, longe do agito do mundo moderno, a medita\u00e7\u00e3o nas cavernas oferece uma experi\u00eancia \u00fanica de conex\u00e3o com o divino e com a ess\u00eancia do ser. Ali, rodeado pelas montanhas sagradas, cada respira\u00e7\u00e3o se torna mais consciente, cada pensamento mais claro, e a mente, longe das distra\u00e7\u00f5es, encontra um estado de serenidade transcendental. A tranquilidade das cavernas himalaicas serve como um portal para o autoconhecimento, iluminando o caminho para aqueles que buscam mais do que simplesmente meditar, mas uma verdadeira transforma\u00e7\u00e3o espiritual.<\/em><\/p>\n\n\n\n<p><\/p>\n\n\n\n<p><mark style=\"background-color:rgba(0, 0, 0, 0);color:#ffffff\" class=\"has-inline-color\">.<\/mark><\/p>\n\n\n\n<p><mark style=\"background-color:rgba(0, 0, 0, 0);color:#ffffff\" class=\"has-inline-color\">.<\/mark><\/p>\n\n\n\n<figure class=\"wp-block-embed is-type-video is-provider-youtube wp-block-embed-youtube wp-embed-aspect-16-9 wp-has-aspect-ratio\"><div class=\"wp-block-embed__wrapper\">\n<iframe loading=\"lazy\" title=\"Meditou nas Cavernas nos Himalaias - Meditantes PodCast #42\" width=\"500\" height=\"281\" src=\"https:\/\/www.youtube.com\/embed\/souNio7O5wc?list=PLjXLCSmO7rtqaF5r6J5chWP78WO8APrrz\" frameborder=\"0\" allow=\"accelerometer; autoplay; clipboard-write; encrypted-media; gyroscope; picture-in-picture; web-share\" referrerpolicy=\"strict-origin-when-cross-origin\" allowfullscreen><\/iframe>\n<\/div><\/figure>\n\n\n\n<p><mark style=\"background-color:rgba(0, 0, 0, 0);color:#ffffff\" class=\"has-inline-color\">.<\/mark><\/p>\n\n\n\n<p><mark style=\"background-color:rgba(0, 0, 0, 0);color:#ffffff\" class=\"has-inline-color\">.<\/mark><\/p>\n\n\n\n<p><\/p>\n\n\n\n<h1 class=\"wp-block-heading\">Uma Jornada Espiritual Profunda e Transformadora<\/h1>\n\n\n\n<p>A busca por ilumina\u00e7\u00e3o e autoconhecimento tem sido uma constante ao longo da hist\u00f3ria da humanidade. Entre os muitos caminhos espirituais, a pr\u00e1tica da medita\u00e7\u00e3o sempre se destacou, proporcionando uma conex\u00e3o profunda com o ser interior e o universo ao redor. Um dos cen\u00e1rios mais emblem\u00e1ticos dessa pr\u00e1tica ancestral s\u00e3o as cavernas dos Himalaias. Localizadas em um dos lugares mais elevados e isolados do planeta, essas cavernas t\u00eam sido o ref\u00fagio de grandes mestres espirituais e mon\u00e1sticos por s\u00e9culos.<\/p>\n\n\n\n<p>Neste artigo, vamos explorar a experi\u00eancia \u00fanica de meditar nas cavernas dos Himalaias, entender o significado e a import\u00e2ncia desse local sagrado para a medita\u00e7\u00e3o, e como essa pr\u00e1tica pode proporcionar uma transforma\u00e7\u00e3o profunda no ser humano.<\/p>\n\n\n\n<h2 class=\"wp-block-heading\">As Cavernas dos Himalaias: Cen\u00e1rio Sagrado de Medita\u00e7\u00e3o<\/h2>\n\n\n\n<p>Os Himalaias, conhecidos como a &#8220;morada dos deuses&#8221;, s\u00e3o uma das cadeias montanhosas mais imponentes do planeta, com picos que se estendem por mais de 2.400 quil\u00f4metros. Elas s\u00e3o o lar de muitas culturas espirituais, incluindo o Budismo, o Hindu\u00edsmo e o Tao\u00edsmo. Em diversas tradi\u00e7\u00f5es, acredita-se que o contato com essas montanhas seja uma maneira de se aproximar do divino, j\u00e1 que sua grandiosidade e isolamento remetem ao sagrado e ao transcendente.<\/p>\n\n\n\n<p>As cavernas que pontuam os Himalaias, muitas vezes em locais de dif\u00edcil acesso, tornaram-se locais de retiro para aqueles que buscam o sil\u00eancio profundo, a medita\u00e7\u00e3o intensiva e a conex\u00e3o com o Esp\u00edrito. Essas cavernas servem como santu\u00e1rios de contempla\u00e7\u00e3o, longe da agita\u00e7\u00e3o do mundo exterior, onde os praticantes podem mergulhar profundamente em suas pr\u00e1ticas espirituais.<\/p>\n\n\n\n<h3 class=\"wp-block-heading\">O Significado Espiritual das Cavernas<\/h3>\n\n\n\n<p>Em muitas culturas orientais, cavernas s\u00e3o vistas como s\u00edmbolos de introspec\u00e7\u00e3o, autoconhecimento e transforma\u00e7\u00e3o. Elas representam um local seguro onde \u00e9 poss\u00edvel se desconectar das distra\u00e7\u00f5es do mundo material e se reconectar com a ess\u00eancia interior. No contexto das cavernas dos Himalaias, esse simbolismo \u00e9 intensificado, pois as montanhas em si s\u00e3o consideradas locais de grande poder espiritual.<\/p>\n\n\n\n<p>Meditar nessas cavernas n\u00e3o \u00e9 apenas uma pr\u00e1tica f\u00edsica, mas uma imers\u00e3o em um espa\u00e7o sagrado onde o sil\u00eancio se torna uma ferramenta poderosa para o despertar da consci\u00eancia. A serenidade do local e a energia vibracional das montanhas criam o ambiente ideal para a pr\u00e1tica profunda da medita\u00e7\u00e3o.<\/p>\n\n\n\n<h2 class=\"wp-block-heading\">A Tradi\u00e7\u00e3o dos Mestres Espirituais nas Cavernas dos Himalaias<\/h2>\n\n\n\n<p>Ao longo dos s\u00e9culos, muitos mestres espirituais, santos, iogues e gurus se retiraram para as cavernas dos Himalaias em busca de ilumina\u00e7\u00e3o e sabedoria profunda. Alguns dos mais conhecidos incluem:<\/p>\n\n\n\n<h3 class=\"wp-block-heading\">1. <strong>Buda Shakyamuni<\/strong><\/h3>\n\n\n\n<p>Buda Shakyamuni, o fundador do Budismo, \u00e9 uma figura central na tradi\u00e7\u00e3o dos Himalaias. Ele meditou por longos per\u00edodos em cavernas e bosques, buscando a ilumina\u00e7\u00e3o. A lenda conta que foi em um retiro solit\u00e1rio, sob a \u00e1rvore Bodhi, que Buda alcan\u00e7ou o Nirvana, e seus ensinamentos inspiraram milh\u00f5es ao redor do mundo.<\/p>\n\n\n\n<h3 class=\"wp-block-heading\">2. <strong>Guru Padmasambhava<\/strong><\/h3>\n\n\n\n<p>Padmasambhava, conhecido como o &#8220;Guru Rinpoche&#8221;, \u00e9 uma das figuras mais reverenciadas nas tradi\u00e7\u00f5es tibetanas. Ele passou anos meditando nas cavernas dos Himalaias, onde, segundo as escrituras, alcan\u00e7ou n\u00edveis elevados de sabedoria espiritual. Seus ensinamentos influenciam pr\u00e1ticas espirituais at\u00e9 hoje, especialmente no Budismo Tibetano.<\/p>\n\n\n\n<h3 class=\"wp-block-heading\">3. <strong>Mestre Ramana Maharshi<\/strong><\/h3>\n\n\n\n<p>Embora Ramana Maharshi tenha passado a maior parte de sua vida no sul da \u00cdndia, suas pr\u00e1ticas meditativas foram influenciadas por suas viagens aos Himalaias, onde se retirou por algum tempo. A busca pela Verdade e pela realiza\u00e7\u00e3o do Ser o levou a viver em um estado de profunda medita\u00e7\u00e3o, especialmente em locais elevados e solit\u00e1rios.<\/p>\n\n\n\n<p>Esses mestres e muitos outros, ao longo da hist\u00f3ria, buscaram as cavernas dos Himalaias n\u00e3o apenas como um lugar de retiro f\u00edsico, mas como um local de transforma\u00e7\u00e3o espiritual, onde poderiam ir al\u00e9m das limita\u00e7\u00f5es do ego e experimentar uma conex\u00e3o direta com o divino.<\/p>\n\n\n\n<h2 class=\"wp-block-heading\">A Experi\u00eancia de Meditar nas Cavernas dos Himalaias<\/h2>\n\n\n\n<p>Meditar nas cavernas dos Himalaias \u00e9 uma experi\u00eancia \u00fanica e profundamente transformadora. O ambiente natural, as condi\u00e7\u00f5es de isolamento e o contexto espiritual s\u00e3o elementos que intensificam o processo meditativo e permitem uma conex\u00e3o mais profunda com a natureza e o ser interior. Aqui est\u00e3o alguns aspectos dessa jornada de medita\u00e7\u00e3o:<\/p>\n\n\n\n<h3 class=\"wp-block-heading\">1. <strong>Sil\u00eancio Profundo e Desapego<\/strong><\/h3>\n\n\n\n<p>O sil\u00eancio absoluto das cavernas permite uma desintoxica\u00e7\u00e3o mental profunda. Nesse isolamento, os pensamentos se tornam mais claros e a mente come\u00e7a a acalmar, criando uma sensa\u00e7\u00e3o de paz imensa. A dist\u00e2ncia do mundo exterior contribui para um desapego das preocupa\u00e7\u00f5es di\u00e1rias, permitindo que o praticante se volte completamente para dentro de si.<\/p>\n\n\n\n<h3 class=\"wp-block-heading\">2. <strong>Desafio F\u00edsico e Mental<\/strong><\/h3>\n\n\n\n<p>Meditar nas cavernas dos Himalaias \u00e9 desafiador, tanto fisicamente quanto mentalmente. As condi\u00e7\u00f5es clim\u00e1ticas extremas, o ar rarefeito e o terreno acidentado exigem resist\u00eancia e determina\u00e7\u00e3o. No entanto, essa adversidade tamb\u00e9m fortalece a mente e ensina a perseveran\u00e7a. O praticante aprende a lidar com as dificuldades f\u00edsicas e mentais, superando as limita\u00e7\u00f5es do corpo e da mente, o que refina a pr\u00e1tica meditativa.<\/p>\n\n\n\n<h3 class=\"wp-block-heading\">3. <strong>Conex\u00e3o com a Energia das Montanhas<\/strong><\/h3>\n\n\n\n<p>As montanhas Himalaias, consideradas como locais de energia espiritual intensa, oferecem uma vibra\u00e7\u00e3o \u00fanica que pode potencializar a pr\u00e1tica de medita\u00e7\u00e3o. A beleza inigual\u00e1vel da paisagem e o sentimento de estar em um local aben\u00e7oado proporcionam uma sensa\u00e7\u00e3o de uni\u00e3o com o cosmos e o divino. O praticante sente-se em harmonia com a natureza e com o universo, experimentando uma sensa\u00e7\u00e3o de transcend\u00eancia.<\/p>\n\n\n\n<h3 class=\"wp-block-heading\">4. <strong>Introspec\u00e7\u00e3o e Transforma\u00e7\u00e3o Interior<\/strong><\/h3>\n\n\n\n<p>A medita\u00e7\u00e3o profunda nas cavernas leva a um processo de autoconhecimento e transforma\u00e7\u00e3o interior. A solid\u00e3o e o sil\u00eancio proporcionam espa\u00e7o para refletir sobre a pr\u00f3pria vida, os desafios internos e a verdadeira natureza do ser. O praticante tem a oportunidade de confrontar seus medos, liberar antigas dores emocionais e se abrir para novas percep\u00e7\u00f5es espirituais.<\/p>\n\n\n\n<h3 class=\"wp-block-heading\">5. <strong>A Experi\u00eancia de Samadhi<\/strong><\/h3>\n\n\n\n<p>Com a pr\u00e1tica constante e o profundo isolamento, muitos meditadores relatam experi\u00eancias de <em>samadhi<\/em> \u2013 um estado de uni\u00e3o plena com o divino. Neste estado, a sensa\u00e7\u00e3o de ego desaparece, e o praticante experimenta uma unidade com tudo o que existe. A medita\u00e7\u00e3o profunda nas cavernas dos Himalaias pode permitir a entrada em estados elevados de consci\u00eancia, onde as barreiras entre o eu e o universo se dissolvem.<\/p>\n\n\n\n<h2 class=\"wp-block-heading\">O Impacto da Medita\u00e7\u00e3o nas Cavernas dos Himalaias<\/h2>\n\n\n\n<p>Meditar nas cavernas dos Himalaias n\u00e3o \u00e9 apenas uma pr\u00e1tica f\u00edsica ou mental, mas uma experi\u00eancia espiritual que toca as profundezas da alma. Para os praticantes modernos, muitos dos quais viajam para esses locais sagrados, essa experi\u00eancia oferece uma oportunidade \u00fanica de transcend\u00eancia e cura. Aqueles que passam tempo meditando nas cavernas relatam um profundo aumento de sua paz interior, clareza mental e conex\u00e3o espiritual.<\/p>\n\n\n\n<p>Al\u00e9m disso, a pr\u00e1tica nas cavernas oferece uma vis\u00e3o direta sobre a imperman\u00eancia da vida e a necessidade de viver de maneira mais plena e consciente. O praticante \u00e9 desafiado a abandonar os apegos materiais e a buscar uma verdade mais profunda e universal, que n\u00e3o se limita aos conceitos mundanos, mas se reflete na ess\u00eancia do ser.<\/p>\n\n\n\n<h2 class=\"wp-block-heading\">Como Iniciar Sua Jornada de Medita\u00e7\u00e3o nas Cavernas<\/h2>\n\n\n\n<p>Embora as cavernas dos Himalaias sejam um local tradicionalmente reservado para os mestres espirituais, hoje em dia, h\u00e1 muitos centros de medita\u00e7\u00e3o na regi\u00e3o que oferecem retiros espirituais para aqueles que desejam seguir esse caminho. Para quem deseja seguir essa jornada, \u00e9 essencial se preparar fisicamente e mentalmente, estudando as tradi\u00e7\u00f5es espirituais locais e desenvolvendo uma pr\u00e1tica meditativa forte antes de buscar um retiro nas cavernas.<\/p>\n\n\n\n<p>A jornada para meditar nas cavernas dos Himalaias n\u00e3o \u00e9 apenas uma busca por um lugar f\u00edsico, mas por uma jornada interior, onde a verdadeira transforma\u00e7\u00e3o ocorre. Aqueles que se aventuram a praticar nesse local sagrado retornam com uma nova vis\u00e3o da vida e uma profunda conex\u00e3o com o divino.<\/p>\n\n\n\n<h2 class=\"wp-block-heading\"><\/h2>\n\n\n\n<p>Meditar nas cavernas dos Himalaias n\u00e3o \u00e9 apenas uma pr\u00e1tica de medita\u00e7\u00e3o, mas uma jornada espiritual que transcende o f\u00edsico e mergulha nas profundezas do ser. \u00c9 um convite a ir al\u00e9m das limita\u00e7\u00f5es da mente e do corpo e a experimentar uma conex\u00e3o direta com a energia do universo. Para aqueles que se sentem chamados a essa pr\u00e1tica, as cavernas oferecem um espa\u00e7o sagrado onde a medita\u00e7\u00e3o se torna um caminho para a ilumina\u00e7\u00e3o, o autoconhecimento e a verdadeira paz interior.<\/p>\n\n\n\n<p><\/p>\n\n\n\n<p><\/p>\n\n\n\n<p><mark style=\"background-color:rgba(0, 0, 0, 0);color:#ffffff\" class=\"has-inline-color\">.<\/mark><\/p>\n\n\n\n<p><mark style=\"background-color:rgba(0, 0, 0, 0);color:#ffffff\" class=\"has-inline-color\">.<\/mark><\/p>\n\n\n\n<p>\ud83c\udfa7 <strong>Playlist completa desse epis\u00f3dio no Youtube!<\/strong><\/p>\n\n\n\n<figure class=\"wp-block-embed is-type-video is-provider-youtube wp-block-embed-youtube wp-embed-aspect-16-9 wp-has-aspect-ratio\"><div class=\"wp-block-embed__wrapper\">\n<iframe loading=\"lazy\" title=\"Meditantes PodCast #42\" width=\"500\" height=\"281\" src=\"https:\/\/www.youtube.com\/embed\/videoseries?list=PLjXLCSmO7rtqaF5r6J5chWP78WO8APrrz\" frameborder=\"0\" allow=\"accelerometer; autoplay; clipboard-write; encrypted-media; gyroscope; picture-in-picture; web-share\" referrerpolicy=\"strict-origin-when-cross-origin\" allowfullscreen><\/iframe>\n<\/div><\/figure>\n\n\n\n<p><mark style=\"background-color:rgba(0, 0, 0, 0);color:#ffffff\" class=\"has-inline-color\">.<\/mark><\/p>\n\n\n\n<p><mark style=\"background-color:rgba(0, 0, 0, 0);color:#ffffff\" class=\"has-inline-color\">.<\/mark><\/p>\n\n\n\n<p>\ud83c\udfa7 <strong>Playlist completa desse epis\u00f3dio no Spotify<\/strong><\/p>\n\n\n\n<figure class=\"wp-block-embed is-type-rich is-provider-spotify wp-block-embed-spotify wp-embed-aspect-21-9 wp-has-aspect-ratio\"><div class=\"wp-block-embed__wrapper\">\n<iframe title=\"Spotify Embed: Meditantes PodCast #42\" style=\"border-radius: 12px\" width=\"100%\" height=\"352\" frameborder=\"0\" allowfullscreen allow=\"autoplay; clipboard-write; encrypted-media; fullscreen; picture-in-picture\" loading=\"lazy\" src=\"https:\/\/open.spotify.com\/embed\/playlist\/1O3uTmtpJS7asTV7QGKoWy?utm_source=oembed\"><\/iframe>\n<\/div><\/figure>\n\n\n\n<p><mark style=\"background-color:rgba(0, 0, 0, 0);color:#ffffff\" class=\"has-inline-color\">.<\/mark><\/p>\n\n\n\n<p><strong>Gostou?&nbsp;Comenta, compartilha\u2026<\/strong><\/p>\n\n\n\n<p><\/p>\n","protected":false},"excerpt":{"rendered":"<p>Meditar nas cavernas dos Himalaias \u00e9 adentrar um espa\u00e7o de sil\u00eancio profundo e introspec\u00e7\u00e3o, onde a vastid\u00e3o da natureza se&hellip;<\/p>\n","protected":false},"author":1,"featured_media":0,"comment_status":"open","ping_status":"open","sticky":false,"template":"","format":"standard","meta":{"footnotes":""},"categories":[18,4,135],"tags":[],"class_list":["post-3975","post","type-post","status-publish","format-standard","hentry","category-temporada01","category-meditantes-podcast","category-meditantes-podcast-42"],"_links":{"self":[{"href":"https:\/\/meditantes.com.br\/news\/index.php?rest_route=\/wp\/v2\/posts\/3975","targetHints":{"allow":["GET"]}}],"collection":[{"href":"https:\/\/meditantes.com.br\/news\/index.php?rest_route=\/wp\/v2\/posts"}],"about":[{"href":"https:\/\/meditantes.com.br\/news\/index.php?rest_route=\/wp\/v2\/types\/post"}],"author":[{"embeddable":true,"href":"https:\/\/meditantes.com.br\/news\/index.php?rest_route=\/wp\/v2\/users\/1"}],"replies":[{"embeddable":true,"href":"https:\/\/meditantes.com.br\/news\/index.php?rest_route=%2Fwp%2Fv2%2Fcomments&post=3975"}],"version-history":[{"count":2,"href":"https:\/\/meditantes.com.br\/news\/index.php?rest_route=\/wp\/v2\/posts\/3975\/revisions"}],"predecessor-version":[{"id":3977,"href":"https:\/\/meditantes.com.br\/news\/index.php?rest_route=\/wp\/v2\/posts\/3975\/revisions\/3977"}],"wp:attachment":[{"href":"https:\/\/meditantes.com.br\/news\/index.php?rest_route=%2Fwp%2Fv2%2Fmedia&parent=3975"}],"wp:term":[{"taxonomy":"category","embeddable":true,"href":"https:\/\/meditantes.com.br\/news\/index.php?rest_route=%2Fwp%2Fv2%2Fcategories&post=3975"},{"taxonomy":"post_tag","embeddable":true,"href":"https:\/\/meditantes.com.br\/news\/index.php?rest_route=%2Fwp%2Fv2%2Ftags&post=3975"}],"curies":[{"name":"wp","href":"https:\/\/api.w.org\/{rel}","templated":true}]}}