{"id":3978,"date":"2024-01-15T18:02:00","date_gmt":"2024-01-15T18:02:00","guid":{"rendered":"https:\/\/meditantes.com.br\/news\/?p=3978"},"modified":"2024-11-20T15:03:07","modified_gmt":"2024-11-20T15:03:07","slug":"a-meditacao-me-deu-sentido","status":"publish","type":"post","link":"https:\/\/meditantes.com.br\/news\/?p=3978","title":{"rendered":"A Medita\u00e7\u00e3o me deu Sentido"},"content":{"rendered":"\n<p><em>A medita\u00e7\u00e3o \u00e9 um convite ao sil\u00eancio profundo que nos permite olhar para dentro e descobrir o verdadeiro sentido da nossa exist\u00eancia. Em meio ao caos e \u00e0 correria do dia a dia, ela oferece um espa\u00e7o sagrado de introspec\u00e7\u00e3o, onde podemos desvendar nossas emo\u00e7\u00f5es, pensamentos e desejos mais \u00edntimos. Ao praticar a medita\u00e7\u00e3o, acessamos uma fonte de clareza e sabedoria que nos guia, revelando um prop\u00f3sito maior e nos ajudando a viver com mais consci\u00eancia e autenticidade. Ela nos conecta com o presente, trazendo \u00e0 tona a beleza simples de cada momento e revelando que o verdadeiro sentido da vida reside na experi\u00eancia plena de ser.<\/em><\/p>\n\n\n\n<p><\/p>\n\n\n\n<p><mark style=\"background-color:rgba(0, 0, 0, 0);color:#ffffff\" class=\"has-inline-color\">.<\/mark><\/p>\n\n\n\n<p><mark style=\"background-color:rgba(0, 0, 0, 0);color:#ffffff\" class=\"has-inline-color\">.<\/mark><\/p>\n\n\n\n<figure class=\"wp-block-embed is-type-video is-provider-youtube wp-block-embed-youtube wp-embed-aspect-16-9 wp-has-aspect-ratio\"><div class=\"wp-block-embed__wrapper\">\n<iframe loading=\"lazy\" title=\"A Medita\u00e7\u00e3o me deu Sentido - Meditantes PodCast #42\" width=\"500\" height=\"281\" src=\"https:\/\/www.youtube.com\/embed\/73AqpqHwxEg?list=PLjXLCSmO7rtqaF5r6J5chWP78WO8APrrz\" frameborder=\"0\" allow=\"accelerometer; autoplay; clipboard-write; encrypted-media; gyroscope; picture-in-picture; web-share\" referrerpolicy=\"strict-origin-when-cross-origin\" allowfullscreen><\/iframe>\n<\/div><\/figure>\n\n\n\n<p><mark style=\"background-color:rgba(0, 0, 0, 0);color:#ffffff\" class=\"has-inline-color\">.<\/mark><\/p>\n\n\n\n<p><mark style=\"background-color:rgba(0, 0, 0, 0);color:#ffffff\" class=\"has-inline-color\">.<\/mark><\/p>\n\n\n\n<p><\/p>\n\n\n\n<h1 class=\"wp-block-heading\">O Caminho para a Plenitude Interior<\/h1>\n\n\n\n<p>Em um mundo cada vez mais acelerado, onde as distra\u00e7\u00f5es externas e os ru\u00eddos mentais nos afastam da ess\u00eancia do ser, a medita\u00e7\u00e3o surge como uma pr\u00e1tica poderosa e transformadora. Ela nos oferece n\u00e3o apenas uma pausa da agita\u00e7\u00e3o di\u00e1ria, mas, mais profundamente, um caminho para descobrir e vivenciar o verdadeiro sentido da vida. A medita\u00e7\u00e3o nos convida a olhar para dentro, a desacelerar, e a estabelecer uma conex\u00e3o com algo al\u00e9m das preocupa\u00e7\u00f5es materiais e transit\u00f3rias do mundo. Mas o que significa dizer que &#8220;a medita\u00e7\u00e3o nos d\u00e1 sentido&#8221;?<\/p>\n\n\n\n<p>Este artigo busca explorar como a pr\u00e1tica meditativa pode nos conduzir a uma compreens\u00e3o mais profunda de n\u00f3s mesmos e da vida ao nosso redor, revelando o prop\u00f3sito e a plenitude que muitas vezes est\u00e3o encobertos pela mente agitada e pelas expectativas externas.<\/p>\n\n\n\n<h2 class=\"wp-block-heading\">O Sentido da Vida: Uma Busca Universal<\/h2>\n\n\n\n<p>A busca pelo sentido da vida \u00e9 uma das mais antigas e profundas inquieta\u00e7\u00f5es humanas. Grandes fil\u00f3sofos, m\u00edsticos, e pensadores ao longo da hist\u00f3ria questionaram e exploraram o prop\u00f3sito da exist\u00eancia. Muitos chegam \u00e0 conclus\u00e3o de que o verdadeiro sentido n\u00e3o est\u00e1 em acumular riquezas, status ou posses, mas na experi\u00eancia direta da vida, no momento presente, e na conex\u00e3o com algo maior que transcende as limita\u00e7\u00f5es da mente humana.<\/p>\n\n\n\n<p>Entretanto, vivemos em uma era em que o ritmo fren\u00e9tico da vida moderna e a press\u00e3o constante de resultados materiais podem nos desviar dessa busca essencial. O barulho mental, os anseios e as expectativas sociais podem obscurecer a verdadeira compreens\u00e3o de quem somos e do que realmente importa. \u00c9 nesse cen\u00e1rio que a medita\u00e7\u00e3o entra como uma pr\u00e1tica que n\u00e3o s\u00f3 nos proporciona momentos de paz, mas tamb\u00e9m nos conecta com o cerne do nosso ser, revelando o sentido mais profundo da vida.<\/p>\n\n\n\n<h2 class=\"wp-block-heading\">A Medita\u00e7\u00e3o como um Caminho para o Sentido<\/h2>\n\n\n\n<h3 class=\"wp-block-heading\">1. <strong>Sil\u00eancio que Revela<\/strong><\/h3>\n\n\n\n<p>A medita\u00e7\u00e3o nos oferece um espa\u00e7o de sil\u00eancio interior, que \u00e9 fundamental para descobrirmos o verdadeiro significado da vida. Ao nos afastarmos das distra\u00e7\u00f5es externas e das vozes que nos rodeiam, somos convidados a entrar em um estado de presen\u00e7a profunda, onde podemos ouvir a voz silenciosa da nossa alma. Nesse sil\u00eancio, come\u00e7amos a perceber a sabedoria interna que sempre esteve dispon\u00edvel, mas que se encontrava ofuscada pelos ru\u00eddos da mente.<\/p>\n\n\n\n<p>Esse sil\u00eancio n\u00e3o \u00e9 vazio, mas cheio de significado. Ele nos permite refletir sobre o que realmente importa, questionar nossas prioridades e nos reconectar com nosso prop\u00f3sito essencial. Em muitos casos, ao silenciar as distra\u00e7\u00f5es, surgem insights poderosos sobre a vida, o trabalho, os relacionamentos e, acima de tudo, sobre nossa pr\u00f3pria jornada espiritual.<\/p>\n\n\n\n<h3 class=\"wp-block-heading\">2. <strong>Desapego e Conex\u00e3o com o Prop\u00f3sito Maior<\/strong><\/h3>\n\n\n\n<p>A medita\u00e7\u00e3o nos ensina a arte do desapego, ou seja, a capacidade de liberar as identifica\u00e7\u00f5es com os pap\u00e9is e expectativas que a sociedade coloca sobre n\u00f3s. Quando nos distanciamos do &#8220;ter&#8221; e do &#8220;fazer&#8221;, passamos a compreender que nossa verdadeira identidade n\u00e3o est\u00e1 em nossa profiss\u00e3o, status ou posse de bens materiais, mas em nossa ess\u00eancia espiritual e na conex\u00e3o com o universo.<\/p>\n\n\n\n<p>Esse processo de desapego \u00e9 libertador, pois permite que experimentemos a vida de uma maneira mais aut\u00eantica, em harmonia com nosso prop\u00f3sito maior. O desapego n\u00e3o significa renunciar ao mundo, mas nos desvincular de uma identifica\u00e7\u00e3o egoica com ele. Ao nos conectarmos com algo maior, encontramos um sentido mais profundo, que transcende as preocupa\u00e7\u00f5es superficiais da vida cotidiana.<\/p>\n\n\n\n<h3 class=\"wp-block-heading\">3. <strong>A Experi\u00eancia do Presente<\/strong><\/h3>\n\n\n\n<p>Vivemos em um mundo que constantemente nos impulsiona a pensar no futuro ou a reviver o passado. A medita\u00e7\u00e3o nos ensina a viver no agora, a experimentar o momento presente sem as distra\u00e7\u00f5es da mente. Quando nos entregamos ao presente, sem julgamentos ou expectativas, podemos vivenciar a vida de maneira plena e profunda.<\/p>\n\n\n\n<p>\u00c9 nesse estado de presen\u00e7a que encontramos a verdadeira paz e clareza. O presente \u00e9 o \u00fanico momento em que podemos agir, amar, sentir e crescer. Ao praticarmos a medita\u00e7\u00e3o, nos tornamos mais conscientes de cada momento e mais gratos pela experi\u00eancia de estar vivo. \u00c9 atrav\u00e9s dessa conscientiza\u00e7\u00e3o que a vida ganha sentido, pois a beleza e a profundidade da exist\u00eancia se revelam quando estamos verdadeiramente presentes.<\/p>\n\n\n\n<h3 class=\"wp-block-heading\">4. <strong>Autoconhecimento Profundo<\/strong><\/h3>\n\n\n\n<p>A medita\u00e7\u00e3o n\u00e3o \u00e9 apenas uma pr\u00e1tica para acalmar a mente, mas um caminho profundo de autoconhecimento. \u00c0 medida que cultivamos a pr\u00e1tica, come\u00e7amos a nos tornar mais conscientes dos padr\u00f5es de pensamento, emo\u00e7\u00f5es e cren\u00e7as que moldam nossa percep\u00e7\u00e3o da realidade. Com o tempo, isso nos permite desvendar camadas do ego, da identidade e das limita\u00e7\u00f5es que n\u00e3o s\u00e3o verdadeiramente nossas.<\/p>\n\n\n\n<p>Esse processo de autoexplora\u00e7\u00e3o nos ajuda a compreender o que realmente nos move, o que nos traz alegria, o que \u00e9 significativo e o que \u00e9 superficial. Esse autoconhecimento \u00e9 essencial para encontrar um prop\u00f3sito aut\u00eantico e viver uma vida mais plena e alinhada com quem realmente somos. O sentido da vida, ao ser revelado, se torna claro: viver de forma alinhada com nossa verdadeira natureza.<\/p>\n\n\n\n<h3 class=\"wp-block-heading\">5. <strong>Conex\u00e3o com o Universo e o Todo<\/strong><\/h3>\n\n\n\n<p>Meditar \u00e9 tamb\u00e9m uma forma de nos conectarmos com o todo, com a energia universal que permeia tudo. \u00c0 medida que nos afastamos das limita\u00e7\u00f5es do ego, experimentamos uma sensa\u00e7\u00e3o de unidade com a natureza, com os outros e com o cosmos. Sentir-se parte de algo maior nos ajuda a compreender que a nossa vida tem um impacto, mesmo que pequeno, em tudo o que nos cerca. Essa conex\u00e3o traz um sentido profundo, pois passamos a perceber que n\u00e3o somos seres isolados, mas partes de um grande e complexo sistema.<\/p>\n\n\n\n<p>Ao integrar essa vis\u00e3o de interconex\u00e3o, passamos a ver a vida com mais compaix\u00e3o e gratid\u00e3o, entendendo que tudo o que fazemos tem uma repercuss\u00e3o. Isso nos d\u00e1 um prop\u00f3sito mais profundo e nos convida a agir com mais responsabilidade e amor.<\/p>\n\n\n\n<h2 class=\"wp-block-heading\">Como a Medita\u00e7\u00e3o nos D\u00e1 Sentido na Pr\u00e1tica<\/h2>\n\n\n\n<p>Para muitos, a medita\u00e7\u00e3o pode ser a chave para redescobrir o significado da vida. A pr\u00e1tica di\u00e1ria, mesmo que por alguns minutos, pode transformar a maneira como vemos o mundo e a n\u00f3s mesmos. Aqui est\u00e3o algumas dicas pr\u00e1ticas para que voc\u00ea possa integrar a medita\u00e7\u00e3o de forma significativa na sua vida e descobrir seu verdadeiro sentido:<\/p>\n\n\n\n<h3 class=\"wp-block-heading\">1. <strong>Comece com Respira\u00e7\u00e3o Consciente<\/strong><\/h3>\n\n\n\n<p>A respira\u00e7\u00e3o consciente \u00e9 uma maneira simples e poderosa de iniciar a medita\u00e7\u00e3o. Concentre-se no ritmo da sua respira\u00e7\u00e3o e permita que ela te acalme. Observe como seu corpo reage ao simples ato de respirar profundamente. Isso ajuda a trazer a mente para o momento presente e a come\u00e7ar a desacelerar o fluxo de pensamentos.<\/p>\n\n\n\n<h3 class=\"wp-block-heading\">2. <strong>Medite Regularmente<\/strong><\/h3>\n\n\n\n<p>Crie uma rotina di\u00e1ria de medita\u00e7\u00e3o. Mesmo que seja por 10 ou 15 minutos, a consist\u00eancia \u00e9 fundamental. Com o tempo, a pr\u00e1tica se aprofunda e voc\u00ea come\u00e7a a perceber os benef\u00edcios, como a clareza mental, a redu\u00e7\u00e3o do estresse e a sensa\u00e7\u00e3o de conex\u00e3o com seu eu interior.<\/p>\n\n\n\n<h3 class=\"wp-block-heading\">3. <strong>Pratique a Gratid\u00e3o<\/strong><\/h3>\n\n\n\n<p>A medita\u00e7\u00e3o tamb\u00e9m \u00e9 uma oportunidade para praticar a gratid\u00e3o. Ao entrar em estado de sil\u00eancio, pense em tudo o que voc\u00ea \u00e9 grato. A gratid\u00e3o abre o cora\u00e7\u00e3o e nos conecta com o que realmente importa, revelando o sentido da vida atrav\u00e9s da aprecia\u00e7\u00e3o do que temos.<\/p>\n\n\n\n<h3 class=\"wp-block-heading\">4. <strong>Aceite o Processo<\/strong><\/h3>\n\n\n\n<p>Lembre-se de que o caminho da medita\u00e7\u00e3o \u00e9 uma jornada, n\u00e3o uma corrida. Seja gentil com voc\u00ea mesmo durante o processo e aceite os momentos de inquieta\u00e7\u00e3o mental ou desconforto. Com paci\u00eancia e persist\u00eancia, o sentido da vida come\u00e7a a se revelar, aos poucos, \u00e0 medida que voc\u00ea se conecta com o fluxo da exist\u00eancia.<\/p>\n\n\n\n<h2 class=\"wp-block-heading\"><\/h2>\n\n\n\n<p>A medita\u00e7\u00e3o \u00e9 uma ferramenta poderosa para encontrar o verdadeiro sentido da vida. Ela nos convida a silenciar as vozes externas, olhar para dentro e conectar-se com o presente, o prop\u00f3sito e o universo ao nosso redor. Atrav\u00e9s da pr\u00e1tica constante, a medita\u00e7\u00e3o nos ajuda a descobrir quem somos realmente, a nos libertar das limita\u00e7\u00f5es do ego e a encontrar um significado mais profundo e aut\u00eantico para nossa exist\u00eancia.<\/p>\n\n\n\n<p>Portanto, ao meditarmos, n\u00e3o apenas damos sentido \u00e0s nossas vidas, mas tamb\u00e9m nos tornamos mais conscientes, compassivos e conectados com tudo o que nos cerca. Em \u00faltima an\u00e1lise, a medita\u00e7\u00e3o nos ensina que o sentido da vida est\u00e1 na viv\u00eancia plena do momento presente, na aceita\u00e7\u00e3o de nossa jornada e na conex\u00e3o com a vastid\u00e3o do universo.<\/p>\n\n\n\n<p><\/p>\n\n\n\n<p><\/p>\n\n\n\n<p><mark style=\"background-color:rgba(0, 0, 0, 0);color:#ffffff\" class=\"has-inline-color\">.<\/mark><\/p>\n\n\n\n<p><mark style=\"background-color:rgba(0, 0, 0, 0);color:#ffffff\" class=\"has-inline-color\">.<\/mark><\/p>\n\n\n\n<p>\ud83c\udfa7 <strong>Playlist completa desse epis\u00f3dio no Youtube!<\/strong><\/p>\n\n\n\n<figure class=\"wp-block-embed is-type-video is-provider-youtube wp-block-embed-youtube wp-embed-aspect-16-9 wp-has-aspect-ratio\"><div class=\"wp-block-embed__wrapper\">\n<iframe loading=\"lazy\" title=\"Meditantes PodCast #42\" width=\"500\" height=\"281\" src=\"https:\/\/www.youtube.com\/embed\/videoseries?list=PLjXLCSmO7rtqaF5r6J5chWP78WO8APrrz\" frameborder=\"0\" allow=\"accelerometer; autoplay; clipboard-write; encrypted-media; gyroscope; picture-in-picture; web-share\" referrerpolicy=\"strict-origin-when-cross-origin\" allowfullscreen><\/iframe>\n<\/div><\/figure>\n\n\n\n<p><mark style=\"background-color:rgba(0, 0, 0, 0);color:#ffffff\" class=\"has-inline-color\">.<\/mark><\/p>\n\n\n\n<p><mark style=\"background-color:rgba(0, 0, 0, 0);color:#ffffff\" class=\"has-inline-color\">.<\/mark><\/p>\n\n\n\n<p>\ud83c\udfa7 <strong>Playlist completa desse epis\u00f3dio no Spotify<\/strong><\/p>\n\n\n\n<figure class=\"wp-block-embed is-type-rich is-provider-spotify wp-block-embed-spotify wp-embed-aspect-21-9 wp-has-aspect-ratio\"><div class=\"wp-block-embed__wrapper\">\n<iframe title=\"Spotify Embed: Meditantes PodCast #42\" style=\"border-radius: 12px\" width=\"100%\" height=\"352\" frameborder=\"0\" allowfullscreen allow=\"autoplay; clipboard-write; encrypted-media; fullscreen; picture-in-picture\" loading=\"lazy\" src=\"https:\/\/open.spotify.com\/embed\/playlist\/1O3uTmtpJS7asTV7QGKoWy?utm_source=oembed\"><\/iframe>\n<\/div><\/figure>\n\n\n\n<p><mark style=\"background-color:rgba(0, 0, 0, 0);color:#ffffff\" class=\"has-inline-color\">.<\/mark><\/p>\n\n\n\n<p><strong>Gostou?&nbsp;Comenta, compartilha\u2026<\/strong><\/p>\n\n\n\n<p><\/p>\n","protected":false},"excerpt":{"rendered":"<p>A medita\u00e7\u00e3o \u00e9 um convite ao sil\u00eancio profundo que nos permite olhar para dentro e descobrir o verdadeiro sentido da&hellip;<\/p>\n","protected":false},"author":1,"featured_media":0,"comment_status":"open","ping_status":"open","sticky":false,"template":"","format":"standard","meta":{"footnotes":""},"categories":[18,4,135],"tags":[],"class_list":["post-3978","post","type-post","status-publish","format-standard","hentry","category-temporada01","category-meditantes-podcast","category-meditantes-podcast-42"],"_links":{"self":[{"href":"https:\/\/meditantes.com.br\/news\/index.php?rest_route=\/wp\/v2\/posts\/3978","targetHints":{"allow":["GET"]}}],"collection":[{"href":"https:\/\/meditantes.com.br\/news\/index.php?rest_route=\/wp\/v2\/posts"}],"about":[{"href":"https:\/\/meditantes.com.br\/news\/index.php?rest_route=\/wp\/v2\/types\/post"}],"author":[{"embeddable":true,"href":"https:\/\/meditantes.com.br\/news\/index.php?rest_route=\/wp\/v2\/users\/1"}],"replies":[{"embeddable":true,"href":"https:\/\/meditantes.com.br\/news\/index.php?rest_route=%2Fwp%2Fv2%2Fcomments&post=3978"}],"version-history":[{"count":2,"href":"https:\/\/meditantes.com.br\/news\/index.php?rest_route=\/wp\/v2\/posts\/3978\/revisions"}],"predecessor-version":[{"id":3980,"href":"https:\/\/meditantes.com.br\/news\/index.php?rest_route=\/wp\/v2\/posts\/3978\/revisions\/3980"}],"wp:attachment":[{"href":"https:\/\/meditantes.com.br\/news\/index.php?rest_route=%2Fwp%2Fv2%2Fmedia&parent=3978"}],"wp:term":[{"taxonomy":"category","embeddable":true,"href":"https:\/\/meditantes.com.br\/news\/index.php?rest_route=%2Fwp%2Fv2%2Fcategories&post=3978"},{"taxonomy":"post_tag","embeddable":true,"href":"https:\/\/meditantes.com.br\/news\/index.php?rest_route=%2Fwp%2Fv2%2Ftags&post=3978"}],"curies":[{"name":"wp","href":"https:\/\/api.w.org\/{rel}","templated":true}]}}