{"id":3981,"date":"2024-01-15T18:03:00","date_gmt":"2024-01-15T18:03:00","guid":{"rendered":"https:\/\/meditantes.com.br\/news\/?p=3981"},"modified":"2024-11-20T15:04:54","modified_gmt":"2024-11-20T15:04:54","slug":"paz-e-amorosidade-desde-a-primeira-meditacao","status":"publish","type":"post","link":"https:\/\/meditantes.com.br\/news\/?p=3981","title":{"rendered":"Paz e Amorosidade desde a Primeira Medita\u00e7\u00e3o"},"content":{"rendered":"\n<p><em>Desde o primeiro suspiro de uma medita\u00e7\u00e3o, somos convidados a adentrar um estado de paz profunda e amorosidade que transcende o entendimento racional. Ao focarmos nossa aten\u00e7\u00e3o no momento presente, os barulhos da mente come\u00e7am a se dissipar, abrindo espa\u00e7o para a suavidade do ser. Nesse espa\u00e7o silencioso, algo transforma: a paz, que sempre esteve dentro de n\u00f3s, come\u00e7a a se revelar, e o amor incondicional que transcende todas as fronteiras surge de forma natural. A cada pr\u00e1tica, nos tornamos mais conscientes dessa conex\u00e3o vital, e logo descobrimos que a verdadeira paz e a amorosidade n\u00e3o s\u00e3o apenas resultados da medita\u00e7\u00e3o, mas a ess\u00eancia de nossa pr\u00f3pria exist\u00eancia.<\/em><\/p>\n\n\n\n<p><\/p>\n\n\n\n<p><mark style=\"background-color:rgba(0, 0, 0, 0);color:#ffffff\" class=\"has-inline-color\">.<\/mark><\/p>\n\n\n\n<p><mark style=\"background-color:rgba(0, 0, 0, 0);color:#ffffff\" class=\"has-inline-color\">.<\/mark><\/p>\n\n\n\n<figure class=\"wp-block-embed is-type-video is-provider-youtube wp-block-embed-youtube wp-embed-aspect-16-9 wp-has-aspect-ratio\"><div class=\"wp-block-embed__wrapper\">\n<iframe loading=\"lazy\" title=\"Paz e Amorosidade na Primeira Medita\u00e7\u00e3o - Meditantes PodCast #42\" width=\"500\" height=\"281\" src=\"https:\/\/www.youtube.com\/embed\/6av3LLMS2Uk?list=PLjXLCSmO7rtqaF5r6J5chWP78WO8APrrz\" frameborder=\"0\" allow=\"accelerometer; autoplay; clipboard-write; encrypted-media; gyroscope; picture-in-picture; web-share\" referrerpolicy=\"strict-origin-when-cross-origin\" allowfullscreen><\/iframe>\n<\/div><\/figure>\n\n\n\n<p><mark style=\"background-color:rgba(0, 0, 0, 0);color:#ffffff\" class=\"has-inline-color\">.<\/mark><\/p>\n\n\n\n<p><mark style=\"background-color:rgba(0, 0, 0, 0);color:#ffffff\" class=\"has-inline-color\">.<\/mark><\/p>\n\n\n\n<p><\/p>\n\n\n\n<h1 class=\"wp-block-heading\">O Poder Transformador da Conex\u00e3o Interior<\/h1>\n\n\n\n<p>A busca por paz e amorosidade \u00e9 um desejo universal. Em um mundo onde os desafios di\u00e1rios, as preocupa\u00e7\u00f5es e os conflitos internos muitas vezes nos desconectam de nossa ess\u00eancia, a medita\u00e7\u00e3o se apresenta como um portal para a transforma\u00e7\u00e3o. A medita\u00e7\u00e3o, mesmo em sua primeira pr\u00e1tica, tem o poder de nos conectar com a paz e o amor profundos que residem em nosso interior. A experi\u00eancia de sentir essa paz desde o primeiro momento da medita\u00e7\u00e3o pode ser uma revela\u00e7\u00e3o poderosa e transformadora.<\/p>\n\n\n\n<p>Este artigo explora como, desde a primeira medita\u00e7\u00e3o, podemos experimentar a sensa\u00e7\u00e3o de paz e amorosidade e como essa pr\u00e1tica simples, mas profunda, pode nos guiar para uma vida mais plena, consciente e harmoniosa.<\/p>\n\n\n\n<h2 class=\"wp-block-heading\">O In\u00edcio da Jornada: Conectando-se com a Paz Interior<\/h2>\n\n\n\n<p>Meditar pela primeira vez pode ser um momento de pura descoberta. A mente, geralmente tomada por uma enxurrada de pensamentos e preocupa\u00e7\u00f5es, encontra um ponto de ancoragem no presente. O simples ato de fechar os olhos e focar na respira\u00e7\u00e3o ou em um mantra come\u00e7a a criar um espa\u00e7o de sil\u00eancio. Este sil\u00eancio, ao contr\u00e1rio do vazio, \u00e9 carregado de uma profundidade de presen\u00e7a. A paz interior n\u00e3o est\u00e1 em um estado distante ou inalcan\u00e7\u00e1vel, mas reside em nosso ser, esperando ser redescoberta.<\/p>\n\n\n\n<p>Ao dar o primeiro passo na medita\u00e7\u00e3o, podemos sentir que, apesar do turbilh\u00e3o de pensamentos que muitas vezes nos dominam, h\u00e1 uma calmaria profunda dispon\u00edvel. Essa calma n\u00e3o \u00e9 for\u00e7ada, mas simplesmente permite ser experimentada quando estamos dispostos a nos render ao momento presente. A paz que sentimos na medita\u00e7\u00e3o n\u00e3o \u00e9 a aus\u00eancia de desafios ou conflitos, mas a capacidade de estar em paz apesar deles. A pr\u00e1tica nos ensina a responder \u00e0 vida com mais tranquilidade e clareza, ao inv\u00e9s de reagir impulsivamente aos est\u00edmulos externos.<\/p>\n\n\n\n<h2 class=\"wp-block-heading\">Amorosidade: O Sentimento que Brota Naturalmente da Pr\u00e1tica<\/h2>\n\n\n\n<p>Assim como a paz, o amor tamb\u00e9m pode surgir de maneira espont\u00e2nea durante a medita\u00e7\u00e3o. Esse amor n\u00e3o \u00e9 o amor rom\u00e2ntico ou condicional, mas o amor incondicional que \u00e9 natural em nossa ess\u00eancia mais pura. \u00c0 medida que desaceleramos o ritmo fren\u00e9tico da mente, podemos come\u00e7ar a sentir uma abertura em nosso cora\u00e7\u00e3o \u2014 uma conex\u00e3o com algo maior que transcende o ego e as barreiras pessoais.<\/p>\n\n\n\n<p>Meditar, portanto, \u00e9 um convite a acessar essa energia amorosa que est\u00e1 dentro de n\u00f3s, esperando ser expressada. Em muitos casos, as primeiras experi\u00eancias meditativas podem nos trazer uma sensa\u00e7\u00e3o profunda de compaix\u00e3o, tanto por n\u00f3s mesmos quanto pelos outros. Essa compaix\u00e3o n\u00e3o se limita a um pensamento ou a\u00e7\u00e3o espec\u00edfica, mas se torna uma qualidade natural que come\u00e7a a se manifestar em todas as \u00e1reas da vida.<\/p>\n\n\n\n<p>A medita\u00e7\u00e3o nos ensina a aceitar a n\u00f3s mesmos e aos outros com mais gentileza, a liberar o julgamento e a abrir o cora\u00e7\u00e3o para uma aceita\u00e7\u00e3o incondicional. Quando praticamos a medita\u00e7\u00e3o de forma regular, nossa capacidade de sentir amor e compaix\u00e3o se expande, e nossa vis\u00e3o do mundo se transforma. O amor que experimentamos na pr\u00e1tica meditativa \u00e9 uma energia curadora que n\u00e3o s\u00f3 nos transforma, mas tamb\u00e9m irradia para o mundo ao nosso redor.<\/p>\n\n\n\n<h2 class=\"wp-block-heading\">Como Sentir Paz e Amorosidade desde a Primeira Medita\u00e7\u00e3o<\/h2>\n\n\n\n<p>Embora as primeiras experi\u00eancias de medita\u00e7\u00e3o possam ser desafiadoras para muitas pessoas, \u00e9 poss\u00edvel sentir paz e amor desde o in\u00edcio. Aqui est\u00e3o algumas orienta\u00e7\u00f5es para cultivar essas sensa\u00e7\u00f5es j\u00e1 na sua primeira pr\u00e1tica:<\/p>\n\n\n\n<h3 class=\"wp-block-heading\">1. <strong>Crie um Ambiente Tranquilo e Confort\u00e1vel<\/strong><\/h3>\n\n\n\n<p>O ambiente ao seu redor tem um grande impacto na qualidade da medita\u00e7\u00e3o. Procure um lugar calmo, livre de interrup\u00e7\u00f5es, onde voc\u00ea se sinta seguro e confort\u00e1vel. Isso ajuda a criar uma atmosfera de serenidade, facilitando o acesso \u00e0 paz interior. Uma ilumina\u00e7\u00e3o suave, uma vela ou at\u00e9 mesmo uma m\u00fasica tranquila pode contribuir para o relaxamento inicial.<\/p>\n\n\n\n<h3 class=\"wp-block-heading\">2. <strong>Foque na Respira\u00e7\u00e3o<\/strong><\/h3>\n\n\n\n<p>A respira\u00e7\u00e3o \u00e9 uma \u00e2ncora poderosa que nos conecta com o momento presente. Ao focar na sua respira\u00e7\u00e3o, voc\u00ea come\u00e7a a acalmar a mente. Inspire profundamente, sentindo o ar entrando em seus pulm\u00f5es, e expire devagar, liberando tens\u00f5es. Sinta como cada respira\u00e7\u00e3o o conecta com a paz do agora. Permita-se sentir a expans\u00e3o do corpo a cada inspira\u00e7\u00e3o e a suaviza\u00e7\u00e3o a cada expira\u00e7\u00e3o.<\/p>\n\n\n\n<h3 class=\"wp-block-heading\">3. <strong>Pratique a Aten\u00e7\u00e3o Plena (Mindfulness)<\/strong><\/h3>\n\n\n\n<p>A pr\u00e1tica de mindfulness \u00e9 essencial para nos mantermos no presente, sem nos perdermos em pensamentos sobre o passado ou o futuro. Durante a medita\u00e7\u00e3o, observe os pensamentos que surgem, mas sem se apegar a eles. Deixe-os passar como nuvens no c\u00e9u. Concentre-se em sua respira\u00e7\u00e3o, nos sons ao seu redor, ou em um mantra. Isso ajuda a liberar as distra\u00e7\u00f5es da mente e cria espa\u00e7o para a paz e o amor flu\u00edrem naturalmente.<\/p>\n\n\n\n<h3 class=\"wp-block-heading\">4. <strong>Use Mantras ou Afirma\u00e7\u00f5es Positivas<\/strong><\/h3>\n\n\n\n<p>Mantras, palavras ou frases simples que voc\u00ea repete durante a medita\u00e7\u00e3o, podem ser poderosas ferramentas para cultivar paz e amor. Palavras como &#8220;Eu sou paz&#8221;, &#8220;Eu sou amor&#8221;, ou &#8220;Eu sou suficiente&#8221; podem ressoar profundamente com sua alma e ajud\u00e1-lo a se conectar com esses sentimentos essenciais. A repeti\u00e7\u00e3o dessas palavras cria uma vibra\u00e7\u00e3o de tranquilidade que acalma a mente e abre o cora\u00e7\u00e3o.<\/p>\n\n\n\n<h3 class=\"wp-block-heading\">5. <strong>Pratique a Autoaceita\u00e7\u00e3o<\/strong><\/h3>\n\n\n\n<p>Durante a medita\u00e7\u00e3o, \u00e9 comum que surjam pensamentos de cr\u00edtica ou julgamento. Quando isso acontecer, lembre-se de ser gentil com voc\u00ea mesmo. A pr\u00e1tica meditativa \u00e9 um espa\u00e7o de autoaceita\u00e7\u00e3o, onde voc\u00ea pode simplesmente ser quem voc\u00ea \u00e9, sem cobran\u00e7as ou expectativas. Ao permitir-se ser, voc\u00ea come\u00e7a a cultivar o amor por si mesmo, e essa energia se expande para todos os aspectos da sua vida.<\/p>\n\n\n\n<h3 class=\"wp-block-heading\">6. <strong>Cultive a Gratid\u00e3o<\/strong><\/h3>\n\n\n\n<p>A gratid\u00e3o \u00e9 uma poderosa ferramenta para abrir o cora\u00e7\u00e3o. Antes de iniciar sua medita\u00e7\u00e3o, reserve um momento para refletir sobre o que voc\u00ea \u00e9 grato. Pode ser algo simples, como a respira\u00e7\u00e3o, a sa\u00fade, a beleza da natureza ou a presen\u00e7a de entes queridos. Esse foco na gratid\u00e3o transforma sua energia e cria uma atmosfera de paz e amor.<\/p>\n\n\n\n<h2 class=\"wp-block-heading\">O Impacto da Medita\u00e7\u00e3o na Vida Cotidiana<\/h2>\n\n\n\n<p>Sentir paz e amorosidade desde a primeira medita\u00e7\u00e3o n\u00e3o se limita ao momento da pr\u00e1tica. Os efeitos dessa conex\u00e3o interior come\u00e7am a se refletir em nossa vida cotidiana. A paz que experimentamos na medita\u00e7\u00e3o nos ajuda a lidar com os desafios com mais equil\u00edbrio e clareza. O amor que cultivamos em nosso cora\u00e7\u00e3o se manifesta em nossas intera\u00e7\u00f5es com os outros, criando um ambiente de harmonia e compaix\u00e3o.<\/p>\n\n\n\n<p>A pr\u00e1tica cont\u00ednua da medita\u00e7\u00e3o fortalece essas qualidades e nos ajuda a nos lembrar constantemente de nossa verdadeira natureza \u2014 uma natureza essencialmente pac\u00edfica e amorosa. \u00c0 medida que nos tornamos mais conectados com a paz interior, come\u00e7amos a perceber que a verdadeira fonte de felicidade n\u00e3o est\u00e1 fora de n\u00f3s, mas dentro, no espa\u00e7o sereno e amoroso que a medita\u00e7\u00e3o nos revela.<\/p>\n\n\n\n<h2 class=\"wp-block-heading\"><\/h2>\n\n\n\n<p>Sentir paz e amorosidade desde a primeira medita\u00e7\u00e3o \u00e9 uma experi\u00eancia transformadora. Embora a jornada meditativa seja profunda e cont\u00ednua, as sementes dessa paz e amor podem ser semeadas no momento em que decidimos fazer a primeira pausa, fechar os olhos e voltar ao nosso centro. Meditar n\u00e3o \u00e9 apenas uma pr\u00e1tica de relaxamento, mas um caminho para nos conectarmos com nossa verdadeira ess\u00eancia, revelando a paz e o amor que sempre existiram dentro de n\u00f3s.<\/p>\n\n\n\n<p>A medita\u00e7\u00e3o \u00e9 um convite para viver de forma mais plena, consciente e compassiva. Ao incorporar esses sentimentos em nossa pr\u00e1tica di\u00e1ria, somos capazes de transformar nossa vida, criando um espa\u00e7o de paz interior que se reflete em nosso mundo exterior. Que a medita\u00e7\u00e3o seja o portal para voc\u00ea descobrir a paz que reside em seu cora\u00e7\u00e3o e o amor que espera para ser compartilhado com o mundo.<\/p>\n\n\n\n<p><\/p>\n\n\n\n<p><\/p>\n\n\n\n<p><mark style=\"background-color:rgba(0, 0, 0, 0);color:#ffffff\" class=\"has-inline-color\">.<\/mark><\/p>\n\n\n\n<p><mark style=\"background-color:rgba(0, 0, 0, 0);color:#ffffff\" class=\"has-inline-color\">.<\/mark><\/p>\n\n\n\n<p>\ud83c\udfa7 <strong>Playlist completa desse epis\u00f3dio no Youtube!<\/strong><\/p>\n\n\n\n<figure class=\"wp-block-embed is-type-video is-provider-youtube wp-block-embed-youtube wp-embed-aspect-16-9 wp-has-aspect-ratio\"><div class=\"wp-block-embed__wrapper\">\n<iframe loading=\"lazy\" title=\"Meditantes PodCast #42\" width=\"500\" height=\"281\" src=\"https:\/\/www.youtube.com\/embed\/videoseries?list=PLjXLCSmO7rtqaF5r6J5chWP78WO8APrrz\" frameborder=\"0\" allow=\"accelerometer; autoplay; clipboard-write; encrypted-media; gyroscope; picture-in-picture; web-share\" referrerpolicy=\"strict-origin-when-cross-origin\" allowfullscreen><\/iframe>\n<\/div><\/figure>\n\n\n\n<p><mark style=\"background-color:rgba(0, 0, 0, 0);color:#ffffff\" class=\"has-inline-color\">.<\/mark><\/p>\n\n\n\n<p><mark style=\"background-color:rgba(0, 0, 0, 0);color:#ffffff\" class=\"has-inline-color\">.<\/mark><\/p>\n\n\n\n<p>\ud83c\udfa7 <strong>Playlist completa desse epis\u00f3dio no Spotify<\/strong><\/p>\n\n\n\n<figure class=\"wp-block-embed is-type-rich is-provider-spotify wp-block-embed-spotify wp-embed-aspect-21-9 wp-has-aspect-ratio\"><div class=\"wp-block-embed__wrapper\">\n<iframe title=\"Spotify Embed: Meditantes PodCast #42\" style=\"border-radius: 12px\" width=\"100%\" height=\"352\" frameborder=\"0\" allowfullscreen allow=\"autoplay; clipboard-write; encrypted-media; fullscreen; picture-in-picture\" loading=\"lazy\" src=\"https:\/\/open.spotify.com\/embed\/playlist\/1O3uTmtpJS7asTV7QGKoWy?utm_source=oembed\"><\/iframe>\n<\/div><\/figure>\n\n\n\n<p><mark style=\"background-color:rgba(0, 0, 0, 0);color:#ffffff\" class=\"has-inline-color\">.<\/mark><\/p>\n\n\n\n<p><strong>Gostou?&nbsp;Comenta, compartilha\u2026<\/strong><\/p>\n\n\n\n<p><\/p>\n","protected":false},"excerpt":{"rendered":"<p>Desde o primeiro suspiro de uma medita\u00e7\u00e3o, somos convidados a adentrar um estado de paz profunda e amorosidade que transcende&hellip;<\/p>\n","protected":false},"author":1,"featured_media":0,"comment_status":"open","ping_status":"open","sticky":false,"template":"","format":"standard","meta":{"footnotes":""},"categories":[18,4,135],"tags":[],"class_list":["post-3981","post","type-post","status-publish","format-standard","hentry","category-temporada01","category-meditantes-podcast","category-meditantes-podcast-42"],"_links":{"self":[{"href":"https:\/\/meditantes.com.br\/news\/index.php?rest_route=\/wp\/v2\/posts\/3981","targetHints":{"allow":["GET"]}}],"collection":[{"href":"https:\/\/meditantes.com.br\/news\/index.php?rest_route=\/wp\/v2\/posts"}],"about":[{"href":"https:\/\/meditantes.com.br\/news\/index.php?rest_route=\/wp\/v2\/types\/post"}],"author":[{"embeddable":true,"href":"https:\/\/meditantes.com.br\/news\/index.php?rest_route=\/wp\/v2\/users\/1"}],"replies":[{"embeddable":true,"href":"https:\/\/meditantes.com.br\/news\/index.php?rest_route=%2Fwp%2Fv2%2Fcomments&post=3981"}],"version-history":[{"count":2,"href":"https:\/\/meditantes.com.br\/news\/index.php?rest_route=\/wp\/v2\/posts\/3981\/revisions"}],"predecessor-version":[{"id":3983,"href":"https:\/\/meditantes.com.br\/news\/index.php?rest_route=\/wp\/v2\/posts\/3981\/revisions\/3983"}],"wp:attachment":[{"href":"https:\/\/meditantes.com.br\/news\/index.php?rest_route=%2Fwp%2Fv2%2Fmedia&parent=3981"}],"wp:term":[{"taxonomy":"category","embeddable":true,"href":"https:\/\/meditantes.com.br\/news\/index.php?rest_route=%2Fwp%2Fv2%2Fcategories&post=3981"},{"taxonomy":"post_tag","embeddable":true,"href":"https:\/\/meditantes.com.br\/news\/index.php?rest_route=%2Fwp%2Fv2%2Ftags&post=3981"}],"curies":[{"name":"wp","href":"https:\/\/api.w.org\/{rel}","templated":true}]}}