{"id":4012,"date":"2024-01-29T18:02:00","date_gmt":"2024-01-29T18:02:00","guid":{"rendered":"https:\/\/meditantes.com.br\/news\/?p=4012"},"modified":"2024-11-20T16:10:25","modified_gmt":"2024-11-20T16:10:25","slug":"o-problema-nao-e-a-meditacao-e-o-metodo","status":"publish","type":"post","link":"https:\/\/meditantes.com.br\/news\/?p=4012","title":{"rendered":"O Problema N\u00e3o \u00e9 a Medita\u00e7\u00e3o \u00e9 o M\u00e9todo"},"content":{"rendered":"\n<p><em>O verdadeiro poder da medita\u00e7\u00e3o n\u00e3o reside na pr\u00e1tica em si, mas na qualidade e no m\u00e9todo que escolhemos para acess\u00e1-la. Muitas vezes, nos frustramos ao tentar meditar sem compreender que o m\u00e9todo inadequado pode gerar resist\u00eancia e desconforto. A medita\u00e7\u00e3o \u00e9 uma ferramenta pura e transformadora, mas \u00e9 preciso encontrar o caminho certo que ressoe com a nossa ess\u00eancia, que nos guie de forma tranquila e eficaz. Quando escolhemos o m\u00e9todo adequado, a pr\u00e1tica se torna um portal de autoconhecimento e cura, proporcionando a paz interior que buscamos. O problema nunca \u00e9 a medita\u00e7\u00e3o, mas como a praticamos.<\/em><\/p>\n\n\n\n<p><\/p>\n\n\n\n<p><mark style=\"background-color:rgba(0, 0, 0, 0);color:#ffffff\" class=\"has-inline-color\">.<\/mark><\/p>\n\n\n\n<p><mark style=\"background-color:rgba(0, 0, 0, 0);color:#ffffff\" class=\"has-inline-color\">.<\/mark><\/p>\n\n\n\n<figure class=\"wp-block-embed is-type-video is-provider-youtube wp-block-embed-youtube wp-embed-aspect-16-9 wp-has-aspect-ratio\"><div class=\"wp-block-embed__wrapper\">\n<iframe loading=\"lazy\" title=\"O Problema N\u00e3o \u00e9 a Medita\u00e7\u00e3o \u00e9 o M\u00e9todo - Meditantes PodCast #44\" width=\"500\" height=\"281\" src=\"https:\/\/www.youtube.com\/embed\/d309aaRZ2g0?list=PLjXLCSmO7rtrjLj5ySldSN4JsAqYW7pMT\" frameborder=\"0\" allow=\"accelerometer; autoplay; clipboard-write; encrypted-media; gyroscope; picture-in-picture; web-share\" referrerpolicy=\"strict-origin-when-cross-origin\" allowfullscreen><\/iframe>\n<\/div><\/figure>\n\n\n\n<p><mark style=\"background-color:rgba(0, 0, 0, 0);color:#ffffff\" class=\"has-inline-color\">.<\/mark><\/p>\n\n\n\n<p><mark style=\"background-color:rgba(0, 0, 0, 0);color:#ffffff\" class=\"has-inline-color\">.<\/mark><\/p>\n\n\n\n<p><\/p>\n\n\n\n<h3 class=\"wp-block-heading\">Uma Reflex\u00e3o Profunda sobre a Pr\u00e1tica e Seus Caminhos<\/h3>\n\n\n\n<p>A medita\u00e7\u00e3o \u00e9, para muitos, um portal para o autoconhecimento, um espa\u00e7o de cura e transforma\u00e7\u00e3o interior. No entanto, apesar dos incont\u00e1veis benef\u00edcios da pr\u00e1tica meditativa, muitos encontram dificuldades em desenvolver uma pr\u00e1tica regular e eficaz. A raiz desse problema muitas vezes n\u00e3o est\u00e1 na medita\u00e7\u00e3o em si, mas no m\u00e9todo utilizado. A medita\u00e7\u00e3o, em sua ess\u00eancia, \u00e9 uma experi\u00eancia universal e acess\u00edvel, mas a abordagem que escolhemos pode ser o que determina o sucesso ou o fracasso da nossa jornada. Este artigo busca explorar a complexidade do m\u00e9todo meditativo, como ele pode influenciar a experi\u00eancia e como ajustar nossa pr\u00e1tica para alcan\u00e7ar o verdadeiro potencial da medita\u00e7\u00e3o.<\/p>\n\n\n\n<h3 class=\"wp-block-heading\">A Medita\u00e7\u00e3o: Um Caminho Universal<\/h3>\n\n\n\n<p>Antes de discutirmos os m\u00e9todos, \u00e9 importante compreender a medita\u00e7\u00e3o em sua ess\u00eancia. A medita\u00e7\u00e3o \u00e9 uma pr\u00e1tica que visa acalmar a mente, reduzir o estresse e a ansiedade, promover o autoconhecimento e nos conectar com uma dimens\u00e3o mais profunda de nosso ser. Ao longo dos s\u00e9culos, ela foi cultivada por diversas tradi\u00e7\u00f5es espirituais ao redor do mundo, do Budismo ao Yoga, do Tao\u00edsmo \u00e0 pr\u00e1tica de mindfulness ocidental.<\/p>\n\n\n\n<p>O que torna a medita\u00e7\u00e3o t\u00e3o poderosa \u00e9 sua simplicidade. Ela n\u00e3o exige habilidades especiais, nem um ambiente particular. Pode ser realizada em qualquer lugar e a qualquer momento, e os seus benef\u00edcios s\u00e3o universais \u2014 desde a promo\u00e7\u00e3o da sa\u00fade mental at\u00e9 o aumento da consci\u00eancia espiritual.<\/p>\n\n\n\n<p>No entanto, muitas pessoas se deparam com dificuldades, como uma mente agitada, desconforto f\u00edsico ou a sensa\u00e7\u00e3o de que &#8220;n\u00e3o est\u00e3o fazendo certo&#8221;. A verdadeira quest\u00e3o, muitas vezes, n\u00e3o \u00e9 a medita\u00e7\u00e3o, mas o m\u00e9todo empregado.<\/p>\n\n\n\n<h3 class=\"wp-block-heading\">O M\u00e9todo: A Chave para uma Pr\u00e1tica Eficaz<\/h3>\n\n\n\n<p>Quando falamos de m\u00e9todos de medita\u00e7\u00e3o, nos referimos \u00e0s diferentes abordagens e t\u00e9cnicas utilizadas para alcan\u00e7ar os estados meditativos desejados. Essas abordagens podem variar de simples t\u00e9cnicas de respira\u00e7\u00e3o, como o &#8220;foco na respira\u00e7\u00e3o&#8221;, at\u00e9 formas mais complexas como a visualiza\u00e7\u00e3o, a medita\u00e7\u00e3o transcendental ou a medita\u00e7\u00e3o com mantras.<\/p>\n\n\n\n<p>Cada pessoa \u00e9 \u00fanica, e o m\u00e9todo que funciona para uma pessoa pode n\u00e3o ser eficaz para outra. Isso n\u00e3o significa que a medita\u00e7\u00e3o n\u00e3o seja a solu\u00e7\u00e3o, mas sim que a t\u00e9cnica utilizada pode n\u00e3o ser a mais adequada para aquele indiv\u00edduo em particular.<\/p>\n\n\n\n<h4 class=\"wp-block-heading\">1. <strong>Falta de Direcionamento Claro:<\/strong><\/h4>\n\n\n\n<p>Uma das principais dificuldades que as pessoas enfrentam ao tentar meditar \u00e9 a falta de um direcionamento claro no m\u00e9todo. As instru\u00e7\u00f5es vagamente formuladas, a aus\u00eancia de acompanhamento ou a tentativa de seguir t\u00e9cnicas avan\u00e7adas antes de dominar os conceitos b\u00e1sicos podem gerar confus\u00e3o e frustra\u00e7\u00e3o. A medita\u00e7\u00e3o requer pr\u00e1tica e paci\u00eancia, e um bom m\u00e9todo precisa ser adaptado ao n\u00edvel de experi\u00eancia de cada um. Sem um direcionamento claro, o praticante pode sentir que est\u00e1 apenas &#8220;sentado sem fazer nada&#8221;, sem entender a import\u00e2ncia de sua pr\u00e1tica.<\/p>\n\n\n\n<h4 class=\"wp-block-heading\">2. <strong>Expectativas Irrealistas:<\/strong><\/h4>\n\n\n\n<p>Muitas pessoas come\u00e7am a meditar com a expectativa de alcan\u00e7ar um estado de &#8220;ilumina\u00e7\u00e3o&#8221; imediata ou um profundo senso de paz. Embora a medita\u00e7\u00e3o ofere\u00e7a tais experi\u00eancias, elas geralmente surgem ap\u00f3s um per\u00edodo de pr\u00e1tica constante. Quando o m\u00e9todo \u00e9 abordado com expectativas irreais ou um foco excessivo nos resultados, o praticante pode se frustrar ao n\u00e3o atingir os estados esperados. A medita\u00e7\u00e3o deve ser vista como uma jornada, e o m\u00e9todo deve ajudar o praticante a se conectar com o momento presente, sem pressa ou expectativas.<\/p>\n\n\n\n<h4 class=\"wp-block-heading\">3. <strong>M\u00e9todos Gen\u00e9ricos vs. Personaliza\u00e7\u00e3o:<\/strong><\/h4>\n\n\n\n<p>Outro desafio importante \u00e9 a tend\u00eancia de seguir m\u00e9todos gen\u00e9ricos sem considerar a personalidade, a constitui\u00e7\u00e3o e as necessidades individuais do praticante. H\u00e1 uma grande variedade de m\u00e9todos de medita\u00e7\u00e3o, cada um projetado para atender a diferentes prop\u00f3sitos, como aumentar a concentra\u00e7\u00e3o, reduzir o estresse, desenvolver a compaix\u00e3o ou alcan\u00e7ar estados de tranquilidade profunda. No entanto, muitas pessoas tentam se adaptar a m\u00e9todos que n\u00e3o ressoam com elas, o que pode dificultar os resultados.<\/p>\n\n\n\n<p>Por exemplo, uma pessoa com uma mente muito agitada pode achar que a medita\u00e7\u00e3o &#8220;vazia&#8221; ou sem foco \u00e9 ineficaz, enquanto outra pode achar que uma medita\u00e7\u00e3o com mantras, que oferece um ponto de foco constante, \u00e9 mais \u00fatil. A chave aqui \u00e9 que a medita\u00e7\u00e3o n\u00e3o \u00e9 um &#8220;tamanho \u00fanico&#8221;. Cada pessoa precisa explorar diferentes m\u00e9todos at\u00e9 encontrar aquele que ressoe mais com sua natureza.<\/p>\n\n\n\n<h3 class=\"wp-block-heading\">Como Ajustar o M\u00e9todo para uma Pr\u00e1tica Eficaz<\/h3>\n\n\n\n<h4 class=\"wp-block-heading\">1. <strong>Explora\u00e7\u00e3o de Diferentes M\u00e9todos:<\/strong><\/h4>\n\n\n\n<p>O primeiro passo para uma pr\u00e1tica meditativa bem-sucedida \u00e9 explorar diferentes t\u00e9cnicas. Tente medita\u00e7\u00f5es focadas na respira\u00e7\u00e3o, pr\u00e1ticas de mindfulness, medita\u00e7\u00f5es guiadas ou com mantras, at\u00e9 encontrar aquela que melhor se adapta a voc\u00ea. N\u00e3o h\u00e1 problema em experimentar \u2014 a medita\u00e7\u00e3o \u00e9 uma pr\u00e1tica de autodescoberta, e esse processo de tentativa e erro \u00e9 essencial para encontrar o m\u00e9todo certo.<\/p>\n\n\n\n<h4 class=\"wp-block-heading\">2. <strong>Comece com o B\u00e1sico:<\/strong><\/h4>\n\n\n\n<p>Muitas vezes, os iniciantes tentam m\u00e9todos muito avan\u00e7ados sem ter a base s\u00f3lida. Comece com t\u00e9cnicas simples, como observar a respira\u00e7\u00e3o ou praticar o mindfulness no momento presente. Essas pr\u00e1ticas formam a base sobre a qual voc\u00ea pode construir pr\u00e1ticas mais complexas no futuro. A paci\u00eancia \u00e9 a chave aqui: a medita\u00e7\u00e3o \u00e9 uma habilidade que se desenvolve com o tempo, e a pr\u00e1tica constante \u00e9 a \u00fanica maneira de aprimor\u00e1-la.<\/p>\n\n\n\n<h4 class=\"wp-block-heading\">3. <strong>Aten\u00e7\u00e3o ao Corpo e \u00e0 Mente:<\/strong><\/h4>\n\n\n\n<p>O m\u00e9todo de medita\u00e7\u00e3o tamb\u00e9m deve levar em considera\u00e7\u00e3o o estado f\u00edsico e mental do praticante. Se o corpo est\u00e1 tenso ou se a mente est\u00e1 agitada, t\u00e9cnicas como o relaxamento corporal ou o foco na respira\u00e7\u00e3o podem ser mais eficazes do que tentar &#8220;for\u00e7ar&#8221; um estado de medita\u00e7\u00e3o profunda. Preste aten\u00e7\u00e3o aos sinais do seu corpo e de sua mente, e ajuste o m\u00e9todo conforme necess\u00e1rio. A flexibilidade e a escuta de si mesmo s\u00e3o essenciais para uma pr\u00e1tica bem-sucedida.<\/p>\n\n\n\n<h4 class=\"wp-block-heading\">4. <strong>Consist\u00eancia ao Inv\u00e9s de Perfei\u00e7\u00e3o:<\/strong><\/h4>\n\n\n\n<p>Muitas pessoas se afastam da medita\u00e7\u00e3o porque n\u00e3o conseguem manter uma pr\u00e1tica consistente. O segredo n\u00e3o est\u00e1 em fazer uma medita\u00e7\u00e3o perfeita, mas em praticar regularmente, mesmo que por pouco tempo. A medita\u00e7\u00e3o \u00e9 uma habilidade que melhora com a pr\u00e1tica constante, n\u00e3o com a perfei\u00e7\u00e3o imediata.<\/p>\n\n\n\n<h3 class=\"wp-block-heading\">Encontrando o M\u00e9todo Certo e Abra\u00e7ando a Jornada<\/h3>\n\n\n\n<p>O verdadeiro problema da medita\u00e7\u00e3o n\u00e3o est\u00e1 na pr\u00e1tica em si, mas no m\u00e9todo escolhido para ela. A medita\u00e7\u00e3o \u00e9 uma ferramenta profunda e poderosa, mas para que ela funcione de maneira eficaz, \u00e9 essencial escolher o m\u00e9todo que melhor ressoe com a pessoa, levando em conta suas caracter\u00edsticas individuais, estado mental e f\u00edsico. A flexibilidade, paci\u00eancia e consist\u00eancia s\u00e3o as chaves para uma pr\u00e1tica bem-sucedida.<\/p>\n\n\n\n<p>Ao ajustarmos o m\u00e9todo, experimentarmos diferentes abordagens e acolhermos o processo com mente aberta e sem pressa, podemos desbloquear o potencial transformador da medita\u00e7\u00e3o. A verdadeira pr\u00e1tica meditativa n\u00e3o se resume a &#8220;fazer certo&#8221;, mas a estar presente no momento e permitir que o m\u00e9todo escolhido nos guie suavemente para o autoconhecimento, a paz interior e a expans\u00e3o da consci\u00eancia.<\/p>\n\n\n\n<p>Lembre-se: a medita\u00e7\u00e3o n\u00e3o \u00e9 uma t\u00e9cnica a ser dominada, mas um caminho a ser percorrido.<\/p>\n\n\n\n<p><\/p>\n\n\n\n<p><\/p>\n\n\n\n<p><mark style=\"background-color:rgba(0, 0, 0, 0);color:#ffffff\" class=\"has-inline-color\">.<\/mark><\/p>\n\n\n\n<p><mark style=\"background-color:rgba(0, 0, 0, 0);color:#ffffff\" class=\"has-inline-color\">.<\/mark><\/p>\n\n\n\n<p>\ud83c\udfa7 <strong>Playlist completa desse epis\u00f3dio no Youtube!<\/strong><\/p>\n\n\n\n<figure class=\"wp-block-embed is-type-video is-provider-youtube wp-block-embed-youtube wp-embed-aspect-16-9 wp-has-aspect-ratio\"><div class=\"wp-block-embed__wrapper\">\n<iframe loading=\"lazy\" title=\"Meditantes PodCast #44\" width=\"500\" height=\"281\" src=\"https:\/\/www.youtube.com\/embed\/videoseries?list=PLjXLCSmO7rtrjLj5ySldSN4JsAqYW7pMT\" frameborder=\"0\" allow=\"accelerometer; autoplay; clipboard-write; encrypted-media; gyroscope; picture-in-picture; web-share\" referrerpolicy=\"strict-origin-when-cross-origin\" allowfullscreen><\/iframe>\n<\/div><\/figure>\n\n\n\n<p><mark style=\"background-color:rgba(0, 0, 0, 0);color:#ffffff\" class=\"has-inline-color\">.<\/mark><\/p>\n\n\n\n<p><mark style=\"background-color:rgba(0, 0, 0, 0);color:#ffffff\" class=\"has-inline-color\">.<\/mark><\/p>\n\n\n\n<p>\ud83c\udfa7 <strong>Playlist completa desse epis\u00f3dio no Spotify<\/strong><\/p>\n\n\n\n<figure class=\"wp-block-embed is-type-rich is-provider-spotify wp-block-embed-spotify wp-embed-aspect-21-9 wp-has-aspect-ratio\"><div class=\"wp-block-embed__wrapper\">\n<iframe title=\"Spotify Embed: Meditantes PodCast #44\" style=\"border-radius: 12px\" width=\"100%\" height=\"352\" frameborder=\"0\" allowfullscreen allow=\"autoplay; clipboard-write; encrypted-media; fullscreen; picture-in-picture\" loading=\"lazy\" src=\"https:\/\/open.spotify.com\/embed\/playlist\/20ONi8NAuZCDBDVzuA7lMX?utm_source=oembed\"><\/iframe>\n<\/div><\/figure>\n\n\n\n<p><mark style=\"background-color:rgba(0, 0, 0, 0);color:#ffffff\" class=\"has-inline-color\">.<\/mark><\/p>\n\n\n\n<p><strong>Gostou?&nbsp;Comenta, compartilha\u2026<\/strong><\/p>\n\n\n\n<p><\/p>\n\n\n\n<p><\/p>\n","protected":false},"excerpt":{"rendered":"<p>O verdadeiro poder da medita\u00e7\u00e3o n\u00e3o reside na pr\u00e1tica em si, mas na qualidade e no m\u00e9todo que escolhemos para&hellip;<\/p>\n","protected":false},"author":1,"featured_media":0,"comment_status":"open","ping_status":"open","sticky":false,"template":"","format":"standard","meta":{"footnotes":""},"categories":[18,4,137],"tags":[],"class_list":["post-4012","post","type-post","status-publish","format-standard","hentry","category-temporada01","category-meditantes-podcast","category-meditantes-podcast-44"],"_links":{"self":[{"href":"https:\/\/meditantes.com.br\/news\/index.php?rest_route=\/wp\/v2\/posts\/4012","targetHints":{"allow":["GET"]}}],"collection":[{"href":"https:\/\/meditantes.com.br\/news\/index.php?rest_route=\/wp\/v2\/posts"}],"about":[{"href":"https:\/\/meditantes.com.br\/news\/index.php?rest_route=\/wp\/v2\/types\/post"}],"author":[{"embeddable":true,"href":"https:\/\/meditantes.com.br\/news\/index.php?rest_route=\/wp\/v2\/users\/1"}],"replies":[{"embeddable":true,"href":"https:\/\/meditantes.com.br\/news\/index.php?rest_route=%2Fwp%2Fv2%2Fcomments&post=4012"}],"version-history":[{"count":1,"href":"https:\/\/meditantes.com.br\/news\/index.php?rest_route=\/wp\/v2\/posts\/4012\/revisions"}],"predecessor-version":[{"id":4013,"href":"https:\/\/meditantes.com.br\/news\/index.php?rest_route=\/wp\/v2\/posts\/4012\/revisions\/4013"}],"wp:attachment":[{"href":"https:\/\/meditantes.com.br\/news\/index.php?rest_route=%2Fwp%2Fv2%2Fmedia&parent=4012"}],"wp:term":[{"taxonomy":"category","embeddable":true,"href":"https:\/\/meditantes.com.br\/news\/index.php?rest_route=%2Fwp%2Fv2%2Fcategories&post=4012"},{"taxonomy":"post_tag","embeddable":true,"href":"https:\/\/meditantes.com.br\/news\/index.php?rest_route=%2Fwp%2Fv2%2Ftags&post=4012"}],"curies":[{"name":"wp","href":"https:\/\/api.w.org\/{rel}","templated":true}]}}